{"id":1025,"date":"2023-09-28T18:00:47","date_gmt":"2023-09-28T16:00:47","guid":{"rendered":"https:\/\/rck.tehnicka-skola-karlovac.hr\/struka-i-ti\/?p=1025"},"modified":"2023-10-27T10:28:26","modified_gmt":"2023-10-27T08:28:26","slug":"utrka-solarnih-automobila-fastsolar-u-karlovcu","status":"publish","type":"post","link":"https:\/\/rck.tehnicka-skola-karlovac.hr\/struka-i-ti\/utrka-solarnih-automobila-fastsolar-u-karlovcu\/","title":{"rendered":"Utrka solarnih automobila Fast&#038;Solar u Karlovcu"},"content":{"rendered":"<p><img loading=\"lazy\" decoding=\"async\" class=\"alignnone size-full wp-image-1026\" src=\"https:\/\/rck.tehnicka-skola-karlovac.hr\/struka-i-ti\/wp-content\/uploads\/2023\/10\/vlcsnap-2023-10-26-10h37m41s915.jpg\" alt=\"\" width=\"1920\" height=\"1080\" srcset=\"https:\/\/rck.tehnicka-skola-karlovac.hr\/struka-i-ti\/wp-content\/uploads\/2023\/10\/vlcsnap-2023-10-26-10h37m41s915.jpg 1920w, https:\/\/rck.tehnicka-skola-karlovac.hr\/struka-i-ti\/wp-content\/uploads\/2023\/10\/vlcsnap-2023-10-26-10h37m41s915-1280x720.jpg 1280w, https:\/\/rck.tehnicka-skola-karlovac.hr\/struka-i-ti\/wp-content\/uploads\/2023\/10\/vlcsnap-2023-10-26-10h37m41s915-480x270.jpg 480w\" sizes=\"(min-width: 0px) and (max-width: 480px) 480px, (min-width: 481px) and (max-width: 1280px) 1280px, (min-width: 1281px) 1920px, 100vw\" \/>Sun\u010dan dan i puno veselih u\u010denika,idealni uvjeti za izlo\u017ebu solarnih automobila u Karlovcu FAST&amp;SOLAR, 26.09.2023.<\/p>\n<p>U sklopu projekta \u201eStruka i ti\u201c uz prekrasnu Koranu 27.09.2023. odr\u017eano je natjecanje FAST&amp;SOLAR. Pravo sportsko natjecanje, uzbu\u0111enja kad padne zastavica na startu i kad se uleti u cilj &#8211; navijanje, pohvale i poneko razo\u010daranje, tehni\u010dka pote\u0161ko\u0107a. Od svega je najljep\u0161e bilo kad su u\u010denici iz razli\u010ditih timova, pomagali onima kojima ne\u0161to zapne &#8211; bez obzira na natjecateljske boje.<\/p>\n<p>Kako je bilo na utrci pogledajte video na KA-U\u010c TV: <a href=\"https:\/\/youtu.be\/6llMtB2r2_s\">FAST&amp;SOLAR Karlovac<\/a><\/p>\n<p><img loading=\"lazy\" decoding=\"async\" class=\"alignnone size-full wp-image-1031\" src=\"https:\/\/rck.tehnicka-skola-karlovac.hr\/struka-i-ti\/wp-content\/uploads\/2023\/10\/vlcsnap-2023-10-26-10h40m36s523.jpg\" alt=\"\" width=\"1920\" height=\"1080\" srcset=\"https:\/\/rck.tehnicka-skola-karlovac.hr\/struka-i-ti\/wp-content\/uploads\/2023\/10\/vlcsnap-2023-10-26-10h40m36s523.jpg 1920w, https:\/\/rck.tehnicka-skola-karlovac.hr\/struka-i-ti\/wp-content\/uploads\/2023\/10\/vlcsnap-2023-10-26-10h40m36s523-1280x720.jpg 1280w, https:\/\/rck.tehnicka-skola-karlovac.hr\/struka-i-ti\/wp-content\/uploads\/2023\/10\/vlcsnap-2023-10-26-10h40m36s523-480x270.jpg 480w\" sizes=\"(min-width: 0px) and (max-width: 480px) 480px, (min-width: 481px) and (max-width: 1280px) 1280px, (min-width: 1281px) 1920px, 100vw\" \/><\/p>\n<p><img loading=\"lazy\" decoding=\"async\" class=\"alignnone size-full wp-image-1030\" src=\"https:\/\/rck.tehnicka-skola-karlovac.hr\/struka-i-ti\/wp-content\/uploads\/2023\/10\/vlcsnap-2023-10-26-10h39m50s423.jpg\" alt=\"\" width=\"1920\" height=\"1080\" srcset=\"https:\/\/rck.tehnicka-skola-karlovac.hr\/struka-i-ti\/wp-content\/uploads\/2023\/10\/vlcsnap-2023-10-26-10h39m50s423.jpg 1920w, https:\/\/rck.tehnicka-skola-karlovac.hr\/struka-i-ti\/wp-content\/uploads\/2023\/10\/vlcsnap-2023-10-26-10h39m50s423-1280x720.jpg 1280w, https:\/\/rck.tehnicka-skola-karlovac.hr\/struka-i-ti\/wp-content\/uploads\/2023\/10\/vlcsnap-2023-10-26-10h39m50s423-480x270.jpg 480w\" sizes=\"(min-width: 0px) and (max-width: 480px) 480px, (min-width: 481px) and (max-width: 1280px) 1280px, (min-width: 1281px) 1920px, 100vw\" \/><\/p>\n<div class=\"et_pb_slider et_pb_slider_fullwidth_off et_pb_gallery_post_type\">\n\t\t\t\t<div class=\"et_pb_slides\">\n\t\t\t\t\t<div class=\"et_pb_slide\" style=\"background: url(https:\/\/rck.tehnicka-skola-karlovac.hr\/struka-i-ti\/wp-content\/uploads\/2023\/09\/vlcsnap-2023-10-26-12h37m50s477.jpg);\"><\/div><div class=\"et_pb_slide\" style=\"background: url(https:\/\/rck.tehnicka-skola-karlovac.hr\/struka-i-ti\/wp-content\/uploads\/2023\/09\/vlcsnap-2023-10-26-12h33m51s540.jpg);\"><\/div><div class=\"et_pb_slide\" style=\"background: url(https:\/\/rck.tehnicka-skola-karlovac.hr\/struka-i-ti\/wp-content\/uploads\/2023\/09\/vlcsnap-2023-10-26-12h32m19s303.jpg);\"><\/div><div class=\"et_pb_slide\" style=\"background: url(https:\/\/rck.tehnicka-skola-karlovac.hr\/struka-i-ti\/wp-content\/uploads\/2023\/09\/vlcsnap-2023-10-26-12h29m26s823.jpg);\"><\/div><div class=\"et_pb_slide\" style=\"background: url(https:\/\/rck.tehnicka-skola-karlovac.hr\/struka-i-ti\/wp-content\/uploads\/2023\/09\/vlcsnap-2023-10-26-12h29m56s144.jpg);\"><\/div><div class=\"et_pb_slide\" style=\"background: url(https:\/\/rck.tehnicka-skola-karlovac.hr\/struka-i-ti\/wp-content\/uploads\/2023\/09\/vlcsnap-2023-10-26-12h28m27s353.jpg);\"><\/div><div class=\"et_pb_slide\" style=\"background: url(https:\/\/rck.tehnicka-skola-karlovac.hr\/struka-i-ti\/wp-content\/uploads\/2023\/09\/vlcsnap-2023-10-26-12h26m45s140.jpg);\"><\/div><div class=\"et_pb_slide\" style=\"background: url(https:\/\/rck.tehnicka-skola-karlovac.hr\/struka-i-ti\/wp-content\/uploads\/2023\/09\/vlcsnap-2023-10-26-12h26m25s504.jpg);\"><\/div><div class=\"et_pb_slide\" style=\"background: url(https:\/\/rck.tehnicka-skola-karlovac.hr\/struka-i-ti\/wp-content\/uploads\/2023\/09\/vlcsnap-2023-10-26-12h37m26s005.jpg);\"><\/div><div class=\"et_pb_slide\" style=\"background: url(https:\/\/rck.tehnicka-skola-karlovac.hr\/struka-i-ti\/wp-content\/uploads\/2023\/09\/vlcsnap-2023-10-26-12h28m13s473.jpg);\"><\/div><div class=\"et_pb_slide\" style=\"background: url(https:\/\/rck.tehnicka-skola-karlovac.hr\/struka-i-ti\/wp-content\/uploads\/2023\/09\/vlcsnap-2023-10-26-12h22m29s197.jpg);\"><\/div><div class=\"et_pb_slide\" style=\"background: url(https:\/\/rck.tehnicka-skola-karlovac.hr\/struka-i-ti\/wp-content\/uploads\/2023\/09\/vlcsnap-2023-10-26-12h23m17s613.jpg);\"><\/div><div class=\"et_pb_slide\" style=\"background: url(https:\/\/rck.tehnicka-skola-karlovac.hr\/struka-i-ti\/wp-content\/uploads\/2023\/09\/vlcsnap-2023-10-26-12h24m17s196.jpg);\"><\/div><div class=\"et_pb_slide\" style=\"background: url(https:\/\/rck.tehnicka-skola-karlovac.hr\/struka-i-ti\/wp-content\/uploads\/2023\/09\/vlcsnap-2023-10-26-12h20m56s273.jpg);\"><\/div><div class=\"et_pb_slide\" style=\"background: url(https:\/\/rck.tehnicka-skola-karlovac.hr\/struka-i-ti\/wp-content\/uploads\/2023\/09\/vlcsnap-2023-10-26-12h21m35s191.jpg);\"><\/div><div class=\"et_pb_slide\" style=\"background: url(https:\/\/rck.tehnicka-skola-karlovac.hr\/struka-i-ti\/wp-content\/uploads\/2023\/10\/vlcsnap-2023-10-26-10h41m20s778.jpg);\"><\/div><div class=\"et_pb_slide\" style=\"background: url(https:\/\/rck.tehnicka-skola-karlovac.hr\/struka-i-ti\/wp-content\/uploads\/2023\/10\/vlcsnap-2023-10-26-10h44m09s602.jpg);\"><\/div><div class=\"et_pb_slide\" style=\"background: url(https:\/\/rck.tehnicka-skola-karlovac.hr\/struka-i-ti\/wp-content\/uploads\/2023\/09\/vlcsnap-2023-10-26-12h19m35s108.jpg);\"><\/div><div class=\"et_pb_slide\" style=\"background: url(https:\/\/rck.tehnicka-skola-karlovac.hr\/struka-i-ti\/wp-content\/uploads\/2023\/09\/vlcsnap-2023-10-26-12h18m49s639.jpg);\"><\/div><div class=\"et_pb_slide\" style=\"background: url(https:\/\/rck.tehnicka-skola-karlovac.hr\/struka-i-ti\/wp-content\/uploads\/2023\/09\/vlcsnap-2023-10-26-12h24m35s496.jpg);\"><\/div><div class=\"et_pb_slide\" style=\"background: url(https:\/\/rck.tehnicka-skola-karlovac.hr\/struka-i-ti\/wp-content\/uploads\/2023\/09\/vlcsnap-2023-10-26-12h26m03s551.jpg);\"><\/div><div class=\"et_pb_slide\" style=\"background: url(https:\/\/rck.tehnicka-skola-karlovac.hr\/struka-i-ti\/wp-content\/uploads\/2023\/09\/vlcsnap-2023-10-26-12h39m03s418.jpg);\"><\/div>\n\t\t\t\t<\/div>\n\t\t\t<\/div>\n<p>&nbsp;<\/p>\n<p>&nbsp;<\/p>\n<p>&nbsp;<\/p>\n","protected":false},"excerpt":{"rendered":"<p>Sun\u010dan dan i puno veselih u\u010denika,idealni uvjeti za izlo\u017ebu solarnih automobila u Karlovcu FAST&amp;SOLAR, 26.09.2023. U sklopu projekta \u201eStruka i ti\u201c uz prekrasnu Koranu 27.09.2023. odr\u017eano je natjecanje FAST&amp;SOLAR. Pravo sportsko natjecanje, uzbu\u0111enja kad padne zastavica na startu i kad se uleti u cilj &#8211; navijanje, pohvale i poneko razo\u010daranje, tehni\u010dka pote\u0161ko\u0107a. Od svega je [&hellip;]<\/p>\n","protected":false},"author":4,"featured_media":1028,"comment_status":"open","ping_status":"open","sticky":false,"template":"","format":"standard","meta":{"_et_pb_use_builder":"","_et_pb_old_content":"","_et_gb_content_width":"","footnotes":""},"categories":[1],"tags":[],"class_list":["post-1025","post","type-post","status-publish","format-standard","has-post-thumbnail","hentry","category-novosti"],"yoast_head":"<!-- This site is optimized with the Yoast SEO plugin v27.3 - https:\/\/yoast.com\/product\/yoast-seo-wordpress\/ -->\n<title>Utrka solarnih automobila Fast&amp;Solar u Karlovcu - STRuKA i TI<\/title>\n<meta name=\"robots\" content=\"index, follow, max-snippet:-1, max-image-preview:large, max-video-preview:-1\" \/>\n<link rel=\"canonical\" href=\"https:\/\/rck.tehnicka-skola-karlovac.hr\/struka-i-ti\/utrka-solarnih-automobila-fastsolar-u-karlovcu\/\" \/>\n<meta property=\"og:locale\" content=\"hr_HR\" \/>\n<meta property=\"og:type\" content=\"article\" \/>\n<meta property=\"og:title\" content=\"Utrka solarnih automobila Fast&amp;Solar u Karlovcu - STRuKA i TI\" \/>\n<meta property=\"og:description\" content=\"Sun\u010dan dan i puno veselih u\u010denika,idealni uvjeti za izlo\u017ebu solarnih automobila u Karlovcu FAST&amp;SOLAR, 26.09.2023. U sklopu projekta \u201eStruka i ti\u201c uz prekrasnu Koranu 27.09.2023. odr\u017eano je natjecanje FAST&amp;SOLAR. Pravo sportsko natjecanje, uzbu\u0111enja kad padne zastavica na startu i kad se uleti u cilj &#8211; navijanje, pohvale i poneko razo\u010daranje, tehni\u010dka pote\u0161ko\u0107a. Od svega je [&hellip;]\" \/>\n<meta property=\"og:url\" content=\"https:\/\/rck.tehnicka-skola-karlovac.hr\/struka-i-ti\/utrka-solarnih-automobila-fastsolar-u-karlovcu\/\" \/>\n<meta property=\"og:site_name\" content=\"STRuKA i TI\" \/>\n<meta property=\"article:published_time\" content=\"2023-09-28T16:00:47+00:00\" \/>\n<meta property=\"article:modified_time\" content=\"2023-10-27T08:28:26+00:00\" \/>\n<meta property=\"og:image\" content=\"https:\/\/rck.tehnicka-skola-karlovac.hr\/struka-i-ti\/wp-content\/uploads\/2023\/10\/vlcsnap-2023-10-26-10h38m57s184.jpg\" \/>\n\t<meta property=\"og:image:width\" content=\"1920\" \/>\n\t<meta property=\"og:image:height\" content=\"1080\" \/>\n\t<meta property=\"og:image:type\" content=\"image\/jpeg\" \/>\n<meta name=\"author\" content=\"STRuKA i TI\" \/>\n<meta name=\"twitter:card\" content=\"summary_large_image\" \/>\n<meta name=\"twitter:label1\" content=\"Napisao\/la\" \/>\n\t<meta name=\"twitter:data1\" content=\"STRuKA i TI\" \/>\n\t<meta name=\"twitter:label2\" content=\"Procijenjeno vrijeme \u010ditanja\" \/>\n\t<meta name=\"twitter:data2\" content=\"2 minute\" \/>\n<script type=\"application\/ld+json\" class=\"yoast-schema-graph\">{\"@context\":\"https:\\\/\\\/schema.org\",\"@graph\":[{\"@type\":\"Article\",\"@id\":\"https:\\\/\\\/rck.tehnicka-skola-karlovac.hr\\\/struka-i-ti\\\/utrka-solarnih-automobila-fastsolar-u-karlovcu\\\/#article\",\"isPartOf\":{\"@id\":\"https:\\\/\\\/rck.tehnicka-skola-karlovac.hr\\\/struka-i-ti\\\/utrka-solarnih-automobila-fastsolar-u-karlovcu\\\/\"},\"author\":{\"name\":\"STRuKA i TI\",\"@id\":\"https:\\\/\\\/rck.tehnicka-skola-karlovac.hr\\\/struka-i-ti\\\/#\\\/schema\\\/person\\\/585031446d554a86a48d57179b6bfda1\"},\"headline\":\"Utrka solarnih automobila Fast&#038;Solar u Karlovcu\",\"datePublished\":\"2023-09-28T16:00:47+00:00\",\"dateModified\":\"2023-10-27T08:28:26+00:00\",\"mainEntityOfPage\":{\"@id\":\"https:\\\/\\\/rck.tehnicka-skola-karlovac.hr\\\/struka-i-ti\\\/utrka-solarnih-automobila-fastsolar-u-karlovcu\\\/\"},\"wordCount\":118,\"commentCount\":0,\"image\":{\"@id\":\"https:\\\/\\\/rck.tehnicka-skola-karlovac.hr\\\/struka-i-ti\\\/utrka-solarnih-automobila-fastsolar-u-karlovcu\\\/#primaryimage\"},\"thumbnailUrl\":\"https:\\\/\\\/rck.tehnicka-skola-karlovac.hr\\\/struka-i-ti\\\/wp-content\\\/uploads\\\/2023\\\/10\\\/vlcsnap-2023-10-26-10h38m57s184.jpg\",\"articleSection\":[\"Novosti\"],\"inLanguage\":\"hr\",\"potentialAction\":[{\"@type\":\"CommentAction\",\"name\":\"Comment\",\"target\":[\"https:\\\/\\\/rck.tehnicka-skola-karlovac.hr\\\/struka-i-ti\\\/utrka-solarnih-automobila-fastsolar-u-karlovcu\\\/#respond\"]}]},{\"@type\":\"WebPage\",\"@id\":\"https:\\\/\\\/rck.tehnicka-skola-karlovac.hr\\\/struka-i-ti\\\/utrka-solarnih-automobila-fastsolar-u-karlovcu\\\/\",\"url\":\"https:\\\/\\\/rck.tehnicka-skola-karlovac.hr\\\/struka-i-ti\\\/utrka-solarnih-automobila-fastsolar-u-karlovcu\\\/\",\"name\":\"Utrka solarnih automobila Fast&Solar u Karlovcu - STRuKA i TI\",\"isPartOf\":{\"@id\":\"https:\\\/\\\/rck.tehnicka-skola-karlovac.hr\\\/struka-i-ti\\\/#website\"},\"primaryImageOfPage\":{\"@id\":\"https:\\\/\\\/rck.tehnicka-skola-karlovac.hr\\\/struka-i-ti\\\/utrka-solarnih-automobila-fastsolar-u-karlovcu\\\/#primaryimage\"},\"image\":{\"@id\":\"https:\\\/\\\/rck.tehnicka-skola-karlovac.hr\\\/struka-i-ti\\\/utrka-solarnih-automobila-fastsolar-u-karlovcu\\\/#primaryimage\"},\"thumbnailUrl\":\"https:\\\/\\\/rck.tehnicka-skola-karlovac.hr\\\/struka-i-ti\\\/wp-content\\\/uploads\\\/2023\\\/10\\\/vlcsnap-2023-10-26-10h38m57s184.jpg\",\"datePublished\":\"2023-09-28T16:00:47+00:00\",\"dateModified\":\"2023-10-27T08:28:26+00:00\",\"author\":{\"@id\":\"https:\\\/\\\/rck.tehnicka-skola-karlovac.hr\\\/struka-i-ti\\\/#\\\/schema\\\/person\\\/585031446d554a86a48d57179b6bfda1\"},\"breadcrumb\":{\"@id\":\"https:\\\/\\\/rck.tehnicka-skola-karlovac.hr\\\/struka-i-ti\\\/utrka-solarnih-automobila-fastsolar-u-karlovcu\\\/#breadcrumb\"},\"inLanguage\":\"hr\",\"potentialAction\":[{\"@type\":\"ReadAction\",\"target\":[\"https:\\\/\\\/rck.tehnicka-skola-karlovac.hr\\\/struka-i-ti\\\/utrka-solarnih-automobila-fastsolar-u-karlovcu\\\/\"]}]},{\"@type\":\"ImageObject\",\"inLanguage\":\"hr\",\"@id\":\"https:\\\/\\\/rck.tehnicka-skola-karlovac.hr\\\/struka-i-ti\\\/utrka-solarnih-automobila-fastsolar-u-karlovcu\\\/#primaryimage\",\"url\":\"https:\\\/\\\/rck.tehnicka-skola-karlovac.hr\\\/struka-i-ti\\\/wp-content\\\/uploads\\\/2023\\\/10\\\/vlcsnap-2023-10-26-10h38m57s184.jpg\",\"contentUrl\":\"https:\\\/\\\/rck.tehnicka-skola-karlovac.hr\\\/struka-i-ti\\\/wp-content\\\/uploads\\\/2023\\\/10\\\/vlcsnap-2023-10-26-10h38m57s184.jpg\",\"width\":1920,\"height\":1080},{\"@type\":\"BreadcrumbList\",\"@id\":\"https:\\\/\\\/rck.tehnicka-skola-karlovac.hr\\\/struka-i-ti\\\/utrka-solarnih-automobila-fastsolar-u-karlovcu\\\/#breadcrumb\",\"itemListElement\":[{\"@type\":\"ListItem\",\"position\":1,\"name\":\"Po\u010detna stranica\",\"item\":\"https:\\\/\\\/rck.tehnicka-skola-karlovac.hr\\\/struka-i-ti\\\/\"},{\"@type\":\"ListItem\",\"position\":2,\"name\":\"Utrka solarnih automobila Fast&#038;Solar u Karlovcu\"}]},{\"@type\":\"WebSite\",\"@id\":\"https:\\\/\\\/rck.tehnicka-skola-karlovac.hr\\\/struka-i-ti\\\/#website\",\"url\":\"https:\\\/\\\/rck.tehnicka-skola-karlovac.hr\\\/struka-i-ti\\\/\",\"name\":\"STRuKA i TI\",\"description\":\"Tehni\u010dka \u0161kola Karlovac\",\"potentialAction\":[{\"@type\":\"SearchAction\",\"target\":{\"@type\":\"EntryPoint\",\"urlTemplate\":\"https:\\\/\\\/rck.tehnicka-skola-karlovac.hr\\\/struka-i-ti\\\/?s={search_term_string}\"},\"query-input\":{\"@type\":\"PropertyValueSpecification\",\"valueRequired\":true,\"valueName\":\"search_term_string\"}}],\"inLanguage\":\"hr\"},{\"@type\":\"Person\",\"@id\":\"https:\\\/\\\/rck.tehnicka-skola-karlovac.hr\\\/struka-i-ti\\\/#\\\/schema\\\/person\\\/585031446d554a86a48d57179b6bfda1\",\"name\":\"STRuKA i TI\",\"image\":{\"@type\":\"ImageObject\",\"inLanguage\":\"hr\",\"@id\":\"https:\\\/\\\/secure.gravatar.com\\\/avatar\\\/70eb0841c543fac3f70af9f48ec0107ee1c46a76f52504ab46db95419956efea?s=96&d=mm&r=g\",\"url\":\"https:\\\/\\\/secure.gravatar.com\\\/avatar\\\/70eb0841c543fac3f70af9f48ec0107ee1c46a76f52504ab46db95419956efea?s=96&d=mm&r=g\",\"contentUrl\":\"https:\\\/\\\/secure.gravatar.com\\\/avatar\\\/70eb0841c543fac3f70af9f48ec0107ee1c46a76f52504ab46db95419956efea?s=96&d=mm&r=g\",\"caption\":\"STRuKA i TI\"},\"url\":\"https:\\\/\\\/rck.tehnicka-skola-karlovac.hr\\\/struka-i-ti\\\/author\\\/rck-struka\\\/\"}]}<\/script>\n<!-- \/ Yoast SEO plugin. -->","yoast_head_json":{"title":"Utrka solarnih automobila Fast&Solar u Karlovcu - STRuKA i TI","robots":{"index":"index","follow":"follow","max-snippet":"max-snippet:-1","max-image-preview":"max-image-preview:large","max-video-preview":"max-video-preview:-1"},"canonical":"https:\/\/rck.tehnicka-skola-karlovac.hr\/struka-i-ti\/utrka-solarnih-automobila-fastsolar-u-karlovcu\/","og_locale":"hr_HR","og_type":"article","og_title":"Utrka solarnih automobila Fast&Solar u Karlovcu - STRuKA i TI","og_description":"Sun\u010dan dan i puno veselih u\u010denika,idealni uvjeti za izlo\u017ebu solarnih automobila u Karlovcu FAST&amp;SOLAR, 26.09.2023. U sklopu projekta \u201eStruka i ti\u201c uz prekrasnu Koranu 27.09.2023. odr\u017eano je natjecanje FAST&amp;SOLAR. Pravo sportsko natjecanje, uzbu\u0111enja kad padne zastavica na startu i kad se uleti u cilj &#8211; navijanje, pohvale i poneko razo\u010daranje, tehni\u010dka pote\u0161ko\u0107a. Od svega je [&hellip;]","og_url":"https:\/\/rck.tehnicka-skola-karlovac.hr\/struka-i-ti\/utrka-solarnih-automobila-fastsolar-u-karlovcu\/","og_site_name":"STRuKA i TI","article_published_time":"2023-09-28T16:00:47+00:00","article_modified_time":"2023-10-27T08:28:26+00:00","og_image":[{"width":1920,"height":1080,"url":"https:\/\/rck.tehnicka-skola-karlovac.hr\/struka-i-ti\/wp-content\/uploads\/2023\/10\/vlcsnap-2023-10-26-10h38m57s184.jpg","type":"image\/jpeg"}],"author":"STRuKA i TI","twitter_card":"summary_large_image","twitter_misc":{"Napisao\/la":"STRuKA i TI","Procijenjeno vrijeme \u010ditanja":"2 minute"},"schema":{"@context":"https:\/\/schema.org","@graph":[{"@type":"Article","@id":"https:\/\/rck.tehnicka-skola-karlovac.hr\/struka-i-ti\/utrka-solarnih-automobila-fastsolar-u-karlovcu\/#article","isPartOf":{"@id":"https:\/\/rck.tehnicka-skola-karlovac.hr\/struka-i-ti\/utrka-solarnih-automobila-fastsolar-u-karlovcu\/"},"author":{"name":"STRuKA i TI","@id":"https:\/\/rck.tehnicka-skola-karlovac.hr\/struka-i-ti\/#\/schema\/person\/585031446d554a86a48d57179b6bfda1"},"headline":"Utrka solarnih automobila Fast&#038;Solar u Karlovcu","datePublished":"2023-09-28T16:00:47+00:00","dateModified":"2023-10-27T08:28:26+00:00","mainEntityOfPage":{"@id":"https:\/\/rck.tehnicka-skola-karlovac.hr\/struka-i-ti\/utrka-solarnih-automobila-fastsolar-u-karlovcu\/"},"wordCount":118,"commentCount":0,"image":{"@id":"https:\/\/rck.tehnicka-skola-karlovac.hr\/struka-i-ti\/utrka-solarnih-automobila-fastsolar-u-karlovcu\/#primaryimage"},"thumbnailUrl":"https:\/\/rck.tehnicka-skola-karlovac.hr\/struka-i-ti\/wp-content\/uploads\/2023\/10\/vlcsnap-2023-10-26-10h38m57s184.jpg","articleSection":["Novosti"],"inLanguage":"hr","potentialAction":[{"@type":"CommentAction","name":"Comment","target":["https:\/\/rck.tehnicka-skola-karlovac.hr\/struka-i-ti\/utrka-solarnih-automobila-fastsolar-u-karlovcu\/#respond"]}]},{"@type":"WebPage","@id":"https:\/\/rck.tehnicka-skola-karlovac.hr\/struka-i-ti\/utrka-solarnih-automobila-fastsolar-u-karlovcu\/","url":"https:\/\/rck.tehnicka-skola-karlovac.hr\/struka-i-ti\/utrka-solarnih-automobila-fastsolar-u-karlovcu\/","name":"Utrka solarnih automobila Fast&Solar u Karlovcu - STRuKA i TI","isPartOf":{"@id":"https:\/\/rck.tehnicka-skola-karlovac.hr\/struka-i-ti\/#website"},"primaryImageOfPage":{"@id":"https:\/\/rck.tehnicka-skola-karlovac.hr\/struka-i-ti\/utrka-solarnih-automobila-fastsolar-u-karlovcu\/#primaryimage"},"image":{"@id":"https:\/\/rck.tehnicka-skola-karlovac.hr\/struka-i-ti\/utrka-solarnih-automobila-fastsolar-u-karlovcu\/#primaryimage"},"thumbnailUrl":"https:\/\/rck.tehnicka-skola-karlovac.hr\/struka-i-ti\/wp-content\/uploads\/2023\/10\/vlcsnap-2023-10-26-10h38m57s184.jpg","datePublished":"2023-09-28T16:00:47+00:00","dateModified":"2023-10-27T08:28:26+00:00","author":{"@id":"https:\/\/rck.tehnicka-skola-karlovac.hr\/struka-i-ti\/#\/schema\/person\/585031446d554a86a48d57179b6bfda1"},"breadcrumb":{"@id":"https:\/\/rck.tehnicka-skola-karlovac.hr\/struka-i-ti\/utrka-solarnih-automobila-fastsolar-u-karlovcu\/#breadcrumb"},"inLanguage":"hr","potentialAction":[{"@type":"ReadAction","target":["https:\/\/rck.tehnicka-skola-karlovac.hr\/struka-i-ti\/utrka-solarnih-automobila-fastsolar-u-karlovcu\/"]}]},{"@type":"ImageObject","inLanguage":"hr","@id":"https:\/\/rck.tehnicka-skola-karlovac.hr\/struka-i-ti\/utrka-solarnih-automobila-fastsolar-u-karlovcu\/#primaryimage","url":"https:\/\/rck.tehnicka-skola-karlovac.hr\/struka-i-ti\/wp-content\/uploads\/2023\/10\/vlcsnap-2023-10-26-10h38m57s184.jpg","contentUrl":"https:\/\/rck.tehnicka-skola-karlovac.hr\/struka-i-ti\/wp-content\/uploads\/2023\/10\/vlcsnap-2023-10-26-10h38m57s184.jpg","width":1920,"height":1080},{"@type":"BreadcrumbList","@id":"https:\/\/rck.tehnicka-skola-karlovac.hr\/struka-i-ti\/utrka-solarnih-automobila-fastsolar-u-karlovcu\/#breadcrumb","itemListElement":[{"@type":"ListItem","position":1,"name":"Po\u010detna stranica","item":"https:\/\/rck.tehnicka-skola-karlovac.hr\/struka-i-ti\/"},{"@type":"ListItem","position":2,"name":"Utrka solarnih automobila Fast&#038;Solar u Karlovcu"}]},{"@type":"WebSite","@id":"https:\/\/rck.tehnicka-skola-karlovac.hr\/struka-i-ti\/#website","url":"https:\/\/rck.tehnicka-skola-karlovac.hr\/struka-i-ti\/","name":"STRuKA i TI","description":"Tehni\u010dka \u0161kola Karlovac","potentialAction":[{"@type":"SearchAction","target":{"@type":"EntryPoint","urlTemplate":"https:\/\/rck.tehnicka-skola-karlovac.hr\/struka-i-ti\/?s={search_term_string}"},"query-input":{"@type":"PropertyValueSpecification","valueRequired":true,"valueName":"search_term_string"}}],"inLanguage":"hr"},{"@type":"Person","@id":"https:\/\/rck.tehnicka-skola-karlovac.hr\/struka-i-ti\/#\/schema\/person\/585031446d554a86a48d57179b6bfda1","name":"STRuKA i TI","image":{"@type":"ImageObject","inLanguage":"hr","@id":"https:\/\/secure.gravatar.com\/avatar\/70eb0841c543fac3f70af9f48ec0107ee1c46a76f52504ab46db95419956efea?s=96&d=mm&r=g","url":"https:\/\/secure.gravatar.com\/avatar\/70eb0841c543fac3f70af9f48ec0107ee1c46a76f52504ab46db95419956efea?s=96&d=mm&r=g","contentUrl":"https:\/\/secure.gravatar.com\/avatar\/70eb0841c543fac3f70af9f48ec0107ee1c46a76f52504ab46db95419956efea?s=96&d=mm&r=g","caption":"STRuKA i TI"},"url":"https:\/\/rck.tehnicka-skola-karlovac.hr\/struka-i-ti\/author\/rck-struka\/"}]}},"_links":{"self":[{"href":"https:\/\/rck.tehnicka-skola-karlovac.hr\/struka-i-ti\/wp-json\/wp\/v2\/posts\/1025","targetHints":{"allow":["GET"]}}],"collection":[{"href":"https:\/\/rck.tehnicka-skola-karlovac.hr\/struka-i-ti\/wp-json\/wp\/v2\/posts"}],"about":[{"href":"https:\/\/rck.tehnicka-skola-karlovac.hr\/struka-i-ti\/wp-json\/wp\/v2\/types\/post"}],"author":[{"embeddable":true,"href":"https:\/\/rck.tehnicka-skola-karlovac.hr\/struka-i-ti\/wp-json\/wp\/v2\/users\/4"}],"replies":[{"embeddable":true,"href":"https:\/\/rck.tehnicka-skola-karlovac.hr\/struka-i-ti\/wp-json\/wp\/v2\/comments?post=1025"}],"version-history":[{"count":3,"href":"https:\/\/rck.tehnicka-skola-karlovac.hr\/struka-i-ti\/wp-json\/wp\/v2\/posts\/1025\/revisions"}],"predecessor-version":[{"id":1100,"href":"https:\/\/rck.tehnicka-skola-karlovac.hr\/struka-i-ti\/wp-json\/wp\/v2\/posts\/1025\/revisions\/1100"}],"wp:featuredmedia":[{"embeddable":true,"href":"https:\/\/rck.tehnicka-skola-karlovac.hr\/struka-i-ti\/wp-json\/wp\/v2\/media\/1028"}],"wp:attachment":[{"href":"https:\/\/rck.tehnicka-skola-karlovac.hr\/struka-i-ti\/wp-json\/wp\/v2\/media?parent=1025"}],"wp:term":[{"taxonomy":"category","embeddable":true,"href":"https:\/\/rck.tehnicka-skola-karlovac.hr\/struka-i-ti\/wp-json\/wp\/v2\/categories?post=1025"},{"taxonomy":"post_tag","embeddable":true,"href":"https:\/\/rck.tehnicka-skola-karlovac.hr\/struka-i-ti\/wp-json\/wp\/v2\/tags?post=1025"}],"curies":[{"name":"wp","href":"https:\/\/api.w.org\/{rel}","templated":true}]}}