{"id":323,"date":"2020-11-28T13:03:17","date_gmt":"2020-11-28T12:03:17","guid":{"rendered":"https:\/\/rck.tehnicka-skola-karlovac.hr\/struka-i-ti\/?p=323"},"modified":"2021-04-12T15:41:09","modified_gmt":"2021-04-12T13:41:09","slug":"odrzana-promocija-rck-tehnicke-skole-karlovac-poduzetnicima","status":"publish","type":"post","link":"https:\/\/rck.tehnicka-skola-karlovac.hr\/struka-i-ti\/odrzana-promocija-rck-tehnicke-skole-karlovac-poduzetnicima\/","title":{"rendered":"Odr\u017eana promocija RCK Tehni\u010dke \u0161kole Karlovac poduzetnicima"},"content":{"rendered":"<p>U sklopu projekta <strong><em>\u201e<\/em>STRuKA i TI<em>\u201c<\/em><\/strong>, a u organizaciji Hrvatske gospodarske komore \u2013 \u017dupanijska komora Karlovac, 27. studenog 2020. godine, odr\u017eana je promocija Regionalnog centra kompetentnosti Tehni\u010dke \u0161kole Karlovac poduzetnicima.<\/p>\n<p>Promocija Centra poduzetnicima\u00a0 dio je kampanje usmjeren na predstavljanje rada Centra i mogu\u0107nosti povezivanja gospodarskog i obrazovnog sektora u podru\u010dju istra\u017eivanja i razvoja.<\/p>\n<p>Zbog epidemiolo\u0161ke situacije promocija Centra organizirana je online te je na njoj sudjelovalo preko 50 sudionika iz javnog i privatnog sektora. Na online predstavljanju sudjelovali su <strong>Martina Furdek Hajdin<\/strong>, do\u017eupanica Karlova\u010dke \u017eupanije, <strong>Damir Mandi\u0107<\/strong>, gradona\u010delnik grada Karlovca, <strong>Zlatko Kuzman<\/strong>, predsjednik \u017dupanijske komore Karlovac te<strong> Zoran Luk\u0161i\u0107<\/strong>, savjetnik ravnatelja Javne ustanove Regionalne razvojne agencije Karlova\u010dke \u017eupanije koji je predstavio projekte Centra u strukovnom obrazovanju.<\/p>\n<p>Organizacija promocije Regionalnog centra kompetentnosti Tehni\u010dke \u0161kole Karlovac sufinancirana je u okviru Operativnog programa U\u010dinkoviti ljudski potencijali 2014.- 2020. iz Europskog socijalnog fonda.<\/p>\n<p><img loading=\"lazy\" decoding=\"async\" class=\"alignnone size-full wp-image-324\" src=\"https:\/\/rck.tehnicka-skola-karlovac.hr\/struka-i-ti\/wp-content\/uploads\/2020\/12\/1-e1608725139684.jpg\" alt=\"\" width=\"847\" height=\"534\" srcset=\"https:\/\/rck.tehnicka-skola-karlovac.hr\/struka-i-ti\/wp-content\/uploads\/2020\/12\/1-e1608725139684.jpg 847w, https:\/\/rck.tehnicka-skola-karlovac.hr\/struka-i-ti\/wp-content\/uploads\/2020\/12\/1-e1608725139684-480x270.jpg 480w\" sizes=\"(min-width: 0px) and (max-width: 480px) 480px, (min-width: 481px) 847px, 100vw\" \/><\/p>\n<p><img loading=\"lazy\" decoding=\"async\" class=\"wp-image-545 aligncenter\" src=\"https:\/\/rck.tehnicka-skola-karlovac.hr\/struka-i-ti\/wp-content\/uploads\/2021\/04\/Lenta-i-tekst.png\" alt=\"\" width=\"377\" height=\"119\" \/><\/p>\n","protected":false},"excerpt":{"rendered":"<p>U sklopu projekta \u201eSTRuKA i TI\u201c, a u organizaciji Hrvatske gospodarske komore \u2013 \u017dupanijska komora Karlovac, 27. studenog 2020. godine, odr\u017eana je promocija Regionalnog centra kompetentnosti Tehni\u010dke \u0161kole Karlovac poduzetnicima. Promocija Centra poduzetnicima\u00a0 dio je kampanje usmjeren na predstavljanje rada Centra i mogu\u0107nosti povezivanja gospodarskog i obrazovnog sektora u podru\u010dju istra\u017eivanja i razvoja. Zbog epidemiolo\u0161ke [&hellip;]<\/p>\n","protected":false},"author":2,"featured_media":324,"comment_status":"open","ping_status":"open","sticky":false,"template":"","format":"standard","meta":{"_et_pb_use_builder":"","_et_pb_old_content":"","_et_gb_content_width":"","footnotes":""},"categories":[1],"tags":[],"class_list":["post-323","post","type-post","status-publish","format-standard","has-post-thumbnail","hentry","category-novosti"],"yoast_head":"<!-- This site is optimized with the Yoast SEO plugin v27.3 - https:\/\/yoast.com\/product\/yoast-seo-wordpress\/ -->\n<title>Odr\u017eana promocija RCK Tehni\u010dke \u0161kole Karlovac poduzetnicima - STRuKA i TI<\/title>\n<meta name=\"robots\" content=\"index, follow, max-snippet:-1, max-image-preview:large, max-video-preview:-1\" \/>\n<link rel=\"canonical\" href=\"https:\/\/rck.tehnicka-skola-karlovac.hr\/struka-i-ti\/odrzana-promocija-rck-tehnicke-skole-karlovac-poduzetnicima\/\" \/>\n<meta property=\"og:locale\" content=\"hr_HR\" \/>\n<meta property=\"og:type\" content=\"article\" \/>\n<meta property=\"og:title\" content=\"Odr\u017eana promocija RCK Tehni\u010dke \u0161kole Karlovac poduzetnicima - STRuKA i TI\" \/>\n<meta property=\"og:description\" content=\"U sklopu projekta \u201eSTRuKA i TI\u201c, a u organizaciji Hrvatske gospodarske komore \u2013 \u017dupanijska komora Karlovac, 27. studenog 2020. godine, odr\u017eana je promocija Regionalnog centra kompetentnosti Tehni\u010dke \u0161kole Karlovac poduzetnicima. Promocija Centra poduzetnicima\u00a0 dio je kampanje usmjeren na predstavljanje rada Centra i mogu\u0107nosti povezivanja gospodarskog i obrazovnog sektora u podru\u010dju istra\u017eivanja i razvoja. Zbog epidemiolo\u0161ke [&hellip;]\" \/>\n<meta property=\"og:url\" content=\"https:\/\/rck.tehnicka-skola-karlovac.hr\/struka-i-ti\/odrzana-promocija-rck-tehnicke-skole-karlovac-poduzetnicima\/\" \/>\n<meta property=\"og:site_name\" content=\"STRuKA i TI\" \/>\n<meta property=\"article:published_time\" content=\"2020-11-28T12:03:17+00:00\" \/>\n<meta property=\"article:modified_time\" content=\"2021-04-12T13:41:09+00:00\" \/>\n<meta property=\"og:image\" content=\"https:\/\/rck.tehnicka-skola-karlovac.hr\/struka-i-ti\/wp-content\/uploads\/2020\/12\/1-e1608725139684.jpg\" \/>\n\t<meta property=\"og:image:width\" content=\"847\" \/>\n\t<meta property=\"og:image:height\" content=\"534\" \/>\n\t<meta property=\"og:image:type\" content=\"image\/jpeg\" \/>\n<meta name=\"author\" content=\"STRuKA i Ti\" \/>\n<meta name=\"twitter:card\" content=\"summary_large_image\" \/>\n<meta name=\"twitter:label1\" content=\"Napisao\/la\" \/>\n\t<meta name=\"twitter:data1\" content=\"STRuKA i Ti\" \/>\n\t<meta name=\"twitter:label2\" content=\"Procijenjeno vrijeme \u010ditanja\" \/>\n\t<meta name=\"twitter:data2\" content=\"1 minuta\" \/>\n<script type=\"application\/ld+json\" class=\"yoast-schema-graph\">{\"@context\":\"https:\\\/\\\/schema.org\",\"@graph\":[{\"@type\":\"Article\",\"@id\":\"https:\\\/\\\/rck.tehnicka-skola-karlovac.hr\\\/struka-i-ti\\\/odrzana-promocija-rck-tehnicke-skole-karlovac-poduzetnicima\\\/#article\",\"isPartOf\":{\"@id\":\"https:\\\/\\\/rck.tehnicka-skola-karlovac.hr\\\/struka-i-ti\\\/odrzana-promocija-rck-tehnicke-skole-karlovac-poduzetnicima\\\/\"},\"author\":{\"name\":\"STRuKA i Ti\",\"@id\":\"https:\\\/\\\/rck.tehnicka-skola-karlovac.hr\\\/struka-i-ti\\\/#\\\/schema\\\/person\\\/f73d84167583d34b7c48debd2dcd75de\"},\"headline\":\"Odr\u017eana promocija RCK Tehni\u010dke \u0161kole Karlovac poduzetnicima\",\"datePublished\":\"2020-11-28T12:03:17+00:00\",\"dateModified\":\"2021-04-12T13:41:09+00:00\",\"mainEntityOfPage\":{\"@id\":\"https:\\\/\\\/rck.tehnicka-skola-karlovac.hr\\\/struka-i-ti\\\/odrzana-promocija-rck-tehnicke-skole-karlovac-poduzetnicima\\\/\"},\"wordCount\":156,\"commentCount\":0,\"image\":{\"@id\":\"https:\\\/\\\/rck.tehnicka-skola-karlovac.hr\\\/struka-i-ti\\\/odrzana-promocija-rck-tehnicke-skole-karlovac-poduzetnicima\\\/#primaryimage\"},\"thumbnailUrl\":\"https:\\\/\\\/rck.tehnicka-skola-karlovac.hr\\\/struka-i-ti\\\/wp-content\\\/uploads\\\/2020\\\/12\\\/1-e1608725139684.jpg\",\"articleSection\":[\"Novosti\"],\"inLanguage\":\"hr\",\"potentialAction\":[{\"@type\":\"CommentAction\",\"name\":\"Comment\",\"target\":[\"https:\\\/\\\/rck.tehnicka-skola-karlovac.hr\\\/struka-i-ti\\\/odrzana-promocija-rck-tehnicke-skole-karlovac-poduzetnicima\\\/#respond\"]}]},{\"@type\":\"WebPage\",\"@id\":\"https:\\\/\\\/rck.tehnicka-skola-karlovac.hr\\\/struka-i-ti\\\/odrzana-promocija-rck-tehnicke-skole-karlovac-poduzetnicima\\\/\",\"url\":\"https:\\\/\\\/rck.tehnicka-skola-karlovac.hr\\\/struka-i-ti\\\/odrzana-promocija-rck-tehnicke-skole-karlovac-poduzetnicima\\\/\",\"name\":\"Odr\u017eana promocija RCK Tehni\u010dke \u0161kole Karlovac poduzetnicima - STRuKA i TI\",\"isPartOf\":{\"@id\":\"https:\\\/\\\/rck.tehnicka-skola-karlovac.hr\\\/struka-i-ti\\\/#website\"},\"primaryImageOfPage\":{\"@id\":\"https:\\\/\\\/rck.tehnicka-skola-karlovac.hr\\\/struka-i-ti\\\/odrzana-promocija-rck-tehnicke-skole-karlovac-poduzetnicima\\\/#primaryimage\"},\"image\":{\"@id\":\"https:\\\/\\\/rck.tehnicka-skola-karlovac.hr\\\/struka-i-ti\\\/odrzana-promocija-rck-tehnicke-skole-karlovac-poduzetnicima\\\/#primaryimage\"},\"thumbnailUrl\":\"https:\\\/\\\/rck.tehnicka-skola-karlovac.hr\\\/struka-i-ti\\\/wp-content\\\/uploads\\\/2020\\\/12\\\/1-e1608725139684.jpg\",\"datePublished\":\"2020-11-28T12:03:17+00:00\",\"dateModified\":\"2021-04-12T13:41:09+00:00\",\"author\":{\"@id\":\"https:\\\/\\\/rck.tehnicka-skola-karlovac.hr\\\/struka-i-ti\\\/#\\\/schema\\\/person\\\/f73d84167583d34b7c48debd2dcd75de\"},\"breadcrumb\":{\"@id\":\"https:\\\/\\\/rck.tehnicka-skola-karlovac.hr\\\/struka-i-ti\\\/odrzana-promocija-rck-tehnicke-skole-karlovac-poduzetnicima\\\/#breadcrumb\"},\"inLanguage\":\"hr\",\"potentialAction\":[{\"@type\":\"ReadAction\",\"target\":[\"https:\\\/\\\/rck.tehnicka-skola-karlovac.hr\\\/struka-i-ti\\\/odrzana-promocija-rck-tehnicke-skole-karlovac-poduzetnicima\\\/\"]}]},{\"@type\":\"ImageObject\",\"inLanguage\":\"hr\",\"@id\":\"https:\\\/\\\/rck.tehnicka-skola-karlovac.hr\\\/struka-i-ti\\\/odrzana-promocija-rck-tehnicke-skole-karlovac-poduzetnicima\\\/#primaryimage\",\"url\":\"https:\\\/\\\/rck.tehnicka-skola-karlovac.hr\\\/struka-i-ti\\\/wp-content\\\/uploads\\\/2020\\\/12\\\/1-e1608725139684.jpg\",\"contentUrl\":\"https:\\\/\\\/rck.tehnicka-skola-karlovac.hr\\\/struka-i-ti\\\/wp-content\\\/uploads\\\/2020\\\/12\\\/1-e1608725139684.jpg\",\"width\":847,\"height\":534},{\"@type\":\"BreadcrumbList\",\"@id\":\"https:\\\/\\\/rck.tehnicka-skola-karlovac.hr\\\/struka-i-ti\\\/odrzana-promocija-rck-tehnicke-skole-karlovac-poduzetnicima\\\/#breadcrumb\",\"itemListElement\":[{\"@type\":\"ListItem\",\"position\":1,\"name\":\"Po\u010detna stranica\",\"item\":\"https:\\\/\\\/rck.tehnicka-skola-karlovac.hr\\\/struka-i-ti\\\/\"},{\"@type\":\"ListItem\",\"position\":2,\"name\":\"Odr\u017eana promocija RCK Tehni\u010dke \u0161kole Karlovac poduzetnicima\"}]},{\"@type\":\"WebSite\",\"@id\":\"https:\\\/\\\/rck.tehnicka-skola-karlovac.hr\\\/struka-i-ti\\\/#website\",\"url\":\"https:\\\/\\\/rck.tehnicka-skola-karlovac.hr\\\/struka-i-ti\\\/\",\"name\":\"STRuKA i TI\",\"description\":\"Tehni\u010dka \u0161kola Karlovac\",\"potentialAction\":[{\"@type\":\"SearchAction\",\"target\":{\"@type\":\"EntryPoint\",\"urlTemplate\":\"https:\\\/\\\/rck.tehnicka-skola-karlovac.hr\\\/struka-i-ti\\\/?s={search_term_string}\"},\"query-input\":{\"@type\":\"PropertyValueSpecification\",\"valueRequired\":true,\"valueName\":\"search_term_string\"}}],\"inLanguage\":\"hr\"},{\"@type\":\"Person\",\"@id\":\"https:\\\/\\\/rck.tehnicka-skola-karlovac.hr\\\/struka-i-ti\\\/#\\\/schema\\\/person\\\/f73d84167583d34b7c48debd2dcd75de\",\"name\":\"STRuKA i Ti\",\"image\":{\"@type\":\"ImageObject\",\"inLanguage\":\"hr\",\"@id\":\"https:\\\/\\\/secure.gravatar.com\\\/avatar\\\/65e31da4b9fdafe8f9dfb94541ee963b42e73f7f824625f07b5ab5cc36b6307e?s=96&d=mm&r=g\",\"url\":\"https:\\\/\\\/secure.gravatar.com\\\/avatar\\\/65e31da4b9fdafe8f9dfb94541ee963b42e73f7f824625f07b5ab5cc36b6307e?s=96&d=mm&r=g\",\"contentUrl\":\"https:\\\/\\\/secure.gravatar.com\\\/avatar\\\/65e31da4b9fdafe8f9dfb94541ee963b42e73f7f824625f07b5ab5cc36b6307e?s=96&d=mm&r=g\",\"caption\":\"STRuKA i Ti\"},\"url\":\"https:\\\/\\\/rck.tehnicka-skola-karlovac.hr\\\/struka-i-ti\\\/author\\\/marija-tadic\\\/\"}]}<\/script>\n<!-- \/ Yoast SEO plugin. -->","yoast_head_json":{"title":"Odr\u017eana promocija RCK Tehni\u010dke \u0161kole Karlovac poduzetnicima - STRuKA i TI","robots":{"index":"index","follow":"follow","max-snippet":"max-snippet:-1","max-image-preview":"max-image-preview:large","max-video-preview":"max-video-preview:-1"},"canonical":"https:\/\/rck.tehnicka-skola-karlovac.hr\/struka-i-ti\/odrzana-promocija-rck-tehnicke-skole-karlovac-poduzetnicima\/","og_locale":"hr_HR","og_type":"article","og_title":"Odr\u017eana promocija RCK Tehni\u010dke \u0161kole Karlovac poduzetnicima - STRuKA i TI","og_description":"U sklopu projekta \u201eSTRuKA i TI\u201c, a u organizaciji Hrvatske gospodarske komore \u2013 \u017dupanijska komora Karlovac, 27. studenog 2020. godine, odr\u017eana je promocija Regionalnog centra kompetentnosti Tehni\u010dke \u0161kole Karlovac poduzetnicima. Promocija Centra poduzetnicima\u00a0 dio je kampanje usmjeren na predstavljanje rada Centra i mogu\u0107nosti povezivanja gospodarskog i obrazovnog sektora u podru\u010dju istra\u017eivanja i razvoja. Zbog epidemiolo\u0161ke [&hellip;]","og_url":"https:\/\/rck.tehnicka-skola-karlovac.hr\/struka-i-ti\/odrzana-promocija-rck-tehnicke-skole-karlovac-poduzetnicima\/","og_site_name":"STRuKA i TI","article_published_time":"2020-11-28T12:03:17+00:00","article_modified_time":"2021-04-12T13:41:09+00:00","og_image":[{"width":847,"height":534,"url":"https:\/\/rck.tehnicka-skola-karlovac.hr\/struka-i-ti\/wp-content\/uploads\/2020\/12\/1-e1608725139684.jpg","type":"image\/jpeg"}],"author":"STRuKA i Ti","twitter_card":"summary_large_image","twitter_misc":{"Napisao\/la":"STRuKA i Ti","Procijenjeno vrijeme \u010ditanja":"1 minuta"},"schema":{"@context":"https:\/\/schema.org","@graph":[{"@type":"Article","@id":"https:\/\/rck.tehnicka-skola-karlovac.hr\/struka-i-ti\/odrzana-promocija-rck-tehnicke-skole-karlovac-poduzetnicima\/#article","isPartOf":{"@id":"https:\/\/rck.tehnicka-skola-karlovac.hr\/struka-i-ti\/odrzana-promocija-rck-tehnicke-skole-karlovac-poduzetnicima\/"},"author":{"name":"STRuKA i Ti","@id":"https:\/\/rck.tehnicka-skola-karlovac.hr\/struka-i-ti\/#\/schema\/person\/f73d84167583d34b7c48debd2dcd75de"},"headline":"Odr\u017eana promocija RCK Tehni\u010dke \u0161kole Karlovac poduzetnicima","datePublished":"2020-11-28T12:03:17+00:00","dateModified":"2021-04-12T13:41:09+00:00","mainEntityOfPage":{"@id":"https:\/\/rck.tehnicka-skola-karlovac.hr\/struka-i-ti\/odrzana-promocija-rck-tehnicke-skole-karlovac-poduzetnicima\/"},"wordCount":156,"commentCount":0,"image":{"@id":"https:\/\/rck.tehnicka-skola-karlovac.hr\/struka-i-ti\/odrzana-promocija-rck-tehnicke-skole-karlovac-poduzetnicima\/#primaryimage"},"thumbnailUrl":"https:\/\/rck.tehnicka-skola-karlovac.hr\/struka-i-ti\/wp-content\/uploads\/2020\/12\/1-e1608725139684.jpg","articleSection":["Novosti"],"inLanguage":"hr","potentialAction":[{"@type":"CommentAction","name":"Comment","target":["https:\/\/rck.tehnicka-skola-karlovac.hr\/struka-i-ti\/odrzana-promocija-rck-tehnicke-skole-karlovac-poduzetnicima\/#respond"]}]},{"@type":"WebPage","@id":"https:\/\/rck.tehnicka-skola-karlovac.hr\/struka-i-ti\/odrzana-promocija-rck-tehnicke-skole-karlovac-poduzetnicima\/","url":"https:\/\/rck.tehnicka-skola-karlovac.hr\/struka-i-ti\/odrzana-promocija-rck-tehnicke-skole-karlovac-poduzetnicima\/","name":"Odr\u017eana promocija RCK Tehni\u010dke \u0161kole Karlovac poduzetnicima - STRuKA i TI","isPartOf":{"@id":"https:\/\/rck.tehnicka-skola-karlovac.hr\/struka-i-ti\/#website"},"primaryImageOfPage":{"@id":"https:\/\/rck.tehnicka-skola-karlovac.hr\/struka-i-ti\/odrzana-promocija-rck-tehnicke-skole-karlovac-poduzetnicima\/#primaryimage"},"image":{"@id":"https:\/\/rck.tehnicka-skola-karlovac.hr\/struka-i-ti\/odrzana-promocija-rck-tehnicke-skole-karlovac-poduzetnicima\/#primaryimage"},"thumbnailUrl":"https:\/\/rck.tehnicka-skola-karlovac.hr\/struka-i-ti\/wp-content\/uploads\/2020\/12\/1-e1608725139684.jpg","datePublished":"2020-11-28T12:03:17+00:00","dateModified":"2021-04-12T13:41:09+00:00","author":{"@id":"https:\/\/rck.tehnicka-skola-karlovac.hr\/struka-i-ti\/#\/schema\/person\/f73d84167583d34b7c48debd2dcd75de"},"breadcrumb":{"@id":"https:\/\/rck.tehnicka-skola-karlovac.hr\/struka-i-ti\/odrzana-promocija-rck-tehnicke-skole-karlovac-poduzetnicima\/#breadcrumb"},"inLanguage":"hr","potentialAction":[{"@type":"ReadAction","target":["https:\/\/rck.tehnicka-skola-karlovac.hr\/struka-i-ti\/odrzana-promocija-rck-tehnicke-skole-karlovac-poduzetnicima\/"]}]},{"@type":"ImageObject","inLanguage":"hr","@id":"https:\/\/rck.tehnicka-skola-karlovac.hr\/struka-i-ti\/odrzana-promocija-rck-tehnicke-skole-karlovac-poduzetnicima\/#primaryimage","url":"https:\/\/rck.tehnicka-skola-karlovac.hr\/struka-i-ti\/wp-content\/uploads\/2020\/12\/1-e1608725139684.jpg","contentUrl":"https:\/\/rck.tehnicka-skola-karlovac.hr\/struka-i-ti\/wp-content\/uploads\/2020\/12\/1-e1608725139684.jpg","width":847,"height":534},{"@type":"BreadcrumbList","@id":"https:\/\/rck.tehnicka-skola-karlovac.hr\/struka-i-ti\/odrzana-promocija-rck-tehnicke-skole-karlovac-poduzetnicima\/#breadcrumb","itemListElement":[{"@type":"ListItem","position":1,"name":"Po\u010detna stranica","item":"https:\/\/rck.tehnicka-skola-karlovac.hr\/struka-i-ti\/"},{"@type":"ListItem","position":2,"name":"Odr\u017eana promocija RCK Tehni\u010dke \u0161kole Karlovac poduzetnicima"}]},{"@type":"WebSite","@id":"https:\/\/rck.tehnicka-skola-karlovac.hr\/struka-i-ti\/#website","url":"https:\/\/rck.tehnicka-skola-karlovac.hr\/struka-i-ti\/","name":"STRuKA i TI","description":"Tehni\u010dka \u0161kola Karlovac","potentialAction":[{"@type":"SearchAction","target":{"@type":"EntryPoint","urlTemplate":"https:\/\/rck.tehnicka-skola-karlovac.hr\/struka-i-ti\/?s={search_term_string}"},"query-input":{"@type":"PropertyValueSpecification","valueRequired":true,"valueName":"search_term_string"}}],"inLanguage":"hr"},{"@type":"Person","@id":"https:\/\/rck.tehnicka-skola-karlovac.hr\/struka-i-ti\/#\/schema\/person\/f73d84167583d34b7c48debd2dcd75de","name":"STRuKA i Ti","image":{"@type":"ImageObject","inLanguage":"hr","@id":"https:\/\/secure.gravatar.com\/avatar\/65e31da4b9fdafe8f9dfb94541ee963b42e73f7f824625f07b5ab5cc36b6307e?s=96&d=mm&r=g","url":"https:\/\/secure.gravatar.com\/avatar\/65e31da4b9fdafe8f9dfb94541ee963b42e73f7f824625f07b5ab5cc36b6307e?s=96&d=mm&r=g","contentUrl":"https:\/\/secure.gravatar.com\/avatar\/65e31da4b9fdafe8f9dfb94541ee963b42e73f7f824625f07b5ab5cc36b6307e?s=96&d=mm&r=g","caption":"STRuKA i Ti"},"url":"https:\/\/rck.tehnicka-skola-karlovac.hr\/struka-i-ti\/author\/marija-tadic\/"}]}},"_links":{"self":[{"href":"https:\/\/rck.tehnicka-skola-karlovac.hr\/struka-i-ti\/wp-json\/wp\/v2\/posts\/323","targetHints":{"allow":["GET"]}}],"collection":[{"href":"https:\/\/rck.tehnicka-skola-karlovac.hr\/struka-i-ti\/wp-json\/wp\/v2\/posts"}],"about":[{"href":"https:\/\/rck.tehnicka-skola-karlovac.hr\/struka-i-ti\/wp-json\/wp\/v2\/types\/post"}],"author":[{"embeddable":true,"href":"https:\/\/rck.tehnicka-skola-karlovac.hr\/struka-i-ti\/wp-json\/wp\/v2\/users\/2"}],"replies":[{"embeddable":true,"href":"https:\/\/rck.tehnicka-skola-karlovac.hr\/struka-i-ti\/wp-json\/wp\/v2\/comments?post=323"}],"version-history":[{"count":3,"href":"https:\/\/rck.tehnicka-skola-karlovac.hr\/struka-i-ti\/wp-json\/wp\/v2\/posts\/323\/revisions"}],"predecessor-version":[{"id":564,"href":"https:\/\/rck.tehnicka-skola-karlovac.hr\/struka-i-ti\/wp-json\/wp\/v2\/posts\/323\/revisions\/564"}],"wp:featuredmedia":[{"embeddable":true,"href":"https:\/\/rck.tehnicka-skola-karlovac.hr\/struka-i-ti\/wp-json\/wp\/v2\/media\/324"}],"wp:attachment":[{"href":"https:\/\/rck.tehnicka-skola-karlovac.hr\/struka-i-ti\/wp-json\/wp\/v2\/media?parent=323"}],"wp:term":[{"taxonomy":"category","embeddable":true,"href":"https:\/\/rck.tehnicka-skola-karlovac.hr\/struka-i-ti\/wp-json\/wp\/v2\/categories?post=323"},{"taxonomy":"post_tag","embeddable":true,"href":"https:\/\/rck.tehnicka-skola-karlovac.hr\/struka-i-ti\/wp-json\/wp\/v2\/tags?post=323"}],"curies":[{"name":"wp","href":"https:\/\/api.w.org\/{rel}","templated":true}]}}