{"id":522,"date":"2021-02-19T10:29:00","date_gmt":"2021-02-19T09:29:00","guid":{"rendered":"https:\/\/rck.tehnicka-skola-karlovac.hr\/struka-i-ti\/?p=522"},"modified":"2021-04-01T14:02:26","modified_gmt":"2021-04-01T12:02:26","slug":"odrzana-prva-radionica-ka-uc-tv-a","status":"publish","type":"post","link":"https:\/\/rck.tehnicka-skola-karlovac.hr\/struka-i-ti\/odrzana-prva-radionica-ka-uc-tv-a\/","title":{"rendered":"Odr\u017eana prva radionica KA-U\u010c TV-a"},"content":{"rendered":"<p>Dana 17. velja\u010de 2021. odr\u017eana je prva radionica karlova\u010dke u\u010deni\u010dke televizije, KA-U\u010c TV, u prostorima U\u010deni\u010dkog doma Karlovac.<\/p>\n<p>Prvi sat bio je predvi\u0111en za upoznavanje polaznika s voditeljem karlova\u010dke u\u010deni\u010dke televizije, Brankom Vilusom. Polaznici su informirani o projektima Regionalnog centra kompetentnosti Tehni\u010dke \u0161kole Karlovac, &#8220;STRuKA i TI&#8221; i &#8220;KaRijERA i JA&#8221;, u sklopu kojih se i provodi aktivnost video edukacija. Detaljne informacije su dobivene o planu i programu edukacija kao i o ideji i dugoro\u010dnom razvoju KA-U\u010c TV-a.<\/p>\n<p><a href=\"https:\/\/rck.tehnicka-skola-karlovac.hr\/kauc-tv\/\">KA-U\u010c TV<\/a>, prvenstveno \u0107e promovirati aktivnosti Regionalnog centra kompetentnosti Tehni\u010dke \u0161kole Karlovac, a u sklopu nje polaznici \u0107e, uz najmoderniju tehnologiju i stru\u010dnog voditelja, u\u010diti o snimanju, monta\u017ei i novinarstvu.<\/p>\n<div class=\"et_pb_slider et_pb_slider_fullwidth_off et_pb_gallery_post_type\">\n\t\t\t\t<div class=\"et_pb_slides\">\n\t\t\t\t\t<div class=\"et_pb_slide\" style=\"background: url(https:\/\/rck.tehnicka-skola-karlovac.hr\/struka-i-ti\/wp-content\/uploads\/2021\/02\/IMG_20210217_200947-scaled.jpg);\"><\/div><div class=\"et_pb_slide\" style=\"background: url(https:\/\/rck.tehnicka-skola-karlovac.hr\/struka-i-ti\/wp-content\/uploads\/2021\/02\/IMG_20210217_200932-scaled.jpg);\"><\/div><div class=\"et_pb_slide\" style=\"background: url(https:\/\/rck.tehnicka-skola-karlovac.hr\/struka-i-ti\/wp-content\/uploads\/2021\/02\/IMG_20210217_201233-scaled.jpg);\"><\/div>\n\t\t\t\t<\/div>\n\t\t\t<\/div>\n<p><iframe loading=\"lazy\" title=\"KA-U\u010c TV Online edukacija - promotivni spot\" width=\"1080\" height=\"608\" src=\"https:\/\/www.youtube.com\/embed\/6rqyeZCmIOs?feature=oembed\"  allow=\"accelerometer; autoplay; clipboard-write; encrypted-media; gyroscope; picture-in-picture\" allowfullscreen><\/iframe><\/p>\n","protected":false},"excerpt":{"rendered":"<p>Dana 17. velja\u010de 2021. odr\u017eana je prva radionica karlova\u010dke u\u010deni\u010dke televizije, KA-U\u010c TV, u prostorima U\u010deni\u010dkog doma Karlovac. Prvi sat bio je predvi\u0111en za upoznavanje polaznika s voditeljem karlova\u010dke u\u010deni\u010dke televizije, Brankom Vilusom. Polaznici su informirani o projektima Regionalnog centra kompetentnosti Tehni\u010dke \u0161kole Karlovac, &#8220;STRuKA i TI&#8221; i &#8220;KaRijERA i JA&#8221;, u sklopu kojih se [&hellip;]<\/p>\n","protected":false},"author":2,"featured_media":524,"comment_status":"open","ping_status":"open","sticky":false,"template":"","format":"standard","meta":{"_et_pb_use_builder":"off","_et_pb_old_content":"","_et_gb_content_width":"","footnotes":""},"categories":[1],"tags":[],"class_list":["post-522","post","type-post","status-publish","format-standard","has-post-thumbnail","hentry","category-novosti"],"yoast_head":"<!-- This site is optimized with the Yoast SEO plugin v27.3 - https:\/\/yoast.com\/product\/yoast-seo-wordpress\/ -->\n<title>Odr\u017eana prva radionica KA-U\u010c TV-a - STRuKA i TI<\/title>\n<meta name=\"robots\" content=\"index, follow, max-snippet:-1, max-image-preview:large, max-video-preview:-1\" \/>\n<link rel=\"canonical\" href=\"https:\/\/rck.tehnicka-skola-karlovac.hr\/struka-i-ti\/odrzana-prva-radionica-ka-uc-tv-a\/\" \/>\n<meta property=\"og:locale\" content=\"hr_HR\" \/>\n<meta property=\"og:type\" content=\"article\" \/>\n<meta property=\"og:title\" content=\"Odr\u017eana prva radionica KA-U\u010c TV-a - STRuKA i TI\" \/>\n<meta property=\"og:description\" content=\"Dana 17. velja\u010de 2021. odr\u017eana je prva radionica karlova\u010dke u\u010deni\u010dke televizije, KA-U\u010c TV, u prostorima U\u010deni\u010dkog doma Karlovac. Prvi sat bio je predvi\u0111en za upoznavanje polaznika s voditeljem karlova\u010dke u\u010deni\u010dke televizije, Brankom Vilusom. Polaznici su informirani o projektima Regionalnog centra kompetentnosti Tehni\u010dke \u0161kole Karlovac, &#8220;STRuKA i TI&#8221; i &#8220;KaRijERA i JA&#8221;, u sklopu kojih se [&hellip;]\" \/>\n<meta property=\"og:url\" content=\"https:\/\/rck.tehnicka-skola-karlovac.hr\/struka-i-ti\/odrzana-prva-radionica-ka-uc-tv-a\/\" \/>\n<meta property=\"og:site_name\" content=\"STRuKA i TI\" \/>\n<meta property=\"article:published_time\" content=\"2021-02-19T09:29:00+00:00\" \/>\n<meta property=\"article:modified_time\" content=\"2021-04-01T12:02:26+00:00\" \/>\n<meta property=\"og:image\" content=\"https:\/\/rck.tehnicka-skola-karlovac.hr\/struka-i-ti\/wp-content\/uploads\/2021\/02\/IMG_20210217_200947-scaled.jpg\" \/>\n\t<meta property=\"og:image:width\" content=\"2560\" \/>\n\t<meta property=\"og:image:height\" content=\"1920\" \/>\n\t<meta property=\"og:image:type\" content=\"image\/jpeg\" \/>\n<meta name=\"author\" content=\"STRuKA i Ti\" \/>\n<meta name=\"twitter:card\" content=\"summary_large_image\" \/>\n<meta name=\"twitter:label1\" content=\"Napisao\/la\" \/>\n\t<meta name=\"twitter:data1\" content=\"STRuKA i Ti\" \/>\n\t<meta name=\"twitter:label2\" content=\"Procijenjeno vrijeme \u010ditanja\" \/>\n\t<meta name=\"twitter:data2\" content=\"1 minuta\" \/>\n<script type=\"application\/ld+json\" class=\"yoast-schema-graph\">{\"@context\":\"https:\\\/\\\/schema.org\",\"@graph\":[{\"@type\":\"Article\",\"@id\":\"https:\\\/\\\/rck.tehnicka-skola-karlovac.hr\\\/struka-i-ti\\\/odrzana-prva-radionica-ka-uc-tv-a\\\/#article\",\"isPartOf\":{\"@id\":\"https:\\\/\\\/rck.tehnicka-skola-karlovac.hr\\\/struka-i-ti\\\/odrzana-prva-radionica-ka-uc-tv-a\\\/\"},\"author\":{\"name\":\"STRuKA i Ti\",\"@id\":\"https:\\\/\\\/rck.tehnicka-skola-karlovac.hr\\\/struka-i-ti\\\/#\\\/schema\\\/person\\\/f73d84167583d34b7c48debd2dcd75de\"},\"headline\":\"Odr\u017eana prva radionica KA-U\u010c TV-a\",\"datePublished\":\"2021-02-19T09:29:00+00:00\",\"dateModified\":\"2021-04-01T12:02:26+00:00\",\"mainEntityOfPage\":{\"@id\":\"https:\\\/\\\/rck.tehnicka-skola-karlovac.hr\\\/struka-i-ti\\\/odrzana-prva-radionica-ka-uc-tv-a\\\/\"},\"wordCount\":141,\"commentCount\":0,\"image\":{\"@id\":\"https:\\\/\\\/rck.tehnicka-skola-karlovac.hr\\\/struka-i-ti\\\/odrzana-prva-radionica-ka-uc-tv-a\\\/#primaryimage\"},\"thumbnailUrl\":\"https:\\\/\\\/rck.tehnicka-skola-karlovac.hr\\\/struka-i-ti\\\/wp-content\\\/uploads\\\/2021\\\/02\\\/IMG_20210217_200947-scaled.jpg\",\"articleSection\":[\"Novosti\"],\"inLanguage\":\"hr\",\"potentialAction\":[{\"@type\":\"CommentAction\",\"name\":\"Comment\",\"target\":[\"https:\\\/\\\/rck.tehnicka-skola-karlovac.hr\\\/struka-i-ti\\\/odrzana-prva-radionica-ka-uc-tv-a\\\/#respond\"]}]},{\"@type\":\"WebPage\",\"@id\":\"https:\\\/\\\/rck.tehnicka-skola-karlovac.hr\\\/struka-i-ti\\\/odrzana-prva-radionica-ka-uc-tv-a\\\/\",\"url\":\"https:\\\/\\\/rck.tehnicka-skola-karlovac.hr\\\/struka-i-ti\\\/odrzana-prva-radionica-ka-uc-tv-a\\\/\",\"name\":\"Odr\u017eana prva radionica KA-U\u010c TV-a - STRuKA i TI\",\"isPartOf\":{\"@id\":\"https:\\\/\\\/rck.tehnicka-skola-karlovac.hr\\\/struka-i-ti\\\/#website\"},\"primaryImageOfPage\":{\"@id\":\"https:\\\/\\\/rck.tehnicka-skola-karlovac.hr\\\/struka-i-ti\\\/odrzana-prva-radionica-ka-uc-tv-a\\\/#primaryimage\"},\"image\":{\"@id\":\"https:\\\/\\\/rck.tehnicka-skola-karlovac.hr\\\/struka-i-ti\\\/odrzana-prva-radionica-ka-uc-tv-a\\\/#primaryimage\"},\"thumbnailUrl\":\"https:\\\/\\\/rck.tehnicka-skola-karlovac.hr\\\/struka-i-ti\\\/wp-content\\\/uploads\\\/2021\\\/02\\\/IMG_20210217_200947-scaled.jpg\",\"datePublished\":\"2021-02-19T09:29:00+00:00\",\"dateModified\":\"2021-04-01T12:02:26+00:00\",\"author\":{\"@id\":\"https:\\\/\\\/rck.tehnicka-skola-karlovac.hr\\\/struka-i-ti\\\/#\\\/schema\\\/person\\\/f73d84167583d34b7c48debd2dcd75de\"},\"breadcrumb\":{\"@id\":\"https:\\\/\\\/rck.tehnicka-skola-karlovac.hr\\\/struka-i-ti\\\/odrzana-prva-radionica-ka-uc-tv-a\\\/#breadcrumb\"},\"inLanguage\":\"hr\",\"potentialAction\":[{\"@type\":\"ReadAction\",\"target\":[\"https:\\\/\\\/rck.tehnicka-skola-karlovac.hr\\\/struka-i-ti\\\/odrzana-prva-radionica-ka-uc-tv-a\\\/\"]}]},{\"@type\":\"ImageObject\",\"inLanguage\":\"hr\",\"@id\":\"https:\\\/\\\/rck.tehnicka-skola-karlovac.hr\\\/struka-i-ti\\\/odrzana-prva-radionica-ka-uc-tv-a\\\/#primaryimage\",\"url\":\"https:\\\/\\\/rck.tehnicka-skola-karlovac.hr\\\/struka-i-ti\\\/wp-content\\\/uploads\\\/2021\\\/02\\\/IMG_20210217_200947-scaled.jpg\",\"contentUrl\":\"https:\\\/\\\/rck.tehnicka-skola-karlovac.hr\\\/struka-i-ti\\\/wp-content\\\/uploads\\\/2021\\\/02\\\/IMG_20210217_200947-scaled.jpg\",\"width\":2560,\"height\":1920},{\"@type\":\"BreadcrumbList\",\"@id\":\"https:\\\/\\\/rck.tehnicka-skola-karlovac.hr\\\/struka-i-ti\\\/odrzana-prva-radionica-ka-uc-tv-a\\\/#breadcrumb\",\"itemListElement\":[{\"@type\":\"ListItem\",\"position\":1,\"name\":\"Po\u010detna stranica\",\"item\":\"https:\\\/\\\/rck.tehnicka-skola-karlovac.hr\\\/struka-i-ti\\\/\"},{\"@type\":\"ListItem\",\"position\":2,\"name\":\"Odr\u017eana prva radionica KA-U\u010c TV-a\"}]},{\"@type\":\"WebSite\",\"@id\":\"https:\\\/\\\/rck.tehnicka-skola-karlovac.hr\\\/struka-i-ti\\\/#website\",\"url\":\"https:\\\/\\\/rck.tehnicka-skola-karlovac.hr\\\/struka-i-ti\\\/\",\"name\":\"STRuKA i TI\",\"description\":\"Tehni\u010dka \u0161kola Karlovac\",\"potentialAction\":[{\"@type\":\"SearchAction\",\"target\":{\"@type\":\"EntryPoint\",\"urlTemplate\":\"https:\\\/\\\/rck.tehnicka-skola-karlovac.hr\\\/struka-i-ti\\\/?s={search_term_string}\"},\"query-input\":{\"@type\":\"PropertyValueSpecification\",\"valueRequired\":true,\"valueName\":\"search_term_string\"}}],\"inLanguage\":\"hr\"},{\"@type\":\"Person\",\"@id\":\"https:\\\/\\\/rck.tehnicka-skola-karlovac.hr\\\/struka-i-ti\\\/#\\\/schema\\\/person\\\/f73d84167583d34b7c48debd2dcd75de\",\"name\":\"STRuKA i Ti\",\"image\":{\"@type\":\"ImageObject\",\"inLanguage\":\"hr\",\"@id\":\"https:\\\/\\\/secure.gravatar.com\\\/avatar\\\/65e31da4b9fdafe8f9dfb94541ee963b42e73f7f824625f07b5ab5cc36b6307e?s=96&d=mm&r=g\",\"url\":\"https:\\\/\\\/secure.gravatar.com\\\/avatar\\\/65e31da4b9fdafe8f9dfb94541ee963b42e73f7f824625f07b5ab5cc36b6307e?s=96&d=mm&r=g\",\"contentUrl\":\"https:\\\/\\\/secure.gravatar.com\\\/avatar\\\/65e31da4b9fdafe8f9dfb94541ee963b42e73f7f824625f07b5ab5cc36b6307e?s=96&d=mm&r=g\",\"caption\":\"STRuKA i Ti\"},\"url\":\"https:\\\/\\\/rck.tehnicka-skola-karlovac.hr\\\/struka-i-ti\\\/author\\\/marija-tadic\\\/\"}]}<\/script>\n<!-- \/ Yoast SEO plugin. -->","yoast_head_json":{"title":"Odr\u017eana prva radionica KA-U\u010c TV-a - STRuKA i TI","robots":{"index":"index","follow":"follow","max-snippet":"max-snippet:-1","max-image-preview":"max-image-preview:large","max-video-preview":"max-video-preview:-1"},"canonical":"https:\/\/rck.tehnicka-skola-karlovac.hr\/struka-i-ti\/odrzana-prva-radionica-ka-uc-tv-a\/","og_locale":"hr_HR","og_type":"article","og_title":"Odr\u017eana prva radionica KA-U\u010c TV-a - STRuKA i TI","og_description":"Dana 17. velja\u010de 2021. odr\u017eana je prva radionica karlova\u010dke u\u010deni\u010dke televizije, KA-U\u010c TV, u prostorima U\u010deni\u010dkog doma Karlovac. Prvi sat bio je predvi\u0111en za upoznavanje polaznika s voditeljem karlova\u010dke u\u010deni\u010dke televizije, Brankom Vilusom. Polaznici su informirani o projektima Regionalnog centra kompetentnosti Tehni\u010dke \u0161kole Karlovac, &#8220;STRuKA i TI&#8221; i &#8220;KaRijERA i JA&#8221;, u sklopu kojih se [&hellip;]","og_url":"https:\/\/rck.tehnicka-skola-karlovac.hr\/struka-i-ti\/odrzana-prva-radionica-ka-uc-tv-a\/","og_site_name":"STRuKA i TI","article_published_time":"2021-02-19T09:29:00+00:00","article_modified_time":"2021-04-01T12:02:26+00:00","og_image":[{"width":2560,"height":1920,"url":"https:\/\/rck.tehnicka-skola-karlovac.hr\/struka-i-ti\/wp-content\/uploads\/2021\/02\/IMG_20210217_200947-scaled.jpg","type":"image\/jpeg"}],"author":"STRuKA i Ti","twitter_card":"summary_large_image","twitter_misc":{"Napisao\/la":"STRuKA i Ti","Procijenjeno vrijeme \u010ditanja":"1 minuta"},"schema":{"@context":"https:\/\/schema.org","@graph":[{"@type":"Article","@id":"https:\/\/rck.tehnicka-skola-karlovac.hr\/struka-i-ti\/odrzana-prva-radionica-ka-uc-tv-a\/#article","isPartOf":{"@id":"https:\/\/rck.tehnicka-skola-karlovac.hr\/struka-i-ti\/odrzana-prva-radionica-ka-uc-tv-a\/"},"author":{"name":"STRuKA i Ti","@id":"https:\/\/rck.tehnicka-skola-karlovac.hr\/struka-i-ti\/#\/schema\/person\/f73d84167583d34b7c48debd2dcd75de"},"headline":"Odr\u017eana prva radionica KA-U\u010c TV-a","datePublished":"2021-02-19T09:29:00+00:00","dateModified":"2021-04-01T12:02:26+00:00","mainEntityOfPage":{"@id":"https:\/\/rck.tehnicka-skola-karlovac.hr\/struka-i-ti\/odrzana-prva-radionica-ka-uc-tv-a\/"},"wordCount":141,"commentCount":0,"image":{"@id":"https:\/\/rck.tehnicka-skola-karlovac.hr\/struka-i-ti\/odrzana-prva-radionica-ka-uc-tv-a\/#primaryimage"},"thumbnailUrl":"https:\/\/rck.tehnicka-skola-karlovac.hr\/struka-i-ti\/wp-content\/uploads\/2021\/02\/IMG_20210217_200947-scaled.jpg","articleSection":["Novosti"],"inLanguage":"hr","potentialAction":[{"@type":"CommentAction","name":"Comment","target":["https:\/\/rck.tehnicka-skola-karlovac.hr\/struka-i-ti\/odrzana-prva-radionica-ka-uc-tv-a\/#respond"]}]},{"@type":"WebPage","@id":"https:\/\/rck.tehnicka-skola-karlovac.hr\/struka-i-ti\/odrzana-prva-radionica-ka-uc-tv-a\/","url":"https:\/\/rck.tehnicka-skola-karlovac.hr\/struka-i-ti\/odrzana-prva-radionica-ka-uc-tv-a\/","name":"Odr\u017eana prva radionica KA-U\u010c TV-a - STRuKA i TI","isPartOf":{"@id":"https:\/\/rck.tehnicka-skola-karlovac.hr\/struka-i-ti\/#website"},"primaryImageOfPage":{"@id":"https:\/\/rck.tehnicka-skola-karlovac.hr\/struka-i-ti\/odrzana-prva-radionica-ka-uc-tv-a\/#primaryimage"},"image":{"@id":"https:\/\/rck.tehnicka-skola-karlovac.hr\/struka-i-ti\/odrzana-prva-radionica-ka-uc-tv-a\/#primaryimage"},"thumbnailUrl":"https:\/\/rck.tehnicka-skola-karlovac.hr\/struka-i-ti\/wp-content\/uploads\/2021\/02\/IMG_20210217_200947-scaled.jpg","datePublished":"2021-02-19T09:29:00+00:00","dateModified":"2021-04-01T12:02:26+00:00","author":{"@id":"https:\/\/rck.tehnicka-skola-karlovac.hr\/struka-i-ti\/#\/schema\/person\/f73d84167583d34b7c48debd2dcd75de"},"breadcrumb":{"@id":"https:\/\/rck.tehnicka-skola-karlovac.hr\/struka-i-ti\/odrzana-prva-radionica-ka-uc-tv-a\/#breadcrumb"},"inLanguage":"hr","potentialAction":[{"@type":"ReadAction","target":["https:\/\/rck.tehnicka-skola-karlovac.hr\/struka-i-ti\/odrzana-prva-radionica-ka-uc-tv-a\/"]}]},{"@type":"ImageObject","inLanguage":"hr","@id":"https:\/\/rck.tehnicka-skola-karlovac.hr\/struka-i-ti\/odrzana-prva-radionica-ka-uc-tv-a\/#primaryimage","url":"https:\/\/rck.tehnicka-skola-karlovac.hr\/struka-i-ti\/wp-content\/uploads\/2021\/02\/IMG_20210217_200947-scaled.jpg","contentUrl":"https:\/\/rck.tehnicka-skola-karlovac.hr\/struka-i-ti\/wp-content\/uploads\/2021\/02\/IMG_20210217_200947-scaled.jpg","width":2560,"height":1920},{"@type":"BreadcrumbList","@id":"https:\/\/rck.tehnicka-skola-karlovac.hr\/struka-i-ti\/odrzana-prva-radionica-ka-uc-tv-a\/#breadcrumb","itemListElement":[{"@type":"ListItem","position":1,"name":"Po\u010detna stranica","item":"https:\/\/rck.tehnicka-skola-karlovac.hr\/struka-i-ti\/"},{"@type":"ListItem","position":2,"name":"Odr\u017eana prva radionica KA-U\u010c TV-a"}]},{"@type":"WebSite","@id":"https:\/\/rck.tehnicka-skola-karlovac.hr\/struka-i-ti\/#website","url":"https:\/\/rck.tehnicka-skola-karlovac.hr\/struka-i-ti\/","name":"STRuKA i TI","description":"Tehni\u010dka \u0161kola Karlovac","potentialAction":[{"@type":"SearchAction","target":{"@type":"EntryPoint","urlTemplate":"https:\/\/rck.tehnicka-skola-karlovac.hr\/struka-i-ti\/?s={search_term_string}"},"query-input":{"@type":"PropertyValueSpecification","valueRequired":true,"valueName":"search_term_string"}}],"inLanguage":"hr"},{"@type":"Person","@id":"https:\/\/rck.tehnicka-skola-karlovac.hr\/struka-i-ti\/#\/schema\/person\/f73d84167583d34b7c48debd2dcd75de","name":"STRuKA i Ti","image":{"@type":"ImageObject","inLanguage":"hr","@id":"https:\/\/secure.gravatar.com\/avatar\/65e31da4b9fdafe8f9dfb94541ee963b42e73f7f824625f07b5ab5cc36b6307e?s=96&d=mm&r=g","url":"https:\/\/secure.gravatar.com\/avatar\/65e31da4b9fdafe8f9dfb94541ee963b42e73f7f824625f07b5ab5cc36b6307e?s=96&d=mm&r=g","contentUrl":"https:\/\/secure.gravatar.com\/avatar\/65e31da4b9fdafe8f9dfb94541ee963b42e73f7f824625f07b5ab5cc36b6307e?s=96&d=mm&r=g","caption":"STRuKA i Ti"},"url":"https:\/\/rck.tehnicka-skola-karlovac.hr\/struka-i-ti\/author\/marija-tadic\/"}]}},"_links":{"self":[{"href":"https:\/\/rck.tehnicka-skola-karlovac.hr\/struka-i-ti\/wp-json\/wp\/v2\/posts\/522","targetHints":{"allow":["GET"]}}],"collection":[{"href":"https:\/\/rck.tehnicka-skola-karlovac.hr\/struka-i-ti\/wp-json\/wp\/v2\/posts"}],"about":[{"href":"https:\/\/rck.tehnicka-skola-karlovac.hr\/struka-i-ti\/wp-json\/wp\/v2\/types\/post"}],"author":[{"embeddable":true,"href":"https:\/\/rck.tehnicka-skola-karlovac.hr\/struka-i-ti\/wp-json\/wp\/v2\/users\/2"}],"replies":[{"embeddable":true,"href":"https:\/\/rck.tehnicka-skola-karlovac.hr\/struka-i-ti\/wp-json\/wp\/v2\/comments?post=522"}],"version-history":[{"count":3,"href":"https:\/\/rck.tehnicka-skola-karlovac.hr\/struka-i-ti\/wp-json\/wp\/v2\/posts\/522\/revisions"}],"predecessor-version":[{"id":555,"href":"https:\/\/rck.tehnicka-skola-karlovac.hr\/struka-i-ti\/wp-json\/wp\/v2\/posts\/522\/revisions\/555"}],"wp:featuredmedia":[{"embeddable":true,"href":"https:\/\/rck.tehnicka-skola-karlovac.hr\/struka-i-ti\/wp-json\/wp\/v2\/media\/524"}],"wp:attachment":[{"href":"https:\/\/rck.tehnicka-skola-karlovac.hr\/struka-i-ti\/wp-json\/wp\/v2\/media?parent=522"}],"wp:term":[{"taxonomy":"category","embeddable":true,"href":"https:\/\/rck.tehnicka-skola-karlovac.hr\/struka-i-ti\/wp-json\/wp\/v2\/categories?post=522"},{"taxonomy":"post_tag","embeddable":true,"href":"https:\/\/rck.tehnicka-skola-karlovac.hr\/struka-i-ti\/wp-json\/wp\/v2\/tags?post=522"}],"curies":[{"name":"wp","href":"https:\/\/api.w.org\/{rel}","templated":true}]}}