{"id":544,"date":"2021-04-01T11:31:38","date_gmt":"2021-04-01T09:31:38","guid":{"rendered":"https:\/\/rck.tehnicka-skola-karlovac.hr\/struka-i-ti\/?p=544"},"modified":"2021-04-28T13:20:26","modified_gmt":"2021-04-28T11:20:26","slug":"odrzan-1-sastanak-s-inovatorima-u-sklopu-projekata-regionalnog-centra-kompetentnosti-tehnicke-skole-karlovac","status":"publish","type":"post","link":"https:\/\/rck.tehnicka-skola-karlovac.hr\/struka-i-ti\/odrzan-1-sastanak-s-inovatorima-u-sklopu-projekata-regionalnog-centra-kompetentnosti-tehnicke-skole-karlovac\/","title":{"rendered":"Odr\u017ean prvi promotivni sastanak s inovatorima u sklopu projekata Regionalnog centra kompetentnosti Tehni\u010dke \u0161kole Karlovac"},"content":{"rendered":"<p>U sklopu projekata Regionalnog centra kompetentnosti Tehni\u010dke \u0161kole Karlovac, &#8220;STRuKA i TI&#8221; i &#8220;KaRijERA i JA&#8221;, u organizaciji projektnog partnera Hrvatske gospodarske komore \u2013 \u017dupanijske komore Karlovac, odr\u017ean je prvi promotivni sastanak s inovatorima s podru\u010dja Karlova\u010dke \u017eupanije.<\/p>\n<p>\u010clanovima Udruge inovatora Karlova\u010dke \u017eupanije, na prvom sastanku, predstavljeni su projekti Regionalnog centra kompetentnosti u sektoru elektrotehnike i ra\u010dunalstva i podsektoru strojarstva. Predstavljanje je odr\u017eano u Hrvatskoj gospodarskoj komori \u2013 \u017dupanijskoj komori Karlovac uz po\u0161tivanje svih epidemiolo\u0161kih mjera.<\/p>\n<p>Ravnatelj Tehni\u010dke \u0161kole Karlovac <strong>Ivan Jankovi\u0107<\/strong> predstavio je projekte te mogu\u0107nosti uklju\u010divanja inovatora u rad s u\u010denicima na podru\u010dju inovacija. Na taj na\u010din \u0107e se motivirati i poticati u\u010denike na kreativnost i razmi\u0161ljanje izvan okvira dok \u0107e poduzetnici i inovatori ste\u0107i mogu\u0107nost kontinuiranog ulaganja u budu\u0107e kadrove. Sastanku je prisustvovala i zamjenica \u017eupana Karlova\u010dke \u017eupanije <strong>Vesna Hajsan Dolinar<\/strong> koja je istaknula va\u017enost Centra kompetentnosti koji \u0107e pru\u017eiti mogu\u0107nost povezivanja gospodarskog i obrazovnog sektora.<\/p>\n<p>Doga\u0111aj je odr\u017ean uz veliki interes inovatora koji su se odazvali pozivu te iz prve ruke dobili relevantne informacije o va\u017enosti i ciljevima Regionalnog centara kompetentnosti te nadolaze\u0107im projektnim aktivnostima.<\/p>\n<p>Projekt &#8220;STRuKA i TI&#8221; UP.03.3.1.04.0008 vrijedan je 27.623.493,09 HRK u stopostotnom iznosu sufinanciran sredstvima Europske unije iz Operativnog programa U\u010dinkoviti ljudski potencijali 2014. \u2013 2020. iz Europskog socijalnog fonda.<\/p>\n<p>&nbsp;<\/p>\n<div class=\"et_pb_slider et_pb_slider_fullwidth_off et_pb_gallery_post_type\">\n\t\t\t\t<div class=\"et_pb_slides\">\n\t\t\t\t\t<div class=\"et_pb_slide\" style=\"background: url(https:\/\/rck.tehnicka-skola-karlovac.hr\/struka-i-ti\/wp-content\/uploads\/2021\/04\/20210323_141813-scaled.jpg);\"><\/div><div class=\"et_pb_slide\" style=\"background: url(https:\/\/rck.tehnicka-skola-karlovac.hr\/struka-i-ti\/wp-content\/uploads\/2021\/04\/20210323_141846-scaled.jpg);\"><\/div><div class=\"et_pb_slide\" style=\"background: url(https:\/\/rck.tehnicka-skola-karlovac.hr\/struka-i-ti\/wp-content\/uploads\/2021\/04\/20210323_144947-scaled.jpg);\"><\/div>\n\t\t\t\t<\/div>\n\t\t\t<\/div>\n<p><iframe loading=\"lazy\" title=\"1. Promotivni sastanak s inovatorima - RCK Tehni\u010dke \u0161kole Karlovac\" width=\"1080\" height=\"608\" src=\"https:\/\/www.youtube.com\/embed\/xwlC7gEDo_g?feature=oembed\"  allow=\"accelerometer; autoplay; clipboard-write; encrypted-media; gyroscope; picture-in-picture\" allowfullscreen><\/iframe><\/p>\n<p><img loading=\"lazy\" decoding=\"async\" class=\" wp-image-545 aligncenter\" src=\"https:\/\/rck.tehnicka-skola-karlovac.hr\/struka-i-ti\/wp-content\/uploads\/2021\/04\/Lenta-i-tekst.png\" alt=\"\" width=\"482\" height=\"152\" \/><\/p>\n","protected":false},"excerpt":{"rendered":"<p>U sklopu projekata Regionalnog centra kompetentnosti Tehni\u010dke \u0161kole Karlovac, &#8220;STRuKA i TI&#8221; i &#8220;KaRijERA i JA&#8221;, u organizaciji projektnog partnera Hrvatske gospodarske komore \u2013 \u017dupanijske komore Karlovac, odr\u017ean je prvi promotivni sastanak s inovatorima s podru\u010dja Karlova\u010dke \u017eupanije. \u010clanovima Udruge inovatora Karlova\u010dke \u017eupanije, na prvom sastanku, predstavljeni su projekti Regionalnog centra kompetentnosti u sektoru elektrotehnike [&hellip;]<\/p>\n","protected":false},"author":2,"featured_media":546,"comment_status":"open","ping_status":"open","sticky":false,"template":"","format":"standard","meta":{"_et_pb_use_builder":"","_et_pb_old_content":"","_et_gb_content_width":"","footnotes":""},"categories":[1],"tags":[],"class_list":["post-544","post","type-post","status-publish","format-standard","has-post-thumbnail","hentry","category-novosti"],"yoast_head":"<!-- This site is optimized with the Yoast SEO plugin v27.3 - https:\/\/yoast.com\/product\/yoast-seo-wordpress\/ -->\n<title>Odr\u017ean prvi promotivni sastanak s inovatorima u sklopu projekata Regionalnog centra kompetentnosti Tehni\u010dke \u0161kole Karlovac - STRuKA i TI<\/title>\n<meta name=\"robots\" content=\"index, follow, max-snippet:-1, max-image-preview:large, max-video-preview:-1\" \/>\n<link rel=\"canonical\" href=\"https:\/\/rck.tehnicka-skola-karlovac.hr\/struka-i-ti\/odrzan-1-sastanak-s-inovatorima-u-sklopu-projekata-regionalnog-centra-kompetentnosti-tehnicke-skole-karlovac\/\" \/>\n<meta property=\"og:locale\" content=\"hr_HR\" \/>\n<meta property=\"og:type\" content=\"article\" \/>\n<meta property=\"og:title\" content=\"Odr\u017ean prvi promotivni sastanak s inovatorima u sklopu projekata Regionalnog centra kompetentnosti Tehni\u010dke \u0161kole Karlovac - STRuKA i TI\" \/>\n<meta property=\"og:description\" content=\"U sklopu projekata Regionalnog centra kompetentnosti Tehni\u010dke \u0161kole Karlovac, &#8220;STRuKA i TI&#8221; i &#8220;KaRijERA i JA&#8221;, u organizaciji projektnog partnera Hrvatske gospodarske komore \u2013 \u017dupanijske komore Karlovac, odr\u017ean je prvi promotivni sastanak s inovatorima s podru\u010dja Karlova\u010dke \u017eupanije. \u010clanovima Udruge inovatora Karlova\u010dke \u017eupanije, na prvom sastanku, predstavljeni su projekti Regionalnog centra kompetentnosti u sektoru elektrotehnike [&hellip;]\" \/>\n<meta property=\"og:url\" content=\"https:\/\/rck.tehnicka-skola-karlovac.hr\/struka-i-ti\/odrzan-1-sastanak-s-inovatorima-u-sklopu-projekata-regionalnog-centra-kompetentnosti-tehnicke-skole-karlovac\/\" \/>\n<meta property=\"og:site_name\" content=\"STRuKA i TI\" \/>\n<meta property=\"article:published_time\" content=\"2021-04-01T09:31:38+00:00\" \/>\n<meta property=\"article:modified_time\" content=\"2021-04-28T11:20:26+00:00\" \/>\n<meta property=\"og:image\" content=\"https:\/\/rck.tehnicka-skola-karlovac.hr\/struka-i-ti\/wp-content\/uploads\/2021\/04\/20210323_141813-scaled.jpg\" \/>\n\t<meta property=\"og:image:width\" content=\"2560\" \/>\n\t<meta property=\"og:image:height\" content=\"1920\" \/>\n\t<meta property=\"og:image:type\" content=\"image\/jpeg\" \/>\n<meta name=\"author\" content=\"STRuKA i Ti\" \/>\n<meta name=\"twitter:card\" content=\"summary_large_image\" \/>\n<meta name=\"twitter:label1\" content=\"Napisao\/la\" \/>\n\t<meta name=\"twitter:data1\" content=\"STRuKA i Ti\" \/>\n\t<meta name=\"twitter:label2\" content=\"Procijenjeno vrijeme \u010ditanja\" \/>\n\t<meta name=\"twitter:data2\" content=\"1 minuta\" \/>\n<script type=\"application\/ld+json\" class=\"yoast-schema-graph\">{\"@context\":\"https:\\\/\\\/schema.org\",\"@graph\":[{\"@type\":\"Article\",\"@id\":\"https:\\\/\\\/rck.tehnicka-skola-karlovac.hr\\\/struka-i-ti\\\/odrzan-1-sastanak-s-inovatorima-u-sklopu-projekata-regionalnog-centra-kompetentnosti-tehnicke-skole-karlovac\\\/#article\",\"isPartOf\":{\"@id\":\"https:\\\/\\\/rck.tehnicka-skola-karlovac.hr\\\/struka-i-ti\\\/odrzan-1-sastanak-s-inovatorima-u-sklopu-projekata-regionalnog-centra-kompetentnosti-tehnicke-skole-karlovac\\\/\"},\"author\":{\"name\":\"STRuKA i Ti\",\"@id\":\"https:\\\/\\\/rck.tehnicka-skola-karlovac.hr\\\/struka-i-ti\\\/#\\\/schema\\\/person\\\/f73d84167583d34b7c48debd2dcd75de\"},\"headline\":\"Odr\u017ean prvi promotivni sastanak s inovatorima u sklopu projekata Regionalnog centra kompetentnosti Tehni\u010dke \u0161kole Karlovac\",\"datePublished\":\"2021-04-01T09:31:38+00:00\",\"dateModified\":\"2021-04-28T11:20:26+00:00\",\"mainEntityOfPage\":{\"@id\":\"https:\\\/\\\/rck.tehnicka-skola-karlovac.hr\\\/struka-i-ti\\\/odrzan-1-sastanak-s-inovatorima-u-sklopu-projekata-regionalnog-centra-kompetentnosti-tehnicke-skole-karlovac\\\/\"},\"wordCount\":266,\"commentCount\":0,\"image\":{\"@id\":\"https:\\\/\\\/rck.tehnicka-skola-karlovac.hr\\\/struka-i-ti\\\/odrzan-1-sastanak-s-inovatorima-u-sklopu-projekata-regionalnog-centra-kompetentnosti-tehnicke-skole-karlovac\\\/#primaryimage\"},\"thumbnailUrl\":\"https:\\\/\\\/rck.tehnicka-skola-karlovac.hr\\\/struka-i-ti\\\/wp-content\\\/uploads\\\/2021\\\/04\\\/20210323_141813-scaled.jpg\",\"articleSection\":[\"Novosti\"],\"inLanguage\":\"hr\",\"potentialAction\":[{\"@type\":\"CommentAction\",\"name\":\"Comment\",\"target\":[\"https:\\\/\\\/rck.tehnicka-skola-karlovac.hr\\\/struka-i-ti\\\/odrzan-1-sastanak-s-inovatorima-u-sklopu-projekata-regionalnog-centra-kompetentnosti-tehnicke-skole-karlovac\\\/#respond\"]}]},{\"@type\":\"WebPage\",\"@id\":\"https:\\\/\\\/rck.tehnicka-skola-karlovac.hr\\\/struka-i-ti\\\/odrzan-1-sastanak-s-inovatorima-u-sklopu-projekata-regionalnog-centra-kompetentnosti-tehnicke-skole-karlovac\\\/\",\"url\":\"https:\\\/\\\/rck.tehnicka-skola-karlovac.hr\\\/struka-i-ti\\\/odrzan-1-sastanak-s-inovatorima-u-sklopu-projekata-regionalnog-centra-kompetentnosti-tehnicke-skole-karlovac\\\/\",\"name\":\"Odr\u017ean prvi promotivni sastanak s inovatorima u sklopu projekata Regionalnog centra kompetentnosti Tehni\u010dke \u0161kole Karlovac - STRuKA i TI\",\"isPartOf\":{\"@id\":\"https:\\\/\\\/rck.tehnicka-skola-karlovac.hr\\\/struka-i-ti\\\/#website\"},\"primaryImageOfPage\":{\"@id\":\"https:\\\/\\\/rck.tehnicka-skola-karlovac.hr\\\/struka-i-ti\\\/odrzan-1-sastanak-s-inovatorima-u-sklopu-projekata-regionalnog-centra-kompetentnosti-tehnicke-skole-karlovac\\\/#primaryimage\"},\"image\":{\"@id\":\"https:\\\/\\\/rck.tehnicka-skola-karlovac.hr\\\/struka-i-ti\\\/odrzan-1-sastanak-s-inovatorima-u-sklopu-projekata-regionalnog-centra-kompetentnosti-tehnicke-skole-karlovac\\\/#primaryimage\"},\"thumbnailUrl\":\"https:\\\/\\\/rck.tehnicka-skola-karlovac.hr\\\/struka-i-ti\\\/wp-content\\\/uploads\\\/2021\\\/04\\\/20210323_141813-scaled.jpg\",\"datePublished\":\"2021-04-01T09:31:38+00:00\",\"dateModified\":\"2021-04-28T11:20:26+00:00\",\"author\":{\"@id\":\"https:\\\/\\\/rck.tehnicka-skola-karlovac.hr\\\/struka-i-ti\\\/#\\\/schema\\\/person\\\/f73d84167583d34b7c48debd2dcd75de\"},\"breadcrumb\":{\"@id\":\"https:\\\/\\\/rck.tehnicka-skola-karlovac.hr\\\/struka-i-ti\\\/odrzan-1-sastanak-s-inovatorima-u-sklopu-projekata-regionalnog-centra-kompetentnosti-tehnicke-skole-karlovac\\\/#breadcrumb\"},\"inLanguage\":\"hr\",\"potentialAction\":[{\"@type\":\"ReadAction\",\"target\":[\"https:\\\/\\\/rck.tehnicka-skola-karlovac.hr\\\/struka-i-ti\\\/odrzan-1-sastanak-s-inovatorima-u-sklopu-projekata-regionalnog-centra-kompetentnosti-tehnicke-skole-karlovac\\\/\"]}]},{\"@type\":\"ImageObject\",\"inLanguage\":\"hr\",\"@id\":\"https:\\\/\\\/rck.tehnicka-skola-karlovac.hr\\\/struka-i-ti\\\/odrzan-1-sastanak-s-inovatorima-u-sklopu-projekata-regionalnog-centra-kompetentnosti-tehnicke-skole-karlovac\\\/#primaryimage\",\"url\":\"https:\\\/\\\/rck.tehnicka-skola-karlovac.hr\\\/struka-i-ti\\\/wp-content\\\/uploads\\\/2021\\\/04\\\/20210323_141813-scaled.jpg\",\"contentUrl\":\"https:\\\/\\\/rck.tehnicka-skola-karlovac.hr\\\/struka-i-ti\\\/wp-content\\\/uploads\\\/2021\\\/04\\\/20210323_141813-scaled.jpg\",\"width\":2560,\"height\":1920},{\"@type\":\"BreadcrumbList\",\"@id\":\"https:\\\/\\\/rck.tehnicka-skola-karlovac.hr\\\/struka-i-ti\\\/odrzan-1-sastanak-s-inovatorima-u-sklopu-projekata-regionalnog-centra-kompetentnosti-tehnicke-skole-karlovac\\\/#breadcrumb\",\"itemListElement\":[{\"@type\":\"ListItem\",\"position\":1,\"name\":\"Po\u010detna stranica\",\"item\":\"https:\\\/\\\/rck.tehnicka-skola-karlovac.hr\\\/struka-i-ti\\\/\"},{\"@type\":\"ListItem\",\"position\":2,\"name\":\"Odr\u017ean prvi promotivni sastanak s inovatorima u sklopu projekata Regionalnog centra kompetentnosti Tehni\u010dke \u0161kole Karlovac\"}]},{\"@type\":\"WebSite\",\"@id\":\"https:\\\/\\\/rck.tehnicka-skola-karlovac.hr\\\/struka-i-ti\\\/#website\",\"url\":\"https:\\\/\\\/rck.tehnicka-skola-karlovac.hr\\\/struka-i-ti\\\/\",\"name\":\"STRuKA i TI\",\"description\":\"Tehni\u010dka \u0161kola Karlovac\",\"potentialAction\":[{\"@type\":\"SearchAction\",\"target\":{\"@type\":\"EntryPoint\",\"urlTemplate\":\"https:\\\/\\\/rck.tehnicka-skola-karlovac.hr\\\/struka-i-ti\\\/?s={search_term_string}\"},\"query-input\":{\"@type\":\"PropertyValueSpecification\",\"valueRequired\":true,\"valueName\":\"search_term_string\"}}],\"inLanguage\":\"hr\"},{\"@type\":\"Person\",\"@id\":\"https:\\\/\\\/rck.tehnicka-skola-karlovac.hr\\\/struka-i-ti\\\/#\\\/schema\\\/person\\\/f73d84167583d34b7c48debd2dcd75de\",\"name\":\"STRuKA i Ti\",\"image\":{\"@type\":\"ImageObject\",\"inLanguage\":\"hr\",\"@id\":\"https:\\\/\\\/secure.gravatar.com\\\/avatar\\\/65e31da4b9fdafe8f9dfb94541ee963b42e73f7f824625f07b5ab5cc36b6307e?s=96&d=mm&r=g\",\"url\":\"https:\\\/\\\/secure.gravatar.com\\\/avatar\\\/65e31da4b9fdafe8f9dfb94541ee963b42e73f7f824625f07b5ab5cc36b6307e?s=96&d=mm&r=g\",\"contentUrl\":\"https:\\\/\\\/secure.gravatar.com\\\/avatar\\\/65e31da4b9fdafe8f9dfb94541ee963b42e73f7f824625f07b5ab5cc36b6307e?s=96&d=mm&r=g\",\"caption\":\"STRuKA i Ti\"},\"url\":\"https:\\\/\\\/rck.tehnicka-skola-karlovac.hr\\\/struka-i-ti\\\/author\\\/marija-tadic\\\/\"}]}<\/script>\n<!-- \/ Yoast SEO plugin. -->","yoast_head_json":{"title":"Odr\u017ean prvi promotivni sastanak s inovatorima u sklopu projekata Regionalnog centra kompetentnosti Tehni\u010dke \u0161kole Karlovac - STRuKA i TI","robots":{"index":"index","follow":"follow","max-snippet":"max-snippet:-1","max-image-preview":"max-image-preview:large","max-video-preview":"max-video-preview:-1"},"canonical":"https:\/\/rck.tehnicka-skola-karlovac.hr\/struka-i-ti\/odrzan-1-sastanak-s-inovatorima-u-sklopu-projekata-regionalnog-centra-kompetentnosti-tehnicke-skole-karlovac\/","og_locale":"hr_HR","og_type":"article","og_title":"Odr\u017ean prvi promotivni sastanak s inovatorima u sklopu projekata Regionalnog centra kompetentnosti Tehni\u010dke \u0161kole Karlovac - STRuKA i TI","og_description":"U sklopu projekata Regionalnog centra kompetentnosti Tehni\u010dke \u0161kole Karlovac, &#8220;STRuKA i TI&#8221; i &#8220;KaRijERA i JA&#8221;, u organizaciji projektnog partnera Hrvatske gospodarske komore \u2013 \u017dupanijske komore Karlovac, odr\u017ean je prvi promotivni sastanak s inovatorima s podru\u010dja Karlova\u010dke \u017eupanije. \u010clanovima Udruge inovatora Karlova\u010dke \u017eupanije, na prvom sastanku, predstavljeni su projekti Regionalnog centra kompetentnosti u sektoru elektrotehnike [&hellip;]","og_url":"https:\/\/rck.tehnicka-skola-karlovac.hr\/struka-i-ti\/odrzan-1-sastanak-s-inovatorima-u-sklopu-projekata-regionalnog-centra-kompetentnosti-tehnicke-skole-karlovac\/","og_site_name":"STRuKA i TI","article_published_time":"2021-04-01T09:31:38+00:00","article_modified_time":"2021-04-28T11:20:26+00:00","og_image":[{"width":2560,"height":1920,"url":"https:\/\/rck.tehnicka-skola-karlovac.hr\/struka-i-ti\/wp-content\/uploads\/2021\/04\/20210323_141813-scaled.jpg","type":"image\/jpeg"}],"author":"STRuKA i Ti","twitter_card":"summary_large_image","twitter_misc":{"Napisao\/la":"STRuKA i Ti","Procijenjeno vrijeme \u010ditanja":"1 minuta"},"schema":{"@context":"https:\/\/schema.org","@graph":[{"@type":"Article","@id":"https:\/\/rck.tehnicka-skola-karlovac.hr\/struka-i-ti\/odrzan-1-sastanak-s-inovatorima-u-sklopu-projekata-regionalnog-centra-kompetentnosti-tehnicke-skole-karlovac\/#article","isPartOf":{"@id":"https:\/\/rck.tehnicka-skola-karlovac.hr\/struka-i-ti\/odrzan-1-sastanak-s-inovatorima-u-sklopu-projekata-regionalnog-centra-kompetentnosti-tehnicke-skole-karlovac\/"},"author":{"name":"STRuKA i Ti","@id":"https:\/\/rck.tehnicka-skola-karlovac.hr\/struka-i-ti\/#\/schema\/person\/f73d84167583d34b7c48debd2dcd75de"},"headline":"Odr\u017ean prvi promotivni sastanak s inovatorima u sklopu projekata Regionalnog centra kompetentnosti Tehni\u010dke \u0161kole Karlovac","datePublished":"2021-04-01T09:31:38+00:00","dateModified":"2021-04-28T11:20:26+00:00","mainEntityOfPage":{"@id":"https:\/\/rck.tehnicka-skola-karlovac.hr\/struka-i-ti\/odrzan-1-sastanak-s-inovatorima-u-sklopu-projekata-regionalnog-centra-kompetentnosti-tehnicke-skole-karlovac\/"},"wordCount":266,"commentCount":0,"image":{"@id":"https:\/\/rck.tehnicka-skola-karlovac.hr\/struka-i-ti\/odrzan-1-sastanak-s-inovatorima-u-sklopu-projekata-regionalnog-centra-kompetentnosti-tehnicke-skole-karlovac\/#primaryimage"},"thumbnailUrl":"https:\/\/rck.tehnicka-skola-karlovac.hr\/struka-i-ti\/wp-content\/uploads\/2021\/04\/20210323_141813-scaled.jpg","articleSection":["Novosti"],"inLanguage":"hr","potentialAction":[{"@type":"CommentAction","name":"Comment","target":["https:\/\/rck.tehnicka-skola-karlovac.hr\/struka-i-ti\/odrzan-1-sastanak-s-inovatorima-u-sklopu-projekata-regionalnog-centra-kompetentnosti-tehnicke-skole-karlovac\/#respond"]}]},{"@type":"WebPage","@id":"https:\/\/rck.tehnicka-skola-karlovac.hr\/struka-i-ti\/odrzan-1-sastanak-s-inovatorima-u-sklopu-projekata-regionalnog-centra-kompetentnosti-tehnicke-skole-karlovac\/","url":"https:\/\/rck.tehnicka-skola-karlovac.hr\/struka-i-ti\/odrzan-1-sastanak-s-inovatorima-u-sklopu-projekata-regionalnog-centra-kompetentnosti-tehnicke-skole-karlovac\/","name":"Odr\u017ean prvi promotivni sastanak s inovatorima u sklopu projekata Regionalnog centra kompetentnosti Tehni\u010dke \u0161kole Karlovac - STRuKA i TI","isPartOf":{"@id":"https:\/\/rck.tehnicka-skola-karlovac.hr\/struka-i-ti\/#website"},"primaryImageOfPage":{"@id":"https:\/\/rck.tehnicka-skola-karlovac.hr\/struka-i-ti\/odrzan-1-sastanak-s-inovatorima-u-sklopu-projekata-regionalnog-centra-kompetentnosti-tehnicke-skole-karlovac\/#primaryimage"},"image":{"@id":"https:\/\/rck.tehnicka-skola-karlovac.hr\/struka-i-ti\/odrzan-1-sastanak-s-inovatorima-u-sklopu-projekata-regionalnog-centra-kompetentnosti-tehnicke-skole-karlovac\/#primaryimage"},"thumbnailUrl":"https:\/\/rck.tehnicka-skola-karlovac.hr\/struka-i-ti\/wp-content\/uploads\/2021\/04\/20210323_141813-scaled.jpg","datePublished":"2021-04-01T09:31:38+00:00","dateModified":"2021-04-28T11:20:26+00:00","author":{"@id":"https:\/\/rck.tehnicka-skola-karlovac.hr\/struka-i-ti\/#\/schema\/person\/f73d84167583d34b7c48debd2dcd75de"},"breadcrumb":{"@id":"https:\/\/rck.tehnicka-skola-karlovac.hr\/struka-i-ti\/odrzan-1-sastanak-s-inovatorima-u-sklopu-projekata-regionalnog-centra-kompetentnosti-tehnicke-skole-karlovac\/#breadcrumb"},"inLanguage":"hr","potentialAction":[{"@type":"ReadAction","target":["https:\/\/rck.tehnicka-skola-karlovac.hr\/struka-i-ti\/odrzan-1-sastanak-s-inovatorima-u-sklopu-projekata-regionalnog-centra-kompetentnosti-tehnicke-skole-karlovac\/"]}]},{"@type":"ImageObject","inLanguage":"hr","@id":"https:\/\/rck.tehnicka-skola-karlovac.hr\/struka-i-ti\/odrzan-1-sastanak-s-inovatorima-u-sklopu-projekata-regionalnog-centra-kompetentnosti-tehnicke-skole-karlovac\/#primaryimage","url":"https:\/\/rck.tehnicka-skola-karlovac.hr\/struka-i-ti\/wp-content\/uploads\/2021\/04\/20210323_141813-scaled.jpg","contentUrl":"https:\/\/rck.tehnicka-skola-karlovac.hr\/struka-i-ti\/wp-content\/uploads\/2021\/04\/20210323_141813-scaled.jpg","width":2560,"height":1920},{"@type":"BreadcrumbList","@id":"https:\/\/rck.tehnicka-skola-karlovac.hr\/struka-i-ti\/odrzan-1-sastanak-s-inovatorima-u-sklopu-projekata-regionalnog-centra-kompetentnosti-tehnicke-skole-karlovac\/#breadcrumb","itemListElement":[{"@type":"ListItem","position":1,"name":"Po\u010detna stranica","item":"https:\/\/rck.tehnicka-skola-karlovac.hr\/struka-i-ti\/"},{"@type":"ListItem","position":2,"name":"Odr\u017ean prvi promotivni sastanak s inovatorima u sklopu projekata Regionalnog centra kompetentnosti Tehni\u010dke \u0161kole Karlovac"}]},{"@type":"WebSite","@id":"https:\/\/rck.tehnicka-skola-karlovac.hr\/struka-i-ti\/#website","url":"https:\/\/rck.tehnicka-skola-karlovac.hr\/struka-i-ti\/","name":"STRuKA i TI","description":"Tehni\u010dka \u0161kola Karlovac","potentialAction":[{"@type":"SearchAction","target":{"@type":"EntryPoint","urlTemplate":"https:\/\/rck.tehnicka-skola-karlovac.hr\/struka-i-ti\/?s={search_term_string}"},"query-input":{"@type":"PropertyValueSpecification","valueRequired":true,"valueName":"search_term_string"}}],"inLanguage":"hr"},{"@type":"Person","@id":"https:\/\/rck.tehnicka-skola-karlovac.hr\/struka-i-ti\/#\/schema\/person\/f73d84167583d34b7c48debd2dcd75de","name":"STRuKA i Ti","image":{"@type":"ImageObject","inLanguage":"hr","@id":"https:\/\/secure.gravatar.com\/avatar\/65e31da4b9fdafe8f9dfb94541ee963b42e73f7f824625f07b5ab5cc36b6307e?s=96&d=mm&r=g","url":"https:\/\/secure.gravatar.com\/avatar\/65e31da4b9fdafe8f9dfb94541ee963b42e73f7f824625f07b5ab5cc36b6307e?s=96&d=mm&r=g","contentUrl":"https:\/\/secure.gravatar.com\/avatar\/65e31da4b9fdafe8f9dfb94541ee963b42e73f7f824625f07b5ab5cc36b6307e?s=96&d=mm&r=g","caption":"STRuKA i Ti"},"url":"https:\/\/rck.tehnicka-skola-karlovac.hr\/struka-i-ti\/author\/marija-tadic\/"}]}},"_links":{"self":[{"href":"https:\/\/rck.tehnicka-skola-karlovac.hr\/struka-i-ti\/wp-json\/wp\/v2\/posts\/544","targetHints":{"allow":["GET"]}}],"collection":[{"href":"https:\/\/rck.tehnicka-skola-karlovac.hr\/struka-i-ti\/wp-json\/wp\/v2\/posts"}],"about":[{"href":"https:\/\/rck.tehnicka-skola-karlovac.hr\/struka-i-ti\/wp-json\/wp\/v2\/types\/post"}],"author":[{"embeddable":true,"href":"https:\/\/rck.tehnicka-skola-karlovac.hr\/struka-i-ti\/wp-json\/wp\/v2\/users\/2"}],"replies":[{"embeddable":true,"href":"https:\/\/rck.tehnicka-skola-karlovac.hr\/struka-i-ti\/wp-json\/wp\/v2\/comments?post=544"}],"version-history":[{"count":3,"href":"https:\/\/rck.tehnicka-skola-karlovac.hr\/struka-i-ti\/wp-json\/wp\/v2\/posts\/544\/revisions"}],"predecessor-version":[{"id":574,"href":"https:\/\/rck.tehnicka-skola-karlovac.hr\/struka-i-ti\/wp-json\/wp\/v2\/posts\/544\/revisions\/574"}],"wp:featuredmedia":[{"embeddable":true,"href":"https:\/\/rck.tehnicka-skola-karlovac.hr\/struka-i-ti\/wp-json\/wp\/v2\/media\/546"}],"wp:attachment":[{"href":"https:\/\/rck.tehnicka-skola-karlovac.hr\/struka-i-ti\/wp-json\/wp\/v2\/media?parent=544"}],"wp:term":[{"taxonomy":"category","embeddable":true,"href":"https:\/\/rck.tehnicka-skola-karlovac.hr\/struka-i-ti\/wp-json\/wp\/v2\/categories?post=544"},{"taxonomy":"post_tag","embeddable":true,"href":"https:\/\/rck.tehnicka-skola-karlovac.hr\/struka-i-ti\/wp-json\/wp\/v2\/tags?post=544"}],"curies":[{"name":"wp","href":"https:\/\/api.w.org\/{rel}","templated":true}]}}