{"id":580,"date":"2021-05-05T15:04:13","date_gmt":"2021-05-05T13:04:13","guid":{"rendered":"https:\/\/rck.tehnicka-skola-karlovac.hr\/struka-i-ti\/?p=580"},"modified":"2021-05-05T15:22:18","modified_gmt":"2021-05-05T13:22:18","slug":"odrzana-pocetna-tiskovna-konferencija-projekta-struka-i-ti","status":"publish","type":"post","link":"https:\/\/rck.tehnicka-skola-karlovac.hr\/struka-i-ti\/odrzana-pocetna-tiskovna-konferencija-projekta-struka-i-ti\/","title":{"rendered":"Odr\u017eana po\u010detna tiskovna konferencija projekta &#8220;STRuKA i TI&#8221;"},"content":{"rendered":"<p>U &#8220;Atriju znanja&#8221; Veleu\u010dili\u0161ta u Karlovcu, 5. svibnja 2021., odr\u017eana je po\u010detna konferencija projekta &#8220;STRuKA i TI&#8221; koji se provodi u okviru Operativnog programa U\u010dinkoviti ljudski potencijali 2014.-2020. te se financira iz Europskog socijalnog fonda u iznosu od 27.623.493,09 HRK.<\/p>\n<p>Projekt u svojem imenu nosi reformu strukovnog obrazovanja koja spaja gospodarski s obrazovnim sektorom u STRrojarstvu na podru\u010dju KArlova\u010dke \u017eupanije. Suvremena infrastruktura, specijalizirani kabineti s najmodernijom opremom, vi\u0161e prakti\u010dne nastave za polaznike, unaprje\u0111enje postoje\u0107ih strukovnih programa te programa za u\u010denike s te\u0161ko\u0107ama i osobe s invaliditetom, novi formalni i neformalni programi obrazovanja odraslih stvorit \u0107e uvjete za usvajanje vje\u0161tina i kompetencija potrebnih za zanimanja budu\u0107nosti u strojarstvu.<\/p>\n<p>Brzi razvoj tehnologije zahtjeva stalnu prilagodbu obrazovnog sektora potrebama poslodavaca i tr\u017ei\u0161ta rada. Stoga je u tijeku izrada novog standarda zanimanja iz podru\u010dja odr\u017eavanja numeri\u010dki upravljanih alatnih strojeva i ure\u0111aja. Tako\u0111er, zapo\u010delo se s unaprje\u0111enjem \u00a0postoje\u0107ih strukovnih programa te programa za u\u010denike s te\u0161ko\u0107ama i osoba s invaliditetom. Razvijaju se novi formalni i neformalni programi obrazovanja odraslih. U tijeku su i radionice za strate\u0161ko planiranje, participativno upravljanje i savjetovanje uspostave organizacije i rada Centra. Odr\u017eana je i prva, od planirane \u010detiri edukacije za mentore, s ciljem usavr\u0161avanja znanja za bolju u\u010dinkovitost pripreme polaznika prakti\u010dne nastave za tr\u017ei\u0161te rada. Kako bi sve \u0161to se provodi projektom uspje\u0161no prona\u0161lo put do javnosti, od iznimne va\u017enosti su aktivnosti profesionalnog usmjeravanja u\u010denika. U to su uklju\u010dene posjete osnovnim \u0161kolama, posjeti u\u010denika proizvodnim pogonima te u\u010deni\u010dka natjecanja i smotre.<\/p>\n<p>U predstavljanju projekta sudjelovali su pomo\u0107nik ministrice kulture i medija \u2013 Davor Trupkovi\u0107,\u00a0 zamjenica \u017eupana Karlova\u010dke \u017eupanije \u2013 Vesna Hajsan-Dolinar, zamjenica gradona\u010delnika Karlovca \u2013 Andreja Navijali\u0107 te ravnatelj Tehni\u010dke \u0161kole Karlovac \u2013 Regionalnog centra kompetentnosti \u2013 Ivan Jankovi\u0107.<\/p>\n<div class=\"et_pb_slider et_pb_slider_fullwidth_off et_pb_gallery_post_type\">\n\t\t\t\t<div class=\"et_pb_slides\">\n\t\t\t\t\t<div class=\"et_pb_slide\" style=\"background: url(https:\/\/rck.tehnicka-skola-karlovac.hr\/struka-i-ti\/wp-content\/uploads\/2021\/05\/20210505_110526-scaled.jpg);\"><\/div><div class=\"et_pb_slide\" style=\"background: url(https:\/\/rck.tehnicka-skola-karlovac.hr\/struka-i-ti\/wp-content\/uploads\/2021\/05\/20210505_110830-scaled.jpg);\"><\/div><div class=\"et_pb_slide\" style=\"background: url(https:\/\/rck.tehnicka-skola-karlovac.hr\/struka-i-ti\/wp-content\/uploads\/2021\/05\/20210505_111326-scaled.jpg);\"><\/div><div class=\"et_pb_slide\" style=\"background: url(https:\/\/rck.tehnicka-skola-karlovac.hr\/struka-i-ti\/wp-content\/uploads\/2021\/05\/20210505_111718-scaled.jpg);\"><\/div><div class=\"et_pb_slide\" style=\"background: url(https:\/\/rck.tehnicka-skola-karlovac.hr\/struka-i-ti\/wp-content\/uploads\/2021\/05\/20210505_112935-scaled.jpg);\"><\/div>\n\t\t\t\t<\/div>\n\t\t\t<\/div>\n<p><img loading=\"lazy\" decoding=\"async\" class=\"size-full wp-image-545 aligncenter\" src=\"https:\/\/rck.tehnicka-skola-karlovac.hr\/struka-i-ti\/wp-content\/uploads\/2021\/04\/Lenta-i-tekst.png\" alt=\"\" width=\"1055\" height=\"333\" \/><\/p>\n","protected":false},"excerpt":{"rendered":"<p>U &#8220;Atriju znanja&#8221; Veleu\u010dili\u0161ta u Karlovcu, 5. svibnja 2021., odr\u017eana je po\u010detna konferencija projekta &#8220;STRuKA i TI&#8221; koji se provodi u okviru Operativnog programa U\u010dinkoviti ljudski potencijali 2014.-2020. te se financira iz Europskog socijalnog fonda u iznosu od 27.623.493,09 HRK. Projekt u svojem imenu nosi reformu strukovnog obrazovanja koja spaja gospodarski s obrazovnim sektorom u [&hellip;]<\/p>\n","protected":false},"author":2,"featured_media":584,"comment_status":"open","ping_status":"open","sticky":false,"template":"","format":"standard","meta":{"_et_pb_use_builder":"","_et_pb_old_content":"","_et_gb_content_width":"","footnotes":""},"categories":[1],"tags":[],"class_list":["post-580","post","type-post","status-publish","format-standard","has-post-thumbnail","hentry","category-novosti"],"yoast_head":"<!-- This site is optimized with the Yoast SEO plugin v27.3 - https:\/\/yoast.com\/product\/yoast-seo-wordpress\/ -->\n<title>Odr\u017eana po\u010detna tiskovna konferencija projekta &quot;STRuKA i TI&quot; - STRuKA i TI<\/title>\n<meta name=\"robots\" content=\"index, follow, max-snippet:-1, max-image-preview:large, max-video-preview:-1\" \/>\n<link rel=\"canonical\" href=\"https:\/\/rck.tehnicka-skola-karlovac.hr\/struka-i-ti\/odrzana-pocetna-tiskovna-konferencija-projekta-struka-i-ti\/\" \/>\n<meta property=\"og:locale\" content=\"hr_HR\" \/>\n<meta property=\"og:type\" content=\"article\" \/>\n<meta property=\"og:title\" content=\"Odr\u017eana po\u010detna tiskovna konferencija projekta &quot;STRuKA i TI&quot; - STRuKA i TI\" \/>\n<meta property=\"og:description\" content=\"U &#8220;Atriju znanja&#8221; Veleu\u010dili\u0161ta u Karlovcu, 5. svibnja 2021., odr\u017eana je po\u010detna konferencija projekta &#8220;STRuKA i TI&#8221; koji se provodi u okviru Operativnog programa U\u010dinkoviti ljudski potencijali 2014.-2020. te se financira iz Europskog socijalnog fonda u iznosu od 27.623.493,09 HRK. Projekt u svojem imenu nosi reformu strukovnog obrazovanja koja spaja gospodarski s obrazovnim sektorom u [&hellip;]\" \/>\n<meta property=\"og:url\" content=\"https:\/\/rck.tehnicka-skola-karlovac.hr\/struka-i-ti\/odrzana-pocetna-tiskovna-konferencija-projekta-struka-i-ti\/\" \/>\n<meta property=\"og:site_name\" content=\"STRuKA i TI\" \/>\n<meta property=\"article:published_time\" content=\"2021-05-05T13:04:13+00:00\" \/>\n<meta property=\"article:modified_time\" content=\"2021-05-05T13:22:18+00:00\" \/>\n<meta property=\"og:image\" content=\"https:\/\/rck.tehnicka-skola-karlovac.hr\/struka-i-ti\/wp-content\/uploads\/2021\/05\/20210505_111718-scaled.jpg\" \/>\n\t<meta property=\"og:image:width\" content=\"2560\" \/>\n\t<meta property=\"og:image:height\" content=\"1920\" \/>\n\t<meta property=\"og:image:type\" content=\"image\/jpeg\" \/>\n<meta name=\"author\" content=\"STRuKA i Ti\" \/>\n<meta name=\"twitter:card\" content=\"summary_large_image\" \/>\n<meta name=\"twitter:label1\" content=\"Napisao\/la\" \/>\n\t<meta name=\"twitter:data1\" content=\"STRuKA i Ti\" \/>\n\t<meta name=\"twitter:label2\" content=\"Procijenjeno vrijeme \u010ditanja\" \/>\n\t<meta name=\"twitter:data2\" content=\"2 minute\" \/>\n<script type=\"application\/ld+json\" class=\"yoast-schema-graph\">{\"@context\":\"https:\\\/\\\/schema.org\",\"@graph\":[{\"@type\":\"Article\",\"@id\":\"https:\\\/\\\/rck.tehnicka-skola-karlovac.hr\\\/struka-i-ti\\\/odrzana-pocetna-tiskovna-konferencija-projekta-struka-i-ti\\\/#article\",\"isPartOf\":{\"@id\":\"https:\\\/\\\/rck.tehnicka-skola-karlovac.hr\\\/struka-i-ti\\\/odrzana-pocetna-tiskovna-konferencija-projekta-struka-i-ti\\\/\"},\"author\":{\"name\":\"STRuKA i Ti\",\"@id\":\"https:\\\/\\\/rck.tehnicka-skola-karlovac.hr\\\/struka-i-ti\\\/#\\\/schema\\\/person\\\/f73d84167583d34b7c48debd2dcd75de\"},\"headline\":\"Odr\u017eana po\u010detna tiskovna konferencija projekta &#8220;STRuKA i TI&#8221;\",\"datePublished\":\"2021-05-05T13:04:13+00:00\",\"dateModified\":\"2021-05-05T13:22:18+00:00\",\"mainEntityOfPage\":{\"@id\":\"https:\\\/\\\/rck.tehnicka-skola-karlovac.hr\\\/struka-i-ti\\\/odrzana-pocetna-tiskovna-konferencija-projekta-struka-i-ti\\\/\"},\"wordCount\":335,\"commentCount\":0,\"image\":{\"@id\":\"https:\\\/\\\/rck.tehnicka-skola-karlovac.hr\\\/struka-i-ti\\\/odrzana-pocetna-tiskovna-konferencija-projekta-struka-i-ti\\\/#primaryimage\"},\"thumbnailUrl\":\"https:\\\/\\\/rck.tehnicka-skola-karlovac.hr\\\/struka-i-ti\\\/wp-content\\\/uploads\\\/2021\\\/05\\\/20210505_111718-scaled.jpg\",\"articleSection\":[\"Novosti\"],\"inLanguage\":\"hr\",\"potentialAction\":[{\"@type\":\"CommentAction\",\"name\":\"Comment\",\"target\":[\"https:\\\/\\\/rck.tehnicka-skola-karlovac.hr\\\/struka-i-ti\\\/odrzana-pocetna-tiskovna-konferencija-projekta-struka-i-ti\\\/#respond\"]}]},{\"@type\":\"WebPage\",\"@id\":\"https:\\\/\\\/rck.tehnicka-skola-karlovac.hr\\\/struka-i-ti\\\/odrzana-pocetna-tiskovna-konferencija-projekta-struka-i-ti\\\/\",\"url\":\"https:\\\/\\\/rck.tehnicka-skola-karlovac.hr\\\/struka-i-ti\\\/odrzana-pocetna-tiskovna-konferencija-projekta-struka-i-ti\\\/\",\"name\":\"Odr\u017eana po\u010detna tiskovna konferencija projekta \\\"STRuKA i TI\\\" - STRuKA i TI\",\"isPartOf\":{\"@id\":\"https:\\\/\\\/rck.tehnicka-skola-karlovac.hr\\\/struka-i-ti\\\/#website\"},\"primaryImageOfPage\":{\"@id\":\"https:\\\/\\\/rck.tehnicka-skola-karlovac.hr\\\/struka-i-ti\\\/odrzana-pocetna-tiskovna-konferencija-projekta-struka-i-ti\\\/#primaryimage\"},\"image\":{\"@id\":\"https:\\\/\\\/rck.tehnicka-skola-karlovac.hr\\\/struka-i-ti\\\/odrzana-pocetna-tiskovna-konferencija-projekta-struka-i-ti\\\/#primaryimage\"},\"thumbnailUrl\":\"https:\\\/\\\/rck.tehnicka-skola-karlovac.hr\\\/struka-i-ti\\\/wp-content\\\/uploads\\\/2021\\\/05\\\/20210505_111718-scaled.jpg\",\"datePublished\":\"2021-05-05T13:04:13+00:00\",\"dateModified\":\"2021-05-05T13:22:18+00:00\",\"author\":{\"@id\":\"https:\\\/\\\/rck.tehnicka-skola-karlovac.hr\\\/struka-i-ti\\\/#\\\/schema\\\/person\\\/f73d84167583d34b7c48debd2dcd75de\"},\"breadcrumb\":{\"@id\":\"https:\\\/\\\/rck.tehnicka-skola-karlovac.hr\\\/struka-i-ti\\\/odrzana-pocetna-tiskovna-konferencija-projekta-struka-i-ti\\\/#breadcrumb\"},\"inLanguage\":\"hr\",\"potentialAction\":[{\"@type\":\"ReadAction\",\"target\":[\"https:\\\/\\\/rck.tehnicka-skola-karlovac.hr\\\/struka-i-ti\\\/odrzana-pocetna-tiskovna-konferencija-projekta-struka-i-ti\\\/\"]}]},{\"@type\":\"ImageObject\",\"inLanguage\":\"hr\",\"@id\":\"https:\\\/\\\/rck.tehnicka-skola-karlovac.hr\\\/struka-i-ti\\\/odrzana-pocetna-tiskovna-konferencija-projekta-struka-i-ti\\\/#primaryimage\",\"url\":\"https:\\\/\\\/rck.tehnicka-skola-karlovac.hr\\\/struka-i-ti\\\/wp-content\\\/uploads\\\/2021\\\/05\\\/20210505_111718-scaled.jpg\",\"contentUrl\":\"https:\\\/\\\/rck.tehnicka-skola-karlovac.hr\\\/struka-i-ti\\\/wp-content\\\/uploads\\\/2021\\\/05\\\/20210505_111718-scaled.jpg\",\"width\":2560,\"height\":1920},{\"@type\":\"BreadcrumbList\",\"@id\":\"https:\\\/\\\/rck.tehnicka-skola-karlovac.hr\\\/struka-i-ti\\\/odrzana-pocetna-tiskovna-konferencija-projekta-struka-i-ti\\\/#breadcrumb\",\"itemListElement\":[{\"@type\":\"ListItem\",\"position\":1,\"name\":\"Po\u010detna stranica\",\"item\":\"https:\\\/\\\/rck.tehnicka-skola-karlovac.hr\\\/struka-i-ti\\\/\"},{\"@type\":\"ListItem\",\"position\":2,\"name\":\"Odr\u017eana po\u010detna tiskovna konferencija projekta &#8220;STRuKA i TI&#8221;\"}]},{\"@type\":\"WebSite\",\"@id\":\"https:\\\/\\\/rck.tehnicka-skola-karlovac.hr\\\/struka-i-ti\\\/#website\",\"url\":\"https:\\\/\\\/rck.tehnicka-skola-karlovac.hr\\\/struka-i-ti\\\/\",\"name\":\"STRuKA i TI\",\"description\":\"Tehni\u010dka \u0161kola Karlovac\",\"potentialAction\":[{\"@type\":\"SearchAction\",\"target\":{\"@type\":\"EntryPoint\",\"urlTemplate\":\"https:\\\/\\\/rck.tehnicka-skola-karlovac.hr\\\/struka-i-ti\\\/?s={search_term_string}\"},\"query-input\":{\"@type\":\"PropertyValueSpecification\",\"valueRequired\":true,\"valueName\":\"search_term_string\"}}],\"inLanguage\":\"hr\"},{\"@type\":\"Person\",\"@id\":\"https:\\\/\\\/rck.tehnicka-skola-karlovac.hr\\\/struka-i-ti\\\/#\\\/schema\\\/person\\\/f73d84167583d34b7c48debd2dcd75de\",\"name\":\"STRuKA i Ti\",\"image\":{\"@type\":\"ImageObject\",\"inLanguage\":\"hr\",\"@id\":\"https:\\\/\\\/secure.gravatar.com\\\/avatar\\\/65e31da4b9fdafe8f9dfb94541ee963b42e73f7f824625f07b5ab5cc36b6307e?s=96&d=mm&r=g\",\"url\":\"https:\\\/\\\/secure.gravatar.com\\\/avatar\\\/65e31da4b9fdafe8f9dfb94541ee963b42e73f7f824625f07b5ab5cc36b6307e?s=96&d=mm&r=g\",\"contentUrl\":\"https:\\\/\\\/secure.gravatar.com\\\/avatar\\\/65e31da4b9fdafe8f9dfb94541ee963b42e73f7f824625f07b5ab5cc36b6307e?s=96&d=mm&r=g\",\"caption\":\"STRuKA i Ti\"},\"url\":\"https:\\\/\\\/rck.tehnicka-skola-karlovac.hr\\\/struka-i-ti\\\/author\\\/marija-tadic\\\/\"}]}<\/script>\n<!-- \/ Yoast SEO plugin. -->","yoast_head_json":{"title":"Odr\u017eana po\u010detna tiskovna konferencija projekta \"STRuKA i TI\" - STRuKA i TI","robots":{"index":"index","follow":"follow","max-snippet":"max-snippet:-1","max-image-preview":"max-image-preview:large","max-video-preview":"max-video-preview:-1"},"canonical":"https:\/\/rck.tehnicka-skola-karlovac.hr\/struka-i-ti\/odrzana-pocetna-tiskovna-konferencija-projekta-struka-i-ti\/","og_locale":"hr_HR","og_type":"article","og_title":"Odr\u017eana po\u010detna tiskovna konferencija projekta \"STRuKA i TI\" - STRuKA i TI","og_description":"U &#8220;Atriju znanja&#8221; Veleu\u010dili\u0161ta u Karlovcu, 5. svibnja 2021., odr\u017eana je po\u010detna konferencija projekta &#8220;STRuKA i TI&#8221; koji se provodi u okviru Operativnog programa U\u010dinkoviti ljudski potencijali 2014.-2020. te se financira iz Europskog socijalnog fonda u iznosu od 27.623.493,09 HRK. Projekt u svojem imenu nosi reformu strukovnog obrazovanja koja spaja gospodarski s obrazovnim sektorom u [&hellip;]","og_url":"https:\/\/rck.tehnicka-skola-karlovac.hr\/struka-i-ti\/odrzana-pocetna-tiskovna-konferencija-projekta-struka-i-ti\/","og_site_name":"STRuKA i TI","article_published_time":"2021-05-05T13:04:13+00:00","article_modified_time":"2021-05-05T13:22:18+00:00","og_image":[{"width":2560,"height":1920,"url":"https:\/\/rck.tehnicka-skola-karlovac.hr\/struka-i-ti\/wp-content\/uploads\/2021\/05\/20210505_111718-scaled.jpg","type":"image\/jpeg"}],"author":"STRuKA i Ti","twitter_card":"summary_large_image","twitter_misc":{"Napisao\/la":"STRuKA i Ti","Procijenjeno vrijeme \u010ditanja":"2 minute"},"schema":{"@context":"https:\/\/schema.org","@graph":[{"@type":"Article","@id":"https:\/\/rck.tehnicka-skola-karlovac.hr\/struka-i-ti\/odrzana-pocetna-tiskovna-konferencija-projekta-struka-i-ti\/#article","isPartOf":{"@id":"https:\/\/rck.tehnicka-skola-karlovac.hr\/struka-i-ti\/odrzana-pocetna-tiskovna-konferencija-projekta-struka-i-ti\/"},"author":{"name":"STRuKA i Ti","@id":"https:\/\/rck.tehnicka-skola-karlovac.hr\/struka-i-ti\/#\/schema\/person\/f73d84167583d34b7c48debd2dcd75de"},"headline":"Odr\u017eana po\u010detna tiskovna konferencija projekta &#8220;STRuKA i TI&#8221;","datePublished":"2021-05-05T13:04:13+00:00","dateModified":"2021-05-05T13:22:18+00:00","mainEntityOfPage":{"@id":"https:\/\/rck.tehnicka-skola-karlovac.hr\/struka-i-ti\/odrzana-pocetna-tiskovna-konferencija-projekta-struka-i-ti\/"},"wordCount":335,"commentCount":0,"image":{"@id":"https:\/\/rck.tehnicka-skola-karlovac.hr\/struka-i-ti\/odrzana-pocetna-tiskovna-konferencija-projekta-struka-i-ti\/#primaryimage"},"thumbnailUrl":"https:\/\/rck.tehnicka-skola-karlovac.hr\/struka-i-ti\/wp-content\/uploads\/2021\/05\/20210505_111718-scaled.jpg","articleSection":["Novosti"],"inLanguage":"hr","potentialAction":[{"@type":"CommentAction","name":"Comment","target":["https:\/\/rck.tehnicka-skola-karlovac.hr\/struka-i-ti\/odrzana-pocetna-tiskovna-konferencija-projekta-struka-i-ti\/#respond"]}]},{"@type":"WebPage","@id":"https:\/\/rck.tehnicka-skola-karlovac.hr\/struka-i-ti\/odrzana-pocetna-tiskovna-konferencija-projekta-struka-i-ti\/","url":"https:\/\/rck.tehnicka-skola-karlovac.hr\/struka-i-ti\/odrzana-pocetna-tiskovna-konferencija-projekta-struka-i-ti\/","name":"Odr\u017eana po\u010detna tiskovna konferencija projekta \"STRuKA i TI\" - STRuKA i TI","isPartOf":{"@id":"https:\/\/rck.tehnicka-skola-karlovac.hr\/struka-i-ti\/#website"},"primaryImageOfPage":{"@id":"https:\/\/rck.tehnicka-skola-karlovac.hr\/struka-i-ti\/odrzana-pocetna-tiskovna-konferencija-projekta-struka-i-ti\/#primaryimage"},"image":{"@id":"https:\/\/rck.tehnicka-skola-karlovac.hr\/struka-i-ti\/odrzana-pocetna-tiskovna-konferencija-projekta-struka-i-ti\/#primaryimage"},"thumbnailUrl":"https:\/\/rck.tehnicka-skola-karlovac.hr\/struka-i-ti\/wp-content\/uploads\/2021\/05\/20210505_111718-scaled.jpg","datePublished":"2021-05-05T13:04:13+00:00","dateModified":"2021-05-05T13:22:18+00:00","author":{"@id":"https:\/\/rck.tehnicka-skola-karlovac.hr\/struka-i-ti\/#\/schema\/person\/f73d84167583d34b7c48debd2dcd75de"},"breadcrumb":{"@id":"https:\/\/rck.tehnicka-skola-karlovac.hr\/struka-i-ti\/odrzana-pocetna-tiskovna-konferencija-projekta-struka-i-ti\/#breadcrumb"},"inLanguage":"hr","potentialAction":[{"@type":"ReadAction","target":["https:\/\/rck.tehnicka-skola-karlovac.hr\/struka-i-ti\/odrzana-pocetna-tiskovna-konferencija-projekta-struka-i-ti\/"]}]},{"@type":"ImageObject","inLanguage":"hr","@id":"https:\/\/rck.tehnicka-skola-karlovac.hr\/struka-i-ti\/odrzana-pocetna-tiskovna-konferencija-projekta-struka-i-ti\/#primaryimage","url":"https:\/\/rck.tehnicka-skola-karlovac.hr\/struka-i-ti\/wp-content\/uploads\/2021\/05\/20210505_111718-scaled.jpg","contentUrl":"https:\/\/rck.tehnicka-skola-karlovac.hr\/struka-i-ti\/wp-content\/uploads\/2021\/05\/20210505_111718-scaled.jpg","width":2560,"height":1920},{"@type":"BreadcrumbList","@id":"https:\/\/rck.tehnicka-skola-karlovac.hr\/struka-i-ti\/odrzana-pocetna-tiskovna-konferencija-projekta-struka-i-ti\/#breadcrumb","itemListElement":[{"@type":"ListItem","position":1,"name":"Po\u010detna stranica","item":"https:\/\/rck.tehnicka-skola-karlovac.hr\/struka-i-ti\/"},{"@type":"ListItem","position":2,"name":"Odr\u017eana po\u010detna tiskovna konferencija projekta &#8220;STRuKA i TI&#8221;"}]},{"@type":"WebSite","@id":"https:\/\/rck.tehnicka-skola-karlovac.hr\/struka-i-ti\/#website","url":"https:\/\/rck.tehnicka-skola-karlovac.hr\/struka-i-ti\/","name":"STRuKA i TI","description":"Tehni\u010dka \u0161kola Karlovac","potentialAction":[{"@type":"SearchAction","target":{"@type":"EntryPoint","urlTemplate":"https:\/\/rck.tehnicka-skola-karlovac.hr\/struka-i-ti\/?s={search_term_string}"},"query-input":{"@type":"PropertyValueSpecification","valueRequired":true,"valueName":"search_term_string"}}],"inLanguage":"hr"},{"@type":"Person","@id":"https:\/\/rck.tehnicka-skola-karlovac.hr\/struka-i-ti\/#\/schema\/person\/f73d84167583d34b7c48debd2dcd75de","name":"STRuKA i Ti","image":{"@type":"ImageObject","inLanguage":"hr","@id":"https:\/\/secure.gravatar.com\/avatar\/65e31da4b9fdafe8f9dfb94541ee963b42e73f7f824625f07b5ab5cc36b6307e?s=96&d=mm&r=g","url":"https:\/\/secure.gravatar.com\/avatar\/65e31da4b9fdafe8f9dfb94541ee963b42e73f7f824625f07b5ab5cc36b6307e?s=96&d=mm&r=g","contentUrl":"https:\/\/secure.gravatar.com\/avatar\/65e31da4b9fdafe8f9dfb94541ee963b42e73f7f824625f07b5ab5cc36b6307e?s=96&d=mm&r=g","caption":"STRuKA i Ti"},"url":"https:\/\/rck.tehnicka-skola-karlovac.hr\/struka-i-ti\/author\/marija-tadic\/"}]}},"_links":{"self":[{"href":"https:\/\/rck.tehnicka-skola-karlovac.hr\/struka-i-ti\/wp-json\/wp\/v2\/posts\/580","targetHints":{"allow":["GET"]}}],"collection":[{"href":"https:\/\/rck.tehnicka-skola-karlovac.hr\/struka-i-ti\/wp-json\/wp\/v2\/posts"}],"about":[{"href":"https:\/\/rck.tehnicka-skola-karlovac.hr\/struka-i-ti\/wp-json\/wp\/v2\/types\/post"}],"author":[{"embeddable":true,"href":"https:\/\/rck.tehnicka-skola-karlovac.hr\/struka-i-ti\/wp-json\/wp\/v2\/users\/2"}],"replies":[{"embeddable":true,"href":"https:\/\/rck.tehnicka-skola-karlovac.hr\/struka-i-ti\/wp-json\/wp\/v2\/comments?post=580"}],"version-history":[{"count":3,"href":"https:\/\/rck.tehnicka-skola-karlovac.hr\/struka-i-ti\/wp-json\/wp\/v2\/posts\/580\/revisions"}],"predecessor-version":[{"id":590,"href":"https:\/\/rck.tehnicka-skola-karlovac.hr\/struka-i-ti\/wp-json\/wp\/v2\/posts\/580\/revisions\/590"}],"wp:featuredmedia":[{"embeddable":true,"href":"https:\/\/rck.tehnicka-skola-karlovac.hr\/struka-i-ti\/wp-json\/wp\/v2\/media\/584"}],"wp:attachment":[{"href":"https:\/\/rck.tehnicka-skola-karlovac.hr\/struka-i-ti\/wp-json\/wp\/v2\/media?parent=580"}],"wp:term":[{"taxonomy":"category","embeddable":true,"href":"https:\/\/rck.tehnicka-skola-karlovac.hr\/struka-i-ti\/wp-json\/wp\/v2\/categories?post=580"},{"taxonomy":"post_tag","embeddable":true,"href":"https:\/\/rck.tehnicka-skola-karlovac.hr\/struka-i-ti\/wp-json\/wp\/v2\/tags?post=580"}],"curies":[{"name":"wp","href":"https:\/\/api.w.org\/{rel}","templated":true}]}}