{"id":593,"date":"2021-06-24T08:38:30","date_gmt":"2021-06-24T06:38:30","guid":{"rendered":"https:\/\/rck.tehnicka-skola-karlovac.hr\/struka-i-ti\/?p=593"},"modified":"2021-06-24T08:38:30","modified_gmt":"2021-06-24T06:38:30","slug":"zavrsena-edukacija-za-prvu-skupinu-polaznika-ka-uc-tv-a","status":"publish","type":"post","link":"https:\/\/rck.tehnicka-skola-karlovac.hr\/struka-i-ti\/zavrsena-edukacija-za-prvu-skupinu-polaznika-ka-uc-tv-a\/","title":{"rendered":"Zavr\u0161ena edukacija za prvu skupinu polaznika KA-U\u010c TV-a"},"content":{"rendered":"<p>Polaznici prve edukacije karlova\u010dke u\u010deni\u010dke televizije, <a href=\"https:\/\/rck.tehnicka-skola-karlovac.hr\/kauc-tv\/\">KA-U\u010c TV-a<\/a>, pod vodstvom voditelja Branka Vilusa, nakon pet mjeseci edukacija i predanog u\u010denja teorijskog gradiva, uspje\u0161no su snimili i montirali svoj zavr\u0161ni rad.<\/p>\n<p>Polaznici su iskazali ogroman interes za u\u010denje i napredovanje u podru\u010dju video produkcije.<\/p>\n<p>No sve to ne bi bilo mogu\u0107e bez voditelja KA-U\u010c TV-a, Branka Vilusa. Branko je svoje dugogodi\u0161nje iskustvo i znanje nesebi\u010dno dijelio s mladim nadama svijeta video produkcije.<\/p>\n<p>Polaznici su tijekom edukacija stekli \u0161iroki spektar znanja koji uklju\u010duje znanja o:<\/p>\n<ul>\n<li><strong>kameri<\/strong>\u00a0(objektiv, fokus, ekspozicija, white balance i rasvjeta, stativ i pokreti kamere),<\/li>\n<li><strong>mikrofonu i snima\u010du zvuka<\/strong>,<\/li>\n<li><strong>snimanju<\/strong>\u00a0i kompoziciji kadra,<\/li>\n<li><strong>novinarskom radu<\/strong>\u00a0(\u0161to sve prethodi snimanju intervjua, kako se informirati o temi i osobi koja se intervjuira, \u0161to je 5 W),<\/li>\n<li><strong>monta\u017ei\u00a0<\/strong>(programi za monta\u017eu i osnove monta\u017ee)<strong>.<\/strong><\/li>\n<\/ul>\n<p>Zavr\u0161ni radi polaznika prve edukacije KA-U\u010c TV-a mo\u017eete pogledati u videu ispod.<\/p>\n<p><iframe loading=\"lazy\" title=\"Zavr\u0161ni rad prve skupine polaznika KA-U\u010c TV-a\" width=\"1080\" height=\"608\" src=\"https:\/\/www.youtube.com\/embed\/32lG8JnpSNg?start=49&#038;feature=oembed\"  allow=\"accelerometer; autoplay; clipboard-write; encrypted-media; gyroscope; picture-in-picture\" allowfullscreen><\/iframe><\/p>\n","protected":false},"excerpt":{"rendered":"<p>Polaznici prve edukacije karlova\u010dke u\u010deni\u010dke televizije, KA-U\u010c TV-a, pod vodstvom voditelja Branka Vilusa, nakon pet mjeseci edukacija i predanog u\u010denja teorijskog gradiva, uspje\u0161no su snimili i montirali svoj zavr\u0161ni rad. Polaznici su iskazali ogroman interes za u\u010denje i napredovanje u podru\u010dju video produkcije. No sve to ne bi bilo mogu\u0107e bez voditelja KA-U\u010c TV-a, Branka [&hellip;]<\/p>\n","protected":false},"author":2,"featured_media":566,"comment_status":"open","ping_status":"open","sticky":false,"template":"","format":"standard","meta":{"_et_pb_use_builder":"","_et_pb_old_content":"","_et_gb_content_width":"","footnotes":""},"categories":[1],"tags":[],"class_list":["post-593","post","type-post","status-publish","format-standard","has-post-thumbnail","hentry","category-novosti"],"yoast_head":"<!-- This site is optimized with the Yoast SEO plugin v27.3 - https:\/\/yoast.com\/product\/yoast-seo-wordpress\/ -->\n<title>Zavr\u0161ena edukacija za prvu skupinu polaznika KA-U\u010c TV-a - STRuKA i TI<\/title>\n<meta name=\"robots\" content=\"index, follow, max-snippet:-1, max-image-preview:large, max-video-preview:-1\" \/>\n<link rel=\"canonical\" href=\"https:\/\/rck.tehnicka-skola-karlovac.hr\/struka-i-ti\/zavrsena-edukacija-za-prvu-skupinu-polaznika-ka-uc-tv-a\/\" \/>\n<meta property=\"og:locale\" content=\"hr_HR\" \/>\n<meta property=\"og:type\" content=\"article\" \/>\n<meta property=\"og:title\" content=\"Zavr\u0161ena edukacija za prvu skupinu polaznika KA-U\u010c TV-a - STRuKA i TI\" \/>\n<meta property=\"og:description\" content=\"Polaznici prve edukacije karlova\u010dke u\u010deni\u010dke televizije, KA-U\u010c TV-a, pod vodstvom voditelja Branka Vilusa, nakon pet mjeseci edukacija i predanog u\u010denja teorijskog gradiva, uspje\u0161no su snimili i montirali svoj zavr\u0161ni rad. Polaznici su iskazali ogroman interes za u\u010denje i napredovanje u podru\u010dju video produkcije. No sve to ne bi bilo mogu\u0107e bez voditelja KA-U\u010c TV-a, Branka [&hellip;]\" \/>\n<meta property=\"og:url\" content=\"https:\/\/rck.tehnicka-skola-karlovac.hr\/struka-i-ti\/zavrsena-edukacija-za-prvu-skupinu-polaznika-ka-uc-tv-a\/\" \/>\n<meta property=\"og:site_name\" content=\"STRuKA i TI\" \/>\n<meta property=\"article:published_time\" content=\"2021-06-24T06:38:30+00:00\" \/>\n<meta property=\"og:image\" content=\"https:\/\/rck.tehnicka-skola-karlovac.hr\/struka-i-ti\/wp-content\/uploads\/2020\/10\/KA-UC-TV-pocetak.jpg\" \/>\n\t<meta property=\"og:image:width\" content=\"1272\" \/>\n\t<meta property=\"og:image:height\" content=\"710\" \/>\n\t<meta property=\"og:image:type\" content=\"image\/jpeg\" \/>\n<meta name=\"author\" content=\"STRuKA i Ti\" \/>\n<meta name=\"twitter:card\" content=\"summary_large_image\" \/>\n<meta name=\"twitter:label1\" content=\"Napisao\/la\" \/>\n\t<meta name=\"twitter:data1\" content=\"STRuKA i Ti\" \/>\n\t<meta name=\"twitter:label2\" content=\"Procijenjeno vrijeme \u010ditanja\" \/>\n\t<meta name=\"twitter:data2\" content=\"1 minuta\" \/>\n<script type=\"application\/ld+json\" class=\"yoast-schema-graph\">{\"@context\":\"https:\\\/\\\/schema.org\",\"@graph\":[{\"@type\":\"Article\",\"@id\":\"https:\\\/\\\/rck.tehnicka-skola-karlovac.hr\\\/struka-i-ti\\\/zavrsena-edukacija-za-prvu-skupinu-polaznika-ka-uc-tv-a\\\/#article\",\"isPartOf\":{\"@id\":\"https:\\\/\\\/rck.tehnicka-skola-karlovac.hr\\\/struka-i-ti\\\/zavrsena-edukacija-za-prvu-skupinu-polaznika-ka-uc-tv-a\\\/\"},\"author\":{\"name\":\"STRuKA i Ti\",\"@id\":\"https:\\\/\\\/rck.tehnicka-skola-karlovac.hr\\\/struka-i-ti\\\/#\\\/schema\\\/person\\\/f73d84167583d34b7c48debd2dcd75de\"},\"headline\":\"Zavr\u0161ena edukacija za prvu skupinu polaznika KA-U\u010c TV-a\",\"datePublished\":\"2021-06-24T06:38:30+00:00\",\"mainEntityOfPage\":{\"@id\":\"https:\\\/\\\/rck.tehnicka-skola-karlovac.hr\\\/struka-i-ti\\\/zavrsena-edukacija-za-prvu-skupinu-polaznika-ka-uc-tv-a\\\/\"},\"wordCount\":181,\"commentCount\":0,\"image\":{\"@id\":\"https:\\\/\\\/rck.tehnicka-skola-karlovac.hr\\\/struka-i-ti\\\/zavrsena-edukacija-za-prvu-skupinu-polaznika-ka-uc-tv-a\\\/#primaryimage\"},\"thumbnailUrl\":\"https:\\\/\\\/rck.tehnicka-skola-karlovac.hr\\\/struka-i-ti\\\/wp-content\\\/uploads\\\/2020\\\/10\\\/KA-UC-TV-pocetak.jpg\",\"articleSection\":[\"Novosti\"],\"inLanguage\":\"hr\",\"potentialAction\":[{\"@type\":\"CommentAction\",\"name\":\"Comment\",\"target\":[\"https:\\\/\\\/rck.tehnicka-skola-karlovac.hr\\\/struka-i-ti\\\/zavrsena-edukacija-za-prvu-skupinu-polaznika-ka-uc-tv-a\\\/#respond\"]}]},{\"@type\":\"WebPage\",\"@id\":\"https:\\\/\\\/rck.tehnicka-skola-karlovac.hr\\\/struka-i-ti\\\/zavrsena-edukacija-za-prvu-skupinu-polaznika-ka-uc-tv-a\\\/\",\"url\":\"https:\\\/\\\/rck.tehnicka-skola-karlovac.hr\\\/struka-i-ti\\\/zavrsena-edukacija-za-prvu-skupinu-polaznika-ka-uc-tv-a\\\/\",\"name\":\"Zavr\u0161ena edukacija za prvu skupinu polaznika KA-U\u010c TV-a - STRuKA i TI\",\"isPartOf\":{\"@id\":\"https:\\\/\\\/rck.tehnicka-skola-karlovac.hr\\\/struka-i-ti\\\/#website\"},\"primaryImageOfPage\":{\"@id\":\"https:\\\/\\\/rck.tehnicka-skola-karlovac.hr\\\/struka-i-ti\\\/zavrsena-edukacija-za-prvu-skupinu-polaznika-ka-uc-tv-a\\\/#primaryimage\"},\"image\":{\"@id\":\"https:\\\/\\\/rck.tehnicka-skola-karlovac.hr\\\/struka-i-ti\\\/zavrsena-edukacija-za-prvu-skupinu-polaznika-ka-uc-tv-a\\\/#primaryimage\"},\"thumbnailUrl\":\"https:\\\/\\\/rck.tehnicka-skola-karlovac.hr\\\/struka-i-ti\\\/wp-content\\\/uploads\\\/2020\\\/10\\\/KA-UC-TV-pocetak.jpg\",\"datePublished\":\"2021-06-24T06:38:30+00:00\",\"author\":{\"@id\":\"https:\\\/\\\/rck.tehnicka-skola-karlovac.hr\\\/struka-i-ti\\\/#\\\/schema\\\/person\\\/f73d84167583d34b7c48debd2dcd75de\"},\"breadcrumb\":{\"@id\":\"https:\\\/\\\/rck.tehnicka-skola-karlovac.hr\\\/struka-i-ti\\\/zavrsena-edukacija-za-prvu-skupinu-polaznika-ka-uc-tv-a\\\/#breadcrumb\"},\"inLanguage\":\"hr\",\"potentialAction\":[{\"@type\":\"ReadAction\",\"target\":[\"https:\\\/\\\/rck.tehnicka-skola-karlovac.hr\\\/struka-i-ti\\\/zavrsena-edukacija-za-prvu-skupinu-polaznika-ka-uc-tv-a\\\/\"]}]},{\"@type\":\"ImageObject\",\"inLanguage\":\"hr\",\"@id\":\"https:\\\/\\\/rck.tehnicka-skola-karlovac.hr\\\/struka-i-ti\\\/zavrsena-edukacija-za-prvu-skupinu-polaznika-ka-uc-tv-a\\\/#primaryimage\",\"url\":\"https:\\\/\\\/rck.tehnicka-skola-karlovac.hr\\\/struka-i-ti\\\/wp-content\\\/uploads\\\/2020\\\/10\\\/KA-UC-TV-pocetak.jpg\",\"contentUrl\":\"https:\\\/\\\/rck.tehnicka-skola-karlovac.hr\\\/struka-i-ti\\\/wp-content\\\/uploads\\\/2020\\\/10\\\/KA-UC-TV-pocetak.jpg\",\"width\":1272,\"height\":710},{\"@type\":\"BreadcrumbList\",\"@id\":\"https:\\\/\\\/rck.tehnicka-skola-karlovac.hr\\\/struka-i-ti\\\/zavrsena-edukacija-za-prvu-skupinu-polaznika-ka-uc-tv-a\\\/#breadcrumb\",\"itemListElement\":[{\"@type\":\"ListItem\",\"position\":1,\"name\":\"Po\u010detna stranica\",\"item\":\"https:\\\/\\\/rck.tehnicka-skola-karlovac.hr\\\/struka-i-ti\\\/\"},{\"@type\":\"ListItem\",\"position\":2,\"name\":\"Zavr\u0161ena edukacija za prvu skupinu polaznika KA-U\u010c TV-a\"}]},{\"@type\":\"WebSite\",\"@id\":\"https:\\\/\\\/rck.tehnicka-skola-karlovac.hr\\\/struka-i-ti\\\/#website\",\"url\":\"https:\\\/\\\/rck.tehnicka-skola-karlovac.hr\\\/struka-i-ti\\\/\",\"name\":\"STRuKA i TI\",\"description\":\"Tehni\u010dka \u0161kola Karlovac\",\"potentialAction\":[{\"@type\":\"SearchAction\",\"target\":{\"@type\":\"EntryPoint\",\"urlTemplate\":\"https:\\\/\\\/rck.tehnicka-skola-karlovac.hr\\\/struka-i-ti\\\/?s={search_term_string}\"},\"query-input\":{\"@type\":\"PropertyValueSpecification\",\"valueRequired\":true,\"valueName\":\"search_term_string\"}}],\"inLanguage\":\"hr\"},{\"@type\":\"Person\",\"@id\":\"https:\\\/\\\/rck.tehnicka-skola-karlovac.hr\\\/struka-i-ti\\\/#\\\/schema\\\/person\\\/f73d84167583d34b7c48debd2dcd75de\",\"name\":\"STRuKA i Ti\",\"image\":{\"@type\":\"ImageObject\",\"inLanguage\":\"hr\",\"@id\":\"https:\\\/\\\/secure.gravatar.com\\\/avatar\\\/65e31da4b9fdafe8f9dfb94541ee963b42e73f7f824625f07b5ab5cc36b6307e?s=96&d=mm&r=g\",\"url\":\"https:\\\/\\\/secure.gravatar.com\\\/avatar\\\/65e31da4b9fdafe8f9dfb94541ee963b42e73f7f824625f07b5ab5cc36b6307e?s=96&d=mm&r=g\",\"contentUrl\":\"https:\\\/\\\/secure.gravatar.com\\\/avatar\\\/65e31da4b9fdafe8f9dfb94541ee963b42e73f7f824625f07b5ab5cc36b6307e?s=96&d=mm&r=g\",\"caption\":\"STRuKA i Ti\"},\"url\":\"https:\\\/\\\/rck.tehnicka-skola-karlovac.hr\\\/struka-i-ti\\\/author\\\/marija-tadic\\\/\"}]}<\/script>\n<!-- \/ Yoast SEO plugin. -->","yoast_head_json":{"title":"Zavr\u0161ena edukacija za prvu skupinu polaznika KA-U\u010c TV-a - STRuKA i TI","robots":{"index":"index","follow":"follow","max-snippet":"max-snippet:-1","max-image-preview":"max-image-preview:large","max-video-preview":"max-video-preview:-1"},"canonical":"https:\/\/rck.tehnicka-skola-karlovac.hr\/struka-i-ti\/zavrsena-edukacija-za-prvu-skupinu-polaznika-ka-uc-tv-a\/","og_locale":"hr_HR","og_type":"article","og_title":"Zavr\u0161ena edukacija za prvu skupinu polaznika KA-U\u010c TV-a - STRuKA i TI","og_description":"Polaznici prve edukacije karlova\u010dke u\u010deni\u010dke televizije, KA-U\u010c TV-a, pod vodstvom voditelja Branka Vilusa, nakon pet mjeseci edukacija i predanog u\u010denja teorijskog gradiva, uspje\u0161no su snimili i montirali svoj zavr\u0161ni rad. Polaznici su iskazali ogroman interes za u\u010denje i napredovanje u podru\u010dju video produkcije. No sve to ne bi bilo mogu\u0107e bez voditelja KA-U\u010c TV-a, Branka [&hellip;]","og_url":"https:\/\/rck.tehnicka-skola-karlovac.hr\/struka-i-ti\/zavrsena-edukacija-za-prvu-skupinu-polaznika-ka-uc-tv-a\/","og_site_name":"STRuKA i TI","article_published_time":"2021-06-24T06:38:30+00:00","og_image":[{"width":1272,"height":710,"url":"https:\/\/rck.tehnicka-skola-karlovac.hr\/struka-i-ti\/wp-content\/uploads\/2020\/10\/KA-UC-TV-pocetak.jpg","type":"image\/jpeg"}],"author":"STRuKA i Ti","twitter_card":"summary_large_image","twitter_misc":{"Napisao\/la":"STRuKA i Ti","Procijenjeno vrijeme \u010ditanja":"1 minuta"},"schema":{"@context":"https:\/\/schema.org","@graph":[{"@type":"Article","@id":"https:\/\/rck.tehnicka-skola-karlovac.hr\/struka-i-ti\/zavrsena-edukacija-za-prvu-skupinu-polaznika-ka-uc-tv-a\/#article","isPartOf":{"@id":"https:\/\/rck.tehnicka-skola-karlovac.hr\/struka-i-ti\/zavrsena-edukacija-za-prvu-skupinu-polaznika-ka-uc-tv-a\/"},"author":{"name":"STRuKA i Ti","@id":"https:\/\/rck.tehnicka-skola-karlovac.hr\/struka-i-ti\/#\/schema\/person\/f73d84167583d34b7c48debd2dcd75de"},"headline":"Zavr\u0161ena edukacija za prvu skupinu polaznika KA-U\u010c TV-a","datePublished":"2021-06-24T06:38:30+00:00","mainEntityOfPage":{"@id":"https:\/\/rck.tehnicka-skola-karlovac.hr\/struka-i-ti\/zavrsena-edukacija-za-prvu-skupinu-polaznika-ka-uc-tv-a\/"},"wordCount":181,"commentCount":0,"image":{"@id":"https:\/\/rck.tehnicka-skola-karlovac.hr\/struka-i-ti\/zavrsena-edukacija-za-prvu-skupinu-polaznika-ka-uc-tv-a\/#primaryimage"},"thumbnailUrl":"https:\/\/rck.tehnicka-skola-karlovac.hr\/struka-i-ti\/wp-content\/uploads\/2020\/10\/KA-UC-TV-pocetak.jpg","articleSection":["Novosti"],"inLanguage":"hr","potentialAction":[{"@type":"CommentAction","name":"Comment","target":["https:\/\/rck.tehnicka-skola-karlovac.hr\/struka-i-ti\/zavrsena-edukacija-za-prvu-skupinu-polaznika-ka-uc-tv-a\/#respond"]}]},{"@type":"WebPage","@id":"https:\/\/rck.tehnicka-skola-karlovac.hr\/struka-i-ti\/zavrsena-edukacija-za-prvu-skupinu-polaznika-ka-uc-tv-a\/","url":"https:\/\/rck.tehnicka-skola-karlovac.hr\/struka-i-ti\/zavrsena-edukacija-za-prvu-skupinu-polaznika-ka-uc-tv-a\/","name":"Zavr\u0161ena edukacija za prvu skupinu polaznika KA-U\u010c TV-a - STRuKA i TI","isPartOf":{"@id":"https:\/\/rck.tehnicka-skola-karlovac.hr\/struka-i-ti\/#website"},"primaryImageOfPage":{"@id":"https:\/\/rck.tehnicka-skola-karlovac.hr\/struka-i-ti\/zavrsena-edukacija-za-prvu-skupinu-polaznika-ka-uc-tv-a\/#primaryimage"},"image":{"@id":"https:\/\/rck.tehnicka-skola-karlovac.hr\/struka-i-ti\/zavrsena-edukacija-za-prvu-skupinu-polaznika-ka-uc-tv-a\/#primaryimage"},"thumbnailUrl":"https:\/\/rck.tehnicka-skola-karlovac.hr\/struka-i-ti\/wp-content\/uploads\/2020\/10\/KA-UC-TV-pocetak.jpg","datePublished":"2021-06-24T06:38:30+00:00","author":{"@id":"https:\/\/rck.tehnicka-skola-karlovac.hr\/struka-i-ti\/#\/schema\/person\/f73d84167583d34b7c48debd2dcd75de"},"breadcrumb":{"@id":"https:\/\/rck.tehnicka-skola-karlovac.hr\/struka-i-ti\/zavrsena-edukacija-za-prvu-skupinu-polaznika-ka-uc-tv-a\/#breadcrumb"},"inLanguage":"hr","potentialAction":[{"@type":"ReadAction","target":["https:\/\/rck.tehnicka-skola-karlovac.hr\/struka-i-ti\/zavrsena-edukacija-za-prvu-skupinu-polaznika-ka-uc-tv-a\/"]}]},{"@type":"ImageObject","inLanguage":"hr","@id":"https:\/\/rck.tehnicka-skola-karlovac.hr\/struka-i-ti\/zavrsena-edukacija-za-prvu-skupinu-polaznika-ka-uc-tv-a\/#primaryimage","url":"https:\/\/rck.tehnicka-skola-karlovac.hr\/struka-i-ti\/wp-content\/uploads\/2020\/10\/KA-UC-TV-pocetak.jpg","contentUrl":"https:\/\/rck.tehnicka-skola-karlovac.hr\/struka-i-ti\/wp-content\/uploads\/2020\/10\/KA-UC-TV-pocetak.jpg","width":1272,"height":710},{"@type":"BreadcrumbList","@id":"https:\/\/rck.tehnicka-skola-karlovac.hr\/struka-i-ti\/zavrsena-edukacija-za-prvu-skupinu-polaznika-ka-uc-tv-a\/#breadcrumb","itemListElement":[{"@type":"ListItem","position":1,"name":"Po\u010detna stranica","item":"https:\/\/rck.tehnicka-skola-karlovac.hr\/struka-i-ti\/"},{"@type":"ListItem","position":2,"name":"Zavr\u0161ena edukacija za prvu skupinu polaznika KA-U\u010c TV-a"}]},{"@type":"WebSite","@id":"https:\/\/rck.tehnicka-skola-karlovac.hr\/struka-i-ti\/#website","url":"https:\/\/rck.tehnicka-skola-karlovac.hr\/struka-i-ti\/","name":"STRuKA i TI","description":"Tehni\u010dka \u0161kola Karlovac","potentialAction":[{"@type":"SearchAction","target":{"@type":"EntryPoint","urlTemplate":"https:\/\/rck.tehnicka-skola-karlovac.hr\/struka-i-ti\/?s={search_term_string}"},"query-input":{"@type":"PropertyValueSpecification","valueRequired":true,"valueName":"search_term_string"}}],"inLanguage":"hr"},{"@type":"Person","@id":"https:\/\/rck.tehnicka-skola-karlovac.hr\/struka-i-ti\/#\/schema\/person\/f73d84167583d34b7c48debd2dcd75de","name":"STRuKA i Ti","image":{"@type":"ImageObject","inLanguage":"hr","@id":"https:\/\/secure.gravatar.com\/avatar\/65e31da4b9fdafe8f9dfb94541ee963b42e73f7f824625f07b5ab5cc36b6307e?s=96&d=mm&r=g","url":"https:\/\/secure.gravatar.com\/avatar\/65e31da4b9fdafe8f9dfb94541ee963b42e73f7f824625f07b5ab5cc36b6307e?s=96&d=mm&r=g","contentUrl":"https:\/\/secure.gravatar.com\/avatar\/65e31da4b9fdafe8f9dfb94541ee963b42e73f7f824625f07b5ab5cc36b6307e?s=96&d=mm&r=g","caption":"STRuKA i Ti"},"url":"https:\/\/rck.tehnicka-skola-karlovac.hr\/struka-i-ti\/author\/marija-tadic\/"}]}},"_links":{"self":[{"href":"https:\/\/rck.tehnicka-skola-karlovac.hr\/struka-i-ti\/wp-json\/wp\/v2\/posts\/593","targetHints":{"allow":["GET"]}}],"collection":[{"href":"https:\/\/rck.tehnicka-skola-karlovac.hr\/struka-i-ti\/wp-json\/wp\/v2\/posts"}],"about":[{"href":"https:\/\/rck.tehnicka-skola-karlovac.hr\/struka-i-ti\/wp-json\/wp\/v2\/types\/post"}],"author":[{"embeddable":true,"href":"https:\/\/rck.tehnicka-skola-karlovac.hr\/struka-i-ti\/wp-json\/wp\/v2\/users\/2"}],"replies":[{"embeddable":true,"href":"https:\/\/rck.tehnicka-skola-karlovac.hr\/struka-i-ti\/wp-json\/wp\/v2\/comments?post=593"}],"version-history":[{"count":1,"href":"https:\/\/rck.tehnicka-skola-karlovac.hr\/struka-i-ti\/wp-json\/wp\/v2\/posts\/593\/revisions"}],"predecessor-version":[{"id":594,"href":"https:\/\/rck.tehnicka-skola-karlovac.hr\/struka-i-ti\/wp-json\/wp\/v2\/posts\/593\/revisions\/594"}],"wp:featuredmedia":[{"embeddable":true,"href":"https:\/\/rck.tehnicka-skola-karlovac.hr\/struka-i-ti\/wp-json\/wp\/v2\/media\/566"}],"wp:attachment":[{"href":"https:\/\/rck.tehnicka-skola-karlovac.hr\/struka-i-ti\/wp-json\/wp\/v2\/media?parent=593"}],"wp:term":[{"taxonomy":"category","embeddable":true,"href":"https:\/\/rck.tehnicka-skola-karlovac.hr\/struka-i-ti\/wp-json\/wp\/v2\/categories?post=593"},{"taxonomy":"post_tag","embeddable":true,"href":"https:\/\/rck.tehnicka-skola-karlovac.hr\/struka-i-ti\/wp-json\/wp\/v2\/tags?post=593"}],"curies":[{"name":"wp","href":"https:\/\/api.w.org\/{rel}","templated":true}]}}