{"id":611,"date":"2021-06-30T12:07:18","date_gmt":"2021-06-30T10:07:18","guid":{"rendered":"https:\/\/rck.tehnicka-skola-karlovac.hr\/struka-i-ti\/?p=611"},"modified":"2021-07-27T15:26:48","modified_gmt":"2021-07-27T13:26:48","slug":"modernizacija-programa-za-ucenike-s-teskocama-i-osobe-s-invaliditetom","status":"publish","type":"post","link":"https:\/\/rck.tehnicka-skola-karlovac.hr\/struka-i-ti\/modernizacija-programa-za-ucenike-s-teskocama-i-osobe-s-invaliditetom\/","title":{"rendered":"Modernizacija programa za u\u010denike s te\u0161ko\u0107ama i osobe s invaliditetom"},"content":{"rendered":"<p>Tehni\u010dka \u0161kola Karlovac u suradnji sa Savezom udruga osoba s invaliditetom Karlova\u010dke \u017eupanije ima u planu prilagoditi program za zanimanje strojarski ra\u010dunalni tehni\u010dar u\u010denicima s te\u0161ko\u0107ama u razvoju i osobama s invaliditetom. Osim navedenih partnera u ovoj aktivnosti sudjeluju i lije\u010dnice Specijalisti\u010dke ordinacija medicine rada dr. Nada Striki\u0107 i dr. \u017deljka Ili\u0107.<\/p>\n<p>Partneri su izradili analizu postoje\u0107eg modela obrazovanja u\u010denika s te\u0161ko\u0107ama i osoba s invaliditetom te je provedeno istra\u017eivanje o kompetencijama nastavnika u radu s u\u010denicima s te\u0161ko\u0107ama u razvoju.<\/p>\n<p>&nbsp;<\/p>\n<div class=\"et_pb_slider et_pb_slider_fullwidth_off et_pb_gallery_post_type\">\n\t\t\t\t<div class=\"et_pb_slides\">\n\t\t\t\t\t<div class=\"et_pb_slide\" style=\"background: url(https:\/\/rck.tehnicka-skola-karlovac.hr\/struka-i-ti\/wp-content\/uploads\/2021\/06\/Slika7.jpg);\"><\/div>\n\t\t\t\t<\/div>\n\t\t\t<\/div>\n<p>&nbsp;<\/p>\n","protected":false},"excerpt":{"rendered":"<p>Tehni\u010dka \u0161kola Karlovac u suradnji sa Savezom udruga osoba s invaliditetom Karlova\u010dke \u017eupanije ima u planu prilagoditi program za zanimanje strojarski ra\u010dunalni tehni\u010dar u\u010denicima s te\u0161ko\u0107ama u razvoju i osobama s invaliditetom. Osim navedenih partnera u ovoj aktivnosti sudjeluju i lije\u010dnice Specijalisti\u010dke ordinacija medicine rada dr. Nada Striki\u0107 i dr. \u017deljka Ili\u0107. Partneri su izradili [&hellip;]<\/p>\n","protected":false},"author":2,"featured_media":612,"comment_status":"open","ping_status":"open","sticky":false,"template":"","format":"standard","meta":{"_et_pb_use_builder":"","_et_pb_old_content":"","_et_gb_content_width":"","footnotes":""},"categories":[1],"tags":[],"class_list":["post-611","post","type-post","status-publish","format-standard","has-post-thumbnail","hentry","category-novosti"],"yoast_head":"<!-- This site is optimized with the Yoast SEO plugin v27.3 - https:\/\/yoast.com\/product\/yoast-seo-wordpress\/ -->\n<title>Modernizacija programa za u\u010denike s te\u0161ko\u0107ama i osobe s invaliditetom - STRuKA i TI<\/title>\n<meta name=\"robots\" content=\"index, follow, max-snippet:-1, max-image-preview:large, max-video-preview:-1\" \/>\n<link rel=\"canonical\" href=\"https:\/\/rck.tehnicka-skola-karlovac.hr\/struka-i-ti\/modernizacija-programa-za-ucenike-s-teskocama-i-osobe-s-invaliditetom\/\" \/>\n<meta property=\"og:locale\" content=\"hr_HR\" \/>\n<meta property=\"og:type\" content=\"article\" \/>\n<meta property=\"og:title\" content=\"Modernizacija programa za u\u010denike s te\u0161ko\u0107ama i osobe s invaliditetom - STRuKA i TI\" \/>\n<meta property=\"og:description\" content=\"Tehni\u010dka \u0161kola Karlovac u suradnji sa Savezom udruga osoba s invaliditetom Karlova\u010dke \u017eupanije ima u planu prilagoditi program za zanimanje strojarski ra\u010dunalni tehni\u010dar u\u010denicima s te\u0161ko\u0107ama u razvoju i osobama s invaliditetom. Osim navedenih partnera u ovoj aktivnosti sudjeluju i lije\u010dnice Specijalisti\u010dke ordinacija medicine rada dr. Nada Striki\u0107 i dr. \u017deljka Ili\u0107. Partneri su izradili [&hellip;]\" \/>\n<meta property=\"og:url\" content=\"https:\/\/rck.tehnicka-skola-karlovac.hr\/struka-i-ti\/modernizacija-programa-za-ucenike-s-teskocama-i-osobe-s-invaliditetom\/\" \/>\n<meta property=\"og:site_name\" content=\"STRuKA i TI\" \/>\n<meta property=\"article:published_time\" content=\"2021-06-30T10:07:18+00:00\" \/>\n<meta property=\"article:modified_time\" content=\"2021-07-27T13:26:48+00:00\" \/>\n<meta property=\"og:image\" content=\"https:\/\/rck.tehnicka-skola-karlovac.hr\/struka-i-ti\/wp-content\/uploads\/2021\/06\/Slika7.jpg\" \/>\n\t<meta property=\"og:image:width\" content=\"605\" \/>\n\t<meta property=\"og:image:height\" content=\"454\" \/>\n\t<meta property=\"og:image:type\" content=\"image\/jpeg\" \/>\n<meta name=\"author\" content=\"STRuKA i Ti\" \/>\n<meta name=\"twitter:card\" content=\"summary_large_image\" \/>\n<meta name=\"twitter:label1\" content=\"Napisao\/la\" \/>\n\t<meta name=\"twitter:data1\" content=\"STRuKA i Ti\" \/>\n\t<meta name=\"twitter:label2\" content=\"Procijenjeno vrijeme \u010ditanja\" \/>\n\t<meta name=\"twitter:data2\" content=\"1 minuta\" \/>\n<script type=\"application\/ld+json\" class=\"yoast-schema-graph\">{\"@context\":\"https:\\\/\\\/schema.org\",\"@graph\":[{\"@type\":\"Article\",\"@id\":\"https:\\\/\\\/rck.tehnicka-skola-karlovac.hr\\\/struka-i-ti\\\/modernizacija-programa-za-ucenike-s-teskocama-i-osobe-s-invaliditetom\\\/#article\",\"isPartOf\":{\"@id\":\"https:\\\/\\\/rck.tehnicka-skola-karlovac.hr\\\/struka-i-ti\\\/modernizacija-programa-za-ucenike-s-teskocama-i-osobe-s-invaliditetom\\\/\"},\"author\":{\"name\":\"STRuKA i Ti\",\"@id\":\"https:\\\/\\\/rck.tehnicka-skola-karlovac.hr\\\/struka-i-ti\\\/#\\\/schema\\\/person\\\/f73d84167583d34b7c48debd2dcd75de\"},\"headline\":\"Modernizacija programa za u\u010denike s te\u0161ko\u0107ama i osobe s invaliditetom\",\"datePublished\":\"2021-06-30T10:07:18+00:00\",\"dateModified\":\"2021-07-27T13:26:48+00:00\",\"mainEntityOfPage\":{\"@id\":\"https:\\\/\\\/rck.tehnicka-skola-karlovac.hr\\\/struka-i-ti\\\/modernizacija-programa-za-ucenike-s-teskocama-i-osobe-s-invaliditetom\\\/\"},\"wordCount\":115,\"commentCount\":0,\"image\":{\"@id\":\"https:\\\/\\\/rck.tehnicka-skola-karlovac.hr\\\/struka-i-ti\\\/modernizacija-programa-za-ucenike-s-teskocama-i-osobe-s-invaliditetom\\\/#primaryimage\"},\"thumbnailUrl\":\"https:\\\/\\\/rck.tehnicka-skola-karlovac.hr\\\/struka-i-ti\\\/wp-content\\\/uploads\\\/2021\\\/06\\\/Slika7.jpg\",\"articleSection\":[\"Novosti\"],\"inLanguage\":\"hr\",\"potentialAction\":[{\"@type\":\"CommentAction\",\"name\":\"Comment\",\"target\":[\"https:\\\/\\\/rck.tehnicka-skola-karlovac.hr\\\/struka-i-ti\\\/modernizacija-programa-za-ucenike-s-teskocama-i-osobe-s-invaliditetom\\\/#respond\"]}]},{\"@type\":\"WebPage\",\"@id\":\"https:\\\/\\\/rck.tehnicka-skola-karlovac.hr\\\/struka-i-ti\\\/modernizacija-programa-za-ucenike-s-teskocama-i-osobe-s-invaliditetom\\\/\",\"url\":\"https:\\\/\\\/rck.tehnicka-skola-karlovac.hr\\\/struka-i-ti\\\/modernizacija-programa-za-ucenike-s-teskocama-i-osobe-s-invaliditetom\\\/\",\"name\":\"Modernizacija programa za u\u010denike s te\u0161ko\u0107ama i osobe s invaliditetom - STRuKA i TI\",\"isPartOf\":{\"@id\":\"https:\\\/\\\/rck.tehnicka-skola-karlovac.hr\\\/struka-i-ti\\\/#website\"},\"primaryImageOfPage\":{\"@id\":\"https:\\\/\\\/rck.tehnicka-skola-karlovac.hr\\\/struka-i-ti\\\/modernizacija-programa-za-ucenike-s-teskocama-i-osobe-s-invaliditetom\\\/#primaryimage\"},\"image\":{\"@id\":\"https:\\\/\\\/rck.tehnicka-skola-karlovac.hr\\\/struka-i-ti\\\/modernizacija-programa-za-ucenike-s-teskocama-i-osobe-s-invaliditetom\\\/#primaryimage\"},\"thumbnailUrl\":\"https:\\\/\\\/rck.tehnicka-skola-karlovac.hr\\\/struka-i-ti\\\/wp-content\\\/uploads\\\/2021\\\/06\\\/Slika7.jpg\",\"datePublished\":\"2021-06-30T10:07:18+00:00\",\"dateModified\":\"2021-07-27T13:26:48+00:00\",\"author\":{\"@id\":\"https:\\\/\\\/rck.tehnicka-skola-karlovac.hr\\\/struka-i-ti\\\/#\\\/schema\\\/person\\\/f73d84167583d34b7c48debd2dcd75de\"},\"breadcrumb\":{\"@id\":\"https:\\\/\\\/rck.tehnicka-skola-karlovac.hr\\\/struka-i-ti\\\/modernizacija-programa-za-ucenike-s-teskocama-i-osobe-s-invaliditetom\\\/#breadcrumb\"},\"inLanguage\":\"hr\",\"potentialAction\":[{\"@type\":\"ReadAction\",\"target\":[\"https:\\\/\\\/rck.tehnicka-skola-karlovac.hr\\\/struka-i-ti\\\/modernizacija-programa-za-ucenike-s-teskocama-i-osobe-s-invaliditetom\\\/\"]}]},{\"@type\":\"ImageObject\",\"inLanguage\":\"hr\",\"@id\":\"https:\\\/\\\/rck.tehnicka-skola-karlovac.hr\\\/struka-i-ti\\\/modernizacija-programa-za-ucenike-s-teskocama-i-osobe-s-invaliditetom\\\/#primaryimage\",\"url\":\"https:\\\/\\\/rck.tehnicka-skola-karlovac.hr\\\/struka-i-ti\\\/wp-content\\\/uploads\\\/2021\\\/06\\\/Slika7.jpg\",\"contentUrl\":\"https:\\\/\\\/rck.tehnicka-skola-karlovac.hr\\\/struka-i-ti\\\/wp-content\\\/uploads\\\/2021\\\/06\\\/Slika7.jpg\",\"width\":605,\"height\":454},{\"@type\":\"BreadcrumbList\",\"@id\":\"https:\\\/\\\/rck.tehnicka-skola-karlovac.hr\\\/struka-i-ti\\\/modernizacija-programa-za-ucenike-s-teskocama-i-osobe-s-invaliditetom\\\/#breadcrumb\",\"itemListElement\":[{\"@type\":\"ListItem\",\"position\":1,\"name\":\"Po\u010detna stranica\",\"item\":\"https:\\\/\\\/rck.tehnicka-skola-karlovac.hr\\\/struka-i-ti\\\/\"},{\"@type\":\"ListItem\",\"position\":2,\"name\":\"Modernizacija programa za u\u010denike s te\u0161ko\u0107ama i osobe s invaliditetom\"}]},{\"@type\":\"WebSite\",\"@id\":\"https:\\\/\\\/rck.tehnicka-skola-karlovac.hr\\\/struka-i-ti\\\/#website\",\"url\":\"https:\\\/\\\/rck.tehnicka-skola-karlovac.hr\\\/struka-i-ti\\\/\",\"name\":\"STRuKA i TI\",\"description\":\"Tehni\u010dka \u0161kola Karlovac\",\"potentialAction\":[{\"@type\":\"SearchAction\",\"target\":{\"@type\":\"EntryPoint\",\"urlTemplate\":\"https:\\\/\\\/rck.tehnicka-skola-karlovac.hr\\\/struka-i-ti\\\/?s={search_term_string}\"},\"query-input\":{\"@type\":\"PropertyValueSpecification\",\"valueRequired\":true,\"valueName\":\"search_term_string\"}}],\"inLanguage\":\"hr\"},{\"@type\":\"Person\",\"@id\":\"https:\\\/\\\/rck.tehnicka-skola-karlovac.hr\\\/struka-i-ti\\\/#\\\/schema\\\/person\\\/f73d84167583d34b7c48debd2dcd75de\",\"name\":\"STRuKA i Ti\",\"image\":{\"@type\":\"ImageObject\",\"inLanguage\":\"hr\",\"@id\":\"https:\\\/\\\/secure.gravatar.com\\\/avatar\\\/65e31da4b9fdafe8f9dfb94541ee963b42e73f7f824625f07b5ab5cc36b6307e?s=96&d=mm&r=g\",\"url\":\"https:\\\/\\\/secure.gravatar.com\\\/avatar\\\/65e31da4b9fdafe8f9dfb94541ee963b42e73f7f824625f07b5ab5cc36b6307e?s=96&d=mm&r=g\",\"contentUrl\":\"https:\\\/\\\/secure.gravatar.com\\\/avatar\\\/65e31da4b9fdafe8f9dfb94541ee963b42e73f7f824625f07b5ab5cc36b6307e?s=96&d=mm&r=g\",\"caption\":\"STRuKA i Ti\"},\"url\":\"https:\\\/\\\/rck.tehnicka-skola-karlovac.hr\\\/struka-i-ti\\\/author\\\/marija-tadic\\\/\"}]}<\/script>\n<!-- \/ Yoast SEO plugin. -->","yoast_head_json":{"title":"Modernizacija programa za u\u010denike s te\u0161ko\u0107ama i osobe s invaliditetom - STRuKA i TI","robots":{"index":"index","follow":"follow","max-snippet":"max-snippet:-1","max-image-preview":"max-image-preview:large","max-video-preview":"max-video-preview:-1"},"canonical":"https:\/\/rck.tehnicka-skola-karlovac.hr\/struka-i-ti\/modernizacija-programa-za-ucenike-s-teskocama-i-osobe-s-invaliditetom\/","og_locale":"hr_HR","og_type":"article","og_title":"Modernizacija programa za u\u010denike s te\u0161ko\u0107ama i osobe s invaliditetom - STRuKA i TI","og_description":"Tehni\u010dka \u0161kola Karlovac u suradnji sa Savezom udruga osoba s invaliditetom Karlova\u010dke \u017eupanije ima u planu prilagoditi program za zanimanje strojarski ra\u010dunalni tehni\u010dar u\u010denicima s te\u0161ko\u0107ama u razvoju i osobama s invaliditetom. Osim navedenih partnera u ovoj aktivnosti sudjeluju i lije\u010dnice Specijalisti\u010dke ordinacija medicine rada dr. Nada Striki\u0107 i dr. \u017deljka Ili\u0107. Partneri su izradili [&hellip;]","og_url":"https:\/\/rck.tehnicka-skola-karlovac.hr\/struka-i-ti\/modernizacija-programa-za-ucenike-s-teskocama-i-osobe-s-invaliditetom\/","og_site_name":"STRuKA i TI","article_published_time":"2021-06-30T10:07:18+00:00","article_modified_time":"2021-07-27T13:26:48+00:00","og_image":[{"width":605,"height":454,"url":"https:\/\/rck.tehnicka-skola-karlovac.hr\/struka-i-ti\/wp-content\/uploads\/2021\/06\/Slika7.jpg","type":"image\/jpeg"}],"author":"STRuKA i Ti","twitter_card":"summary_large_image","twitter_misc":{"Napisao\/la":"STRuKA i Ti","Procijenjeno vrijeme \u010ditanja":"1 minuta"},"schema":{"@context":"https:\/\/schema.org","@graph":[{"@type":"Article","@id":"https:\/\/rck.tehnicka-skola-karlovac.hr\/struka-i-ti\/modernizacija-programa-za-ucenike-s-teskocama-i-osobe-s-invaliditetom\/#article","isPartOf":{"@id":"https:\/\/rck.tehnicka-skola-karlovac.hr\/struka-i-ti\/modernizacija-programa-za-ucenike-s-teskocama-i-osobe-s-invaliditetom\/"},"author":{"name":"STRuKA i Ti","@id":"https:\/\/rck.tehnicka-skola-karlovac.hr\/struka-i-ti\/#\/schema\/person\/f73d84167583d34b7c48debd2dcd75de"},"headline":"Modernizacija programa za u\u010denike s te\u0161ko\u0107ama i osobe s invaliditetom","datePublished":"2021-06-30T10:07:18+00:00","dateModified":"2021-07-27T13:26:48+00:00","mainEntityOfPage":{"@id":"https:\/\/rck.tehnicka-skola-karlovac.hr\/struka-i-ti\/modernizacija-programa-za-ucenike-s-teskocama-i-osobe-s-invaliditetom\/"},"wordCount":115,"commentCount":0,"image":{"@id":"https:\/\/rck.tehnicka-skola-karlovac.hr\/struka-i-ti\/modernizacija-programa-za-ucenike-s-teskocama-i-osobe-s-invaliditetom\/#primaryimage"},"thumbnailUrl":"https:\/\/rck.tehnicka-skola-karlovac.hr\/struka-i-ti\/wp-content\/uploads\/2021\/06\/Slika7.jpg","articleSection":["Novosti"],"inLanguage":"hr","potentialAction":[{"@type":"CommentAction","name":"Comment","target":["https:\/\/rck.tehnicka-skola-karlovac.hr\/struka-i-ti\/modernizacija-programa-za-ucenike-s-teskocama-i-osobe-s-invaliditetom\/#respond"]}]},{"@type":"WebPage","@id":"https:\/\/rck.tehnicka-skola-karlovac.hr\/struka-i-ti\/modernizacija-programa-za-ucenike-s-teskocama-i-osobe-s-invaliditetom\/","url":"https:\/\/rck.tehnicka-skola-karlovac.hr\/struka-i-ti\/modernizacija-programa-za-ucenike-s-teskocama-i-osobe-s-invaliditetom\/","name":"Modernizacija programa za u\u010denike s te\u0161ko\u0107ama i osobe s invaliditetom - STRuKA i TI","isPartOf":{"@id":"https:\/\/rck.tehnicka-skola-karlovac.hr\/struka-i-ti\/#website"},"primaryImageOfPage":{"@id":"https:\/\/rck.tehnicka-skola-karlovac.hr\/struka-i-ti\/modernizacija-programa-za-ucenike-s-teskocama-i-osobe-s-invaliditetom\/#primaryimage"},"image":{"@id":"https:\/\/rck.tehnicka-skola-karlovac.hr\/struka-i-ti\/modernizacija-programa-za-ucenike-s-teskocama-i-osobe-s-invaliditetom\/#primaryimage"},"thumbnailUrl":"https:\/\/rck.tehnicka-skola-karlovac.hr\/struka-i-ti\/wp-content\/uploads\/2021\/06\/Slika7.jpg","datePublished":"2021-06-30T10:07:18+00:00","dateModified":"2021-07-27T13:26:48+00:00","author":{"@id":"https:\/\/rck.tehnicka-skola-karlovac.hr\/struka-i-ti\/#\/schema\/person\/f73d84167583d34b7c48debd2dcd75de"},"breadcrumb":{"@id":"https:\/\/rck.tehnicka-skola-karlovac.hr\/struka-i-ti\/modernizacija-programa-za-ucenike-s-teskocama-i-osobe-s-invaliditetom\/#breadcrumb"},"inLanguage":"hr","potentialAction":[{"@type":"ReadAction","target":["https:\/\/rck.tehnicka-skola-karlovac.hr\/struka-i-ti\/modernizacija-programa-za-ucenike-s-teskocama-i-osobe-s-invaliditetom\/"]}]},{"@type":"ImageObject","inLanguage":"hr","@id":"https:\/\/rck.tehnicka-skola-karlovac.hr\/struka-i-ti\/modernizacija-programa-za-ucenike-s-teskocama-i-osobe-s-invaliditetom\/#primaryimage","url":"https:\/\/rck.tehnicka-skola-karlovac.hr\/struka-i-ti\/wp-content\/uploads\/2021\/06\/Slika7.jpg","contentUrl":"https:\/\/rck.tehnicka-skola-karlovac.hr\/struka-i-ti\/wp-content\/uploads\/2021\/06\/Slika7.jpg","width":605,"height":454},{"@type":"BreadcrumbList","@id":"https:\/\/rck.tehnicka-skola-karlovac.hr\/struka-i-ti\/modernizacija-programa-za-ucenike-s-teskocama-i-osobe-s-invaliditetom\/#breadcrumb","itemListElement":[{"@type":"ListItem","position":1,"name":"Po\u010detna stranica","item":"https:\/\/rck.tehnicka-skola-karlovac.hr\/struka-i-ti\/"},{"@type":"ListItem","position":2,"name":"Modernizacija programa za u\u010denike s te\u0161ko\u0107ama i osobe s invaliditetom"}]},{"@type":"WebSite","@id":"https:\/\/rck.tehnicka-skola-karlovac.hr\/struka-i-ti\/#website","url":"https:\/\/rck.tehnicka-skola-karlovac.hr\/struka-i-ti\/","name":"STRuKA i TI","description":"Tehni\u010dka \u0161kola Karlovac","potentialAction":[{"@type":"SearchAction","target":{"@type":"EntryPoint","urlTemplate":"https:\/\/rck.tehnicka-skola-karlovac.hr\/struka-i-ti\/?s={search_term_string}"},"query-input":{"@type":"PropertyValueSpecification","valueRequired":true,"valueName":"search_term_string"}}],"inLanguage":"hr"},{"@type":"Person","@id":"https:\/\/rck.tehnicka-skola-karlovac.hr\/struka-i-ti\/#\/schema\/person\/f73d84167583d34b7c48debd2dcd75de","name":"STRuKA i Ti","image":{"@type":"ImageObject","inLanguage":"hr","@id":"https:\/\/secure.gravatar.com\/avatar\/65e31da4b9fdafe8f9dfb94541ee963b42e73f7f824625f07b5ab5cc36b6307e?s=96&d=mm&r=g","url":"https:\/\/secure.gravatar.com\/avatar\/65e31da4b9fdafe8f9dfb94541ee963b42e73f7f824625f07b5ab5cc36b6307e?s=96&d=mm&r=g","contentUrl":"https:\/\/secure.gravatar.com\/avatar\/65e31da4b9fdafe8f9dfb94541ee963b42e73f7f824625f07b5ab5cc36b6307e?s=96&d=mm&r=g","caption":"STRuKA i Ti"},"url":"https:\/\/rck.tehnicka-skola-karlovac.hr\/struka-i-ti\/author\/marija-tadic\/"}]}},"_links":{"self":[{"href":"https:\/\/rck.tehnicka-skola-karlovac.hr\/struka-i-ti\/wp-json\/wp\/v2\/posts\/611","targetHints":{"allow":["GET"]}}],"collection":[{"href":"https:\/\/rck.tehnicka-skola-karlovac.hr\/struka-i-ti\/wp-json\/wp\/v2\/posts"}],"about":[{"href":"https:\/\/rck.tehnicka-skola-karlovac.hr\/struka-i-ti\/wp-json\/wp\/v2\/types\/post"}],"author":[{"embeddable":true,"href":"https:\/\/rck.tehnicka-skola-karlovac.hr\/struka-i-ti\/wp-json\/wp\/v2\/users\/2"}],"replies":[{"embeddable":true,"href":"https:\/\/rck.tehnicka-skola-karlovac.hr\/struka-i-ti\/wp-json\/wp\/v2\/comments?post=611"}],"version-history":[{"count":2,"href":"https:\/\/rck.tehnicka-skola-karlovac.hr\/struka-i-ti\/wp-json\/wp\/v2\/posts\/611\/revisions"}],"predecessor-version":[{"id":620,"href":"https:\/\/rck.tehnicka-skola-karlovac.hr\/struka-i-ti\/wp-json\/wp\/v2\/posts\/611\/revisions\/620"}],"wp:featuredmedia":[{"embeddable":true,"href":"https:\/\/rck.tehnicka-skola-karlovac.hr\/struka-i-ti\/wp-json\/wp\/v2\/media\/612"}],"wp:attachment":[{"href":"https:\/\/rck.tehnicka-skola-karlovac.hr\/struka-i-ti\/wp-json\/wp\/v2\/media?parent=611"}],"wp:term":[{"taxonomy":"category","embeddable":true,"href":"https:\/\/rck.tehnicka-skola-karlovac.hr\/struka-i-ti\/wp-json\/wp\/v2\/categories?post=611"},{"taxonomy":"post_tag","embeddable":true,"href":"https:\/\/rck.tehnicka-skola-karlovac.hr\/struka-i-ti\/wp-json\/wp\/v2\/tags?post=611"}],"curies":[{"name":"wp","href":"https:\/\/api.w.org\/{rel}","templated":true}]}}