{"id":631,"date":"2021-09-14T10:00:06","date_gmt":"2021-09-14T08:00:06","guid":{"rendered":"https:\/\/rck.tehnicka-skola-karlovac.hr\/struka-i-ti\/?p=631"},"modified":"2021-09-14T10:00:06","modified_gmt":"2021-09-14T08:00:06","slug":"kameru-primi-i-video-snimi-pridruzi-se-i-ti","status":"publish","type":"post","link":"https:\/\/rck.tehnicka-skola-karlovac.hr\/struka-i-ti\/kameru-primi-i-video-snimi-pridruzi-se-i-ti\/","title":{"rendered":"Kameru primi i video snimi! \u2013 Pridru\u017ei se i ti!"},"content":{"rendered":"<p>KA-U\u010c TV i ove \u0161kolske godine organizira edukaciju za sve zainteresirane koji se \u017eele oku\u0161ati u svijetu video produkcije.<\/p>\n<p>Zajedno s voditeljem, Brankom Vilusom, svladajte sve \u0161to treba znati o:<\/p>\n<ul>\n<li><strong>kameri<\/strong>\u00a0(objektiv, fokus, ekspozicija, white balance i rasvjeta, stativ i pokreti kamere),<\/li>\n<li><strong>mikrofonu i snima\u010du zvuka<\/strong>,<\/li>\n<li><strong>snimanju<\/strong>\u00a0i kompoziciji kadra,<\/li>\n<li><strong>novinarskom radu<\/strong>\u00a0(\u0161to sve prethodi snimanju intervjua, kako se informirati o temi i osobi koja se intervjuira, \u0161to je 5 W),<\/li>\n<li><strong>monta\u017ei\u00a0<\/strong>(programi za monta\u017eu i osnove monta\u017ee)<strong>.<\/strong><\/li>\n<\/ul>\n<p>Pridru\u017eite nam se! Javite se na broj 091 981 1416 ili email KAUCTV.mail@gmail.com<\/p>\n<p>Vidimo se! \ud83d\ude42<\/p>\n<p><iframe loading=\"lazy\" title=\"Kameru primi i video snimi \u2013 Pridru\u017ei se i ti!\" width=\"1080\" height=\"608\" src=\"https:\/\/www.youtube.com\/embed\/ptQGhIU0mEQ?start=2&#038;feature=oembed\"  allow=\"accelerometer; autoplay; clipboard-write; encrypted-media; gyroscope; picture-in-picture\" allowfullscreen><\/iframe><\/p>\n<p><img loading=\"lazy\" decoding=\"async\" class=\"wp-image-545 aligncenter\" src=\"https:\/\/rck.tehnicka-skola-karlovac.hr\/struka-i-ti\/wp-content\/uploads\/2021\/04\/Lenta-i-tekst.png\" alt=\"\" width=\"399\" height=\"126\" \/><\/p>\n","protected":false},"excerpt":{"rendered":"<p>KA-U\u010c TV i ove \u0161kolske godine organizira edukaciju za sve zainteresirane koji se \u017eele oku\u0161ati u svijetu video produkcije. Zajedno s voditeljem, Brankom Vilusom, svladajte sve \u0161to treba znati o: kameri\u00a0(objektiv, fokus, ekspozicija, white balance i rasvjeta, stativ i pokreti kamere), mikrofonu i snima\u010du zvuka, snimanju\u00a0i kompoziciji kadra, novinarskom radu\u00a0(\u0161to sve prethodi snimanju intervjua, kako [&hellip;]<\/p>\n","protected":false},"author":2,"featured_media":632,"comment_status":"open","ping_status":"open","sticky":false,"template":"","format":"standard","meta":{"_et_pb_use_builder":"","_et_pb_old_content":"","_et_gb_content_width":"","footnotes":""},"categories":[1],"tags":[],"class_list":["post-631","post","type-post","status-publish","format-standard","has-post-thumbnail","hentry","category-novosti"],"yoast_head":"<!-- This site is optimized with the Yoast SEO plugin v27.3 - https:\/\/yoast.com\/product\/yoast-seo-wordpress\/ -->\n<title>Kameru primi i video snimi! \u2013 Pridru\u017ei se i ti! - STRuKA i TI<\/title>\n<meta name=\"robots\" content=\"index, follow, max-snippet:-1, max-image-preview:large, max-video-preview:-1\" \/>\n<link rel=\"canonical\" href=\"https:\/\/rck.tehnicka-skola-karlovac.hr\/struka-i-ti\/kameru-primi-i-video-snimi-pridruzi-se-i-ti\/\" \/>\n<meta property=\"og:locale\" content=\"hr_HR\" \/>\n<meta property=\"og:type\" content=\"article\" \/>\n<meta property=\"og:title\" content=\"Kameru primi i video snimi! \u2013 Pridru\u017ei se i ti! - STRuKA i TI\" \/>\n<meta property=\"og:description\" content=\"KA-U\u010c TV i ove \u0161kolske godine organizira edukaciju za sve zainteresirane koji se \u017eele oku\u0161ati u svijetu video produkcije. Zajedno s voditeljem, Brankom Vilusom, svladajte sve \u0161to treba znati o: kameri\u00a0(objektiv, fokus, ekspozicija, white balance i rasvjeta, stativ i pokreti kamere), mikrofonu i snima\u010du zvuka, snimanju\u00a0i kompoziciji kadra, novinarskom radu\u00a0(\u0161to sve prethodi snimanju intervjua, kako [&hellip;]\" \/>\n<meta property=\"og:url\" content=\"https:\/\/rck.tehnicka-skola-karlovac.hr\/struka-i-ti\/kameru-primi-i-video-snimi-pridruzi-se-i-ti\/\" \/>\n<meta property=\"og:site_name\" content=\"STRuKA i TI\" \/>\n<meta property=\"article:published_time\" content=\"2021-09-14T08:00:06+00:00\" \/>\n<meta property=\"og:image\" content=\"https:\/\/rck.tehnicka-skola-karlovac.hr\/struka-i-ti\/wp-content\/uploads\/2021\/09\/3538796-scaled.jpg\" \/>\n\t<meta property=\"og:image:width\" content=\"2560\" \/>\n\t<meta property=\"og:image:height\" content=\"1440\" \/>\n\t<meta property=\"og:image:type\" content=\"image\/jpeg\" \/>\n<meta name=\"author\" content=\"STRuKA i Ti\" \/>\n<meta name=\"twitter:card\" content=\"summary_large_image\" \/>\n<meta name=\"twitter:label1\" content=\"Napisao\/la\" \/>\n\t<meta name=\"twitter:data1\" content=\"STRuKA i Ti\" \/>\n\t<meta name=\"twitter:label2\" content=\"Procijenjeno vrijeme \u010ditanja\" \/>\n\t<meta name=\"twitter:data2\" content=\"1 minuta\" \/>\n<script type=\"application\/ld+json\" class=\"yoast-schema-graph\">{\"@context\":\"https:\\\/\\\/schema.org\",\"@graph\":[{\"@type\":\"Article\",\"@id\":\"https:\\\/\\\/rck.tehnicka-skola-karlovac.hr\\\/struka-i-ti\\\/kameru-primi-i-video-snimi-pridruzi-se-i-ti\\\/#article\",\"isPartOf\":{\"@id\":\"https:\\\/\\\/rck.tehnicka-skola-karlovac.hr\\\/struka-i-ti\\\/kameru-primi-i-video-snimi-pridruzi-se-i-ti\\\/\"},\"author\":{\"name\":\"STRuKA i Ti\",\"@id\":\"https:\\\/\\\/rck.tehnicka-skola-karlovac.hr\\\/struka-i-ti\\\/#\\\/schema\\\/person\\\/f73d84167583d34b7c48debd2dcd75de\"},\"headline\":\"Kameru primi i video snimi! \u2013 Pridru\u017ei se i ti!\",\"datePublished\":\"2021-09-14T08:00:06+00:00\",\"mainEntityOfPage\":{\"@id\":\"https:\\\/\\\/rck.tehnicka-skola-karlovac.hr\\\/struka-i-ti\\\/kameru-primi-i-video-snimi-pridruzi-se-i-ti\\\/\"},\"wordCount\":120,\"commentCount\":0,\"image\":{\"@id\":\"https:\\\/\\\/rck.tehnicka-skola-karlovac.hr\\\/struka-i-ti\\\/kameru-primi-i-video-snimi-pridruzi-se-i-ti\\\/#primaryimage\"},\"thumbnailUrl\":\"https:\\\/\\\/rck.tehnicka-skola-karlovac.hr\\\/struka-i-ti\\\/wp-content\\\/uploads\\\/2021\\\/09\\\/3538796-scaled.jpg\",\"articleSection\":[\"Novosti\"],\"inLanguage\":\"hr\",\"potentialAction\":[{\"@type\":\"CommentAction\",\"name\":\"Comment\",\"target\":[\"https:\\\/\\\/rck.tehnicka-skola-karlovac.hr\\\/struka-i-ti\\\/kameru-primi-i-video-snimi-pridruzi-se-i-ti\\\/#respond\"]}]},{\"@type\":\"WebPage\",\"@id\":\"https:\\\/\\\/rck.tehnicka-skola-karlovac.hr\\\/struka-i-ti\\\/kameru-primi-i-video-snimi-pridruzi-se-i-ti\\\/\",\"url\":\"https:\\\/\\\/rck.tehnicka-skola-karlovac.hr\\\/struka-i-ti\\\/kameru-primi-i-video-snimi-pridruzi-se-i-ti\\\/\",\"name\":\"Kameru primi i video snimi! \u2013 Pridru\u017ei se i ti! - STRuKA i TI\",\"isPartOf\":{\"@id\":\"https:\\\/\\\/rck.tehnicka-skola-karlovac.hr\\\/struka-i-ti\\\/#website\"},\"primaryImageOfPage\":{\"@id\":\"https:\\\/\\\/rck.tehnicka-skola-karlovac.hr\\\/struka-i-ti\\\/kameru-primi-i-video-snimi-pridruzi-se-i-ti\\\/#primaryimage\"},\"image\":{\"@id\":\"https:\\\/\\\/rck.tehnicka-skola-karlovac.hr\\\/struka-i-ti\\\/kameru-primi-i-video-snimi-pridruzi-se-i-ti\\\/#primaryimage\"},\"thumbnailUrl\":\"https:\\\/\\\/rck.tehnicka-skola-karlovac.hr\\\/struka-i-ti\\\/wp-content\\\/uploads\\\/2021\\\/09\\\/3538796-scaled.jpg\",\"datePublished\":\"2021-09-14T08:00:06+00:00\",\"author\":{\"@id\":\"https:\\\/\\\/rck.tehnicka-skola-karlovac.hr\\\/struka-i-ti\\\/#\\\/schema\\\/person\\\/f73d84167583d34b7c48debd2dcd75de\"},\"breadcrumb\":{\"@id\":\"https:\\\/\\\/rck.tehnicka-skola-karlovac.hr\\\/struka-i-ti\\\/kameru-primi-i-video-snimi-pridruzi-se-i-ti\\\/#breadcrumb\"},\"inLanguage\":\"hr\",\"potentialAction\":[{\"@type\":\"ReadAction\",\"target\":[\"https:\\\/\\\/rck.tehnicka-skola-karlovac.hr\\\/struka-i-ti\\\/kameru-primi-i-video-snimi-pridruzi-se-i-ti\\\/\"]}]},{\"@type\":\"ImageObject\",\"inLanguage\":\"hr\",\"@id\":\"https:\\\/\\\/rck.tehnicka-skola-karlovac.hr\\\/struka-i-ti\\\/kameru-primi-i-video-snimi-pridruzi-se-i-ti\\\/#primaryimage\",\"url\":\"https:\\\/\\\/rck.tehnicka-skola-karlovac.hr\\\/struka-i-ti\\\/wp-content\\\/uploads\\\/2021\\\/09\\\/3538796-scaled.jpg\",\"contentUrl\":\"https:\\\/\\\/rck.tehnicka-skola-karlovac.hr\\\/struka-i-ti\\\/wp-content\\\/uploads\\\/2021\\\/09\\\/3538796-scaled.jpg\",\"width\":2560,\"height\":1440},{\"@type\":\"BreadcrumbList\",\"@id\":\"https:\\\/\\\/rck.tehnicka-skola-karlovac.hr\\\/struka-i-ti\\\/kameru-primi-i-video-snimi-pridruzi-se-i-ti\\\/#breadcrumb\",\"itemListElement\":[{\"@type\":\"ListItem\",\"position\":1,\"name\":\"Po\u010detna stranica\",\"item\":\"https:\\\/\\\/rck.tehnicka-skola-karlovac.hr\\\/struka-i-ti\\\/\"},{\"@type\":\"ListItem\",\"position\":2,\"name\":\"Kameru primi i video snimi! \u2013 Pridru\u017ei se i ti!\"}]},{\"@type\":\"WebSite\",\"@id\":\"https:\\\/\\\/rck.tehnicka-skola-karlovac.hr\\\/struka-i-ti\\\/#website\",\"url\":\"https:\\\/\\\/rck.tehnicka-skola-karlovac.hr\\\/struka-i-ti\\\/\",\"name\":\"STRuKA i TI\",\"description\":\"Tehni\u010dka \u0161kola Karlovac\",\"potentialAction\":[{\"@type\":\"SearchAction\",\"target\":{\"@type\":\"EntryPoint\",\"urlTemplate\":\"https:\\\/\\\/rck.tehnicka-skola-karlovac.hr\\\/struka-i-ti\\\/?s={search_term_string}\"},\"query-input\":{\"@type\":\"PropertyValueSpecification\",\"valueRequired\":true,\"valueName\":\"search_term_string\"}}],\"inLanguage\":\"hr\"},{\"@type\":\"Person\",\"@id\":\"https:\\\/\\\/rck.tehnicka-skola-karlovac.hr\\\/struka-i-ti\\\/#\\\/schema\\\/person\\\/f73d84167583d34b7c48debd2dcd75de\",\"name\":\"STRuKA i Ti\",\"image\":{\"@type\":\"ImageObject\",\"inLanguage\":\"hr\",\"@id\":\"https:\\\/\\\/secure.gravatar.com\\\/avatar\\\/65e31da4b9fdafe8f9dfb94541ee963b42e73f7f824625f07b5ab5cc36b6307e?s=96&d=mm&r=g\",\"url\":\"https:\\\/\\\/secure.gravatar.com\\\/avatar\\\/65e31da4b9fdafe8f9dfb94541ee963b42e73f7f824625f07b5ab5cc36b6307e?s=96&d=mm&r=g\",\"contentUrl\":\"https:\\\/\\\/secure.gravatar.com\\\/avatar\\\/65e31da4b9fdafe8f9dfb94541ee963b42e73f7f824625f07b5ab5cc36b6307e?s=96&d=mm&r=g\",\"caption\":\"STRuKA i Ti\"},\"url\":\"https:\\\/\\\/rck.tehnicka-skola-karlovac.hr\\\/struka-i-ti\\\/author\\\/marija-tadic\\\/\"}]}<\/script>\n<!-- \/ Yoast SEO plugin. -->","yoast_head_json":{"title":"Kameru primi i video snimi! \u2013 Pridru\u017ei se i ti! - STRuKA i TI","robots":{"index":"index","follow":"follow","max-snippet":"max-snippet:-1","max-image-preview":"max-image-preview:large","max-video-preview":"max-video-preview:-1"},"canonical":"https:\/\/rck.tehnicka-skola-karlovac.hr\/struka-i-ti\/kameru-primi-i-video-snimi-pridruzi-se-i-ti\/","og_locale":"hr_HR","og_type":"article","og_title":"Kameru primi i video snimi! \u2013 Pridru\u017ei se i ti! - STRuKA i TI","og_description":"KA-U\u010c TV i ove \u0161kolske godine organizira edukaciju za sve zainteresirane koji se \u017eele oku\u0161ati u svijetu video produkcije. Zajedno s voditeljem, Brankom Vilusom, svladajte sve \u0161to treba znati o: kameri\u00a0(objektiv, fokus, ekspozicija, white balance i rasvjeta, stativ i pokreti kamere), mikrofonu i snima\u010du zvuka, snimanju\u00a0i kompoziciji kadra, novinarskom radu\u00a0(\u0161to sve prethodi snimanju intervjua, kako [&hellip;]","og_url":"https:\/\/rck.tehnicka-skola-karlovac.hr\/struka-i-ti\/kameru-primi-i-video-snimi-pridruzi-se-i-ti\/","og_site_name":"STRuKA i TI","article_published_time":"2021-09-14T08:00:06+00:00","og_image":[{"width":2560,"height":1440,"url":"https:\/\/rck.tehnicka-skola-karlovac.hr\/struka-i-ti\/wp-content\/uploads\/2021\/09\/3538796-scaled.jpg","type":"image\/jpeg"}],"author":"STRuKA i Ti","twitter_card":"summary_large_image","twitter_misc":{"Napisao\/la":"STRuKA i Ti","Procijenjeno vrijeme \u010ditanja":"1 minuta"},"schema":{"@context":"https:\/\/schema.org","@graph":[{"@type":"Article","@id":"https:\/\/rck.tehnicka-skola-karlovac.hr\/struka-i-ti\/kameru-primi-i-video-snimi-pridruzi-se-i-ti\/#article","isPartOf":{"@id":"https:\/\/rck.tehnicka-skola-karlovac.hr\/struka-i-ti\/kameru-primi-i-video-snimi-pridruzi-se-i-ti\/"},"author":{"name":"STRuKA i Ti","@id":"https:\/\/rck.tehnicka-skola-karlovac.hr\/struka-i-ti\/#\/schema\/person\/f73d84167583d34b7c48debd2dcd75de"},"headline":"Kameru primi i video snimi! \u2013 Pridru\u017ei se i ti!","datePublished":"2021-09-14T08:00:06+00:00","mainEntityOfPage":{"@id":"https:\/\/rck.tehnicka-skola-karlovac.hr\/struka-i-ti\/kameru-primi-i-video-snimi-pridruzi-se-i-ti\/"},"wordCount":120,"commentCount":0,"image":{"@id":"https:\/\/rck.tehnicka-skola-karlovac.hr\/struka-i-ti\/kameru-primi-i-video-snimi-pridruzi-se-i-ti\/#primaryimage"},"thumbnailUrl":"https:\/\/rck.tehnicka-skola-karlovac.hr\/struka-i-ti\/wp-content\/uploads\/2021\/09\/3538796-scaled.jpg","articleSection":["Novosti"],"inLanguage":"hr","potentialAction":[{"@type":"CommentAction","name":"Comment","target":["https:\/\/rck.tehnicka-skola-karlovac.hr\/struka-i-ti\/kameru-primi-i-video-snimi-pridruzi-se-i-ti\/#respond"]}]},{"@type":"WebPage","@id":"https:\/\/rck.tehnicka-skola-karlovac.hr\/struka-i-ti\/kameru-primi-i-video-snimi-pridruzi-se-i-ti\/","url":"https:\/\/rck.tehnicka-skola-karlovac.hr\/struka-i-ti\/kameru-primi-i-video-snimi-pridruzi-se-i-ti\/","name":"Kameru primi i video snimi! \u2013 Pridru\u017ei se i ti! - STRuKA i TI","isPartOf":{"@id":"https:\/\/rck.tehnicka-skola-karlovac.hr\/struka-i-ti\/#website"},"primaryImageOfPage":{"@id":"https:\/\/rck.tehnicka-skola-karlovac.hr\/struka-i-ti\/kameru-primi-i-video-snimi-pridruzi-se-i-ti\/#primaryimage"},"image":{"@id":"https:\/\/rck.tehnicka-skola-karlovac.hr\/struka-i-ti\/kameru-primi-i-video-snimi-pridruzi-se-i-ti\/#primaryimage"},"thumbnailUrl":"https:\/\/rck.tehnicka-skola-karlovac.hr\/struka-i-ti\/wp-content\/uploads\/2021\/09\/3538796-scaled.jpg","datePublished":"2021-09-14T08:00:06+00:00","author":{"@id":"https:\/\/rck.tehnicka-skola-karlovac.hr\/struka-i-ti\/#\/schema\/person\/f73d84167583d34b7c48debd2dcd75de"},"breadcrumb":{"@id":"https:\/\/rck.tehnicka-skola-karlovac.hr\/struka-i-ti\/kameru-primi-i-video-snimi-pridruzi-se-i-ti\/#breadcrumb"},"inLanguage":"hr","potentialAction":[{"@type":"ReadAction","target":["https:\/\/rck.tehnicka-skola-karlovac.hr\/struka-i-ti\/kameru-primi-i-video-snimi-pridruzi-se-i-ti\/"]}]},{"@type":"ImageObject","inLanguage":"hr","@id":"https:\/\/rck.tehnicka-skola-karlovac.hr\/struka-i-ti\/kameru-primi-i-video-snimi-pridruzi-se-i-ti\/#primaryimage","url":"https:\/\/rck.tehnicka-skola-karlovac.hr\/struka-i-ti\/wp-content\/uploads\/2021\/09\/3538796-scaled.jpg","contentUrl":"https:\/\/rck.tehnicka-skola-karlovac.hr\/struka-i-ti\/wp-content\/uploads\/2021\/09\/3538796-scaled.jpg","width":2560,"height":1440},{"@type":"BreadcrumbList","@id":"https:\/\/rck.tehnicka-skola-karlovac.hr\/struka-i-ti\/kameru-primi-i-video-snimi-pridruzi-se-i-ti\/#breadcrumb","itemListElement":[{"@type":"ListItem","position":1,"name":"Po\u010detna stranica","item":"https:\/\/rck.tehnicka-skola-karlovac.hr\/struka-i-ti\/"},{"@type":"ListItem","position":2,"name":"Kameru primi i video snimi! \u2013 Pridru\u017ei se i ti!"}]},{"@type":"WebSite","@id":"https:\/\/rck.tehnicka-skola-karlovac.hr\/struka-i-ti\/#website","url":"https:\/\/rck.tehnicka-skola-karlovac.hr\/struka-i-ti\/","name":"STRuKA i TI","description":"Tehni\u010dka \u0161kola Karlovac","potentialAction":[{"@type":"SearchAction","target":{"@type":"EntryPoint","urlTemplate":"https:\/\/rck.tehnicka-skola-karlovac.hr\/struka-i-ti\/?s={search_term_string}"},"query-input":{"@type":"PropertyValueSpecification","valueRequired":true,"valueName":"search_term_string"}}],"inLanguage":"hr"},{"@type":"Person","@id":"https:\/\/rck.tehnicka-skola-karlovac.hr\/struka-i-ti\/#\/schema\/person\/f73d84167583d34b7c48debd2dcd75de","name":"STRuKA i Ti","image":{"@type":"ImageObject","inLanguage":"hr","@id":"https:\/\/secure.gravatar.com\/avatar\/65e31da4b9fdafe8f9dfb94541ee963b42e73f7f824625f07b5ab5cc36b6307e?s=96&d=mm&r=g","url":"https:\/\/secure.gravatar.com\/avatar\/65e31da4b9fdafe8f9dfb94541ee963b42e73f7f824625f07b5ab5cc36b6307e?s=96&d=mm&r=g","contentUrl":"https:\/\/secure.gravatar.com\/avatar\/65e31da4b9fdafe8f9dfb94541ee963b42e73f7f824625f07b5ab5cc36b6307e?s=96&d=mm&r=g","caption":"STRuKA i Ti"},"url":"https:\/\/rck.tehnicka-skola-karlovac.hr\/struka-i-ti\/author\/marija-tadic\/"}]}},"_links":{"self":[{"href":"https:\/\/rck.tehnicka-skola-karlovac.hr\/struka-i-ti\/wp-json\/wp\/v2\/posts\/631","targetHints":{"allow":["GET"]}}],"collection":[{"href":"https:\/\/rck.tehnicka-skola-karlovac.hr\/struka-i-ti\/wp-json\/wp\/v2\/posts"}],"about":[{"href":"https:\/\/rck.tehnicka-skola-karlovac.hr\/struka-i-ti\/wp-json\/wp\/v2\/types\/post"}],"author":[{"embeddable":true,"href":"https:\/\/rck.tehnicka-skola-karlovac.hr\/struka-i-ti\/wp-json\/wp\/v2\/users\/2"}],"replies":[{"embeddable":true,"href":"https:\/\/rck.tehnicka-skola-karlovac.hr\/struka-i-ti\/wp-json\/wp\/v2\/comments?post=631"}],"version-history":[{"count":1,"href":"https:\/\/rck.tehnicka-skola-karlovac.hr\/struka-i-ti\/wp-json\/wp\/v2\/posts\/631\/revisions"}],"predecessor-version":[{"id":633,"href":"https:\/\/rck.tehnicka-skola-karlovac.hr\/struka-i-ti\/wp-json\/wp\/v2\/posts\/631\/revisions\/633"}],"wp:featuredmedia":[{"embeddable":true,"href":"https:\/\/rck.tehnicka-skola-karlovac.hr\/struka-i-ti\/wp-json\/wp\/v2\/media\/632"}],"wp:attachment":[{"href":"https:\/\/rck.tehnicka-skola-karlovac.hr\/struka-i-ti\/wp-json\/wp\/v2\/media?parent=631"}],"wp:term":[{"taxonomy":"category","embeddable":true,"href":"https:\/\/rck.tehnicka-skola-karlovac.hr\/struka-i-ti\/wp-json\/wp\/v2\/categories?post=631"},{"taxonomy":"post_tag","embeddable":true,"href":"https:\/\/rck.tehnicka-skola-karlovac.hr\/struka-i-ti\/wp-json\/wp\/v2\/tags?post=631"}],"curies":[{"name":"wp","href":"https:\/\/api.w.org\/{rel}","templated":true}]}}