{"id":640,"date":"2021-09-18T15:34:42","date_gmt":"2021-09-18T13:34:42","guid":{"rendered":"https:\/\/rck.tehnicka-skola-karlovac.hr\/struka-i-ti\/?p=640"},"modified":"2021-09-23T15:47:30","modified_gmt":"2021-09-23T13:47:30","slug":"prvi-specijalizirani-sajam-strukovnog-obrazovanja-u-karlovcu","status":"publish","type":"post","link":"https:\/\/rck.tehnicka-skola-karlovac.hr\/struka-i-ti\/prvi-specijalizirani-sajam-strukovnog-obrazovanja-u-karlovcu\/","title":{"rendered":"Pozivamo vas na prvi sajam strukovnog obrazovanja u Karlovcu"},"content":{"rendered":"<p><span style=\"font-weight: 400;\">Regionalni centar kompetentnosti Tehni\u010dke \u0161kole Karlovac i Hrvatska gospodarska komora -\u017dupanijska komora Karlovac organiziraju jednodnevni sajam strukovnog obrazovanja u sektoru elektrotehnike i ra\u010dunalstva te podsektoru strojarstva koji \u0107e se odr\u017eati u <\/span><b>\u010detvrtak 23. rujna 2021.<\/b><span style=\"font-weight: 400;\"> ispred Gradskog kazali\u0161ta \u201eZorin dom\u201c u Karlovcu.\u00a0<\/span><\/p>\n<p><span style=\"font-weight: 400;\">Sve\u010dano otvorenje zakazano je za 10 sati dok \u0107e za posjetitelje sajam biti otvoren od 9 do 18 sati. Sajam \u0107e otvoriti ravnatelj Tehni\u010dke \u0161kole Karlovac Ivan Jankovi\u0107, predsjednik Hrvatske gospodarske komore \u2013 \u017dupanijske komore Karlovac Zlatko Kuzman i gradona\u010delnik grada Karlovca Damir Mandi\u0107.<\/span><\/p>\n<p><span style=\"font-weight: 400;\">Sajam \u0107e okupiti sve va\u017ene tvrtke, \u0161kole i institucije s podru\u010dja Karlova\u010dke \u017eupanije i \u0161ire koje \u0107e predstaviti mogu\u0107nosti obrazovanja i zapo\u0161ljavanja u navedenom sektoru i podsektoru. Mogu\u0107nosti koje nude strukovna zanimanja imati \u0107e priliku upoznati i u\u010denici partnerskih \u0161kola koji \u0107e organiziranim prijevozom posjetiti sajam.<\/span><\/p>\n<p><span style=\"font-weight: 400;\">U sklopu sajma odr\u017eati \u0107e se Okrugli stol na temu \u201ePriprema mladih za tr\u017ei\u0161te rada \u2013 \u0160to je potrebno mijenjati kako bi u\u010denici po zavr\u0161etku \u0161kolovanja i zapo\u0161ljavanja na svom prvom radnom mjestu bili spremni doprinijeti promjenama i inovacijama u poslovanju tvrtki i obrta?\u201c s po\u010detkom u 11.30 sati u Velikoj dvorani Gradskog kazali\u0161ta \u201eZorin dom u Karlovcu\u201c. Na panel raspravi sudjelovati \u0107e predstavnici tvtki te najva\u017enijih institucija s podru\u010dja Karlova\u010dke \u017eupanije.<\/span><\/p>\n<p><span style=\"font-weight: 400;\">Organizacija sajma sufinancirana je u okviru Operativnog programa U\u010dinkoviti ljudski potencijali 2014. \u2013 2020. iz Europskog socijalnog fonda. Organizator sajma je Tehni\u010dka \u0161kola Karlovac u suradnji s Hrvatskom gospodarskom komorom \u2013 \u017dupanijskom komorom\u00a0 Karlovac.<\/span><\/p>\n<p><img loading=\"lazy\" decoding=\"async\" class=\"wp-image-545 aligncenter\" src=\"https:\/\/rck.tehnicka-skola-karlovac.hr\/struka-i-ti\/wp-content\/uploads\/2021\/04\/Lenta-i-tekst.png\" alt=\"\" width=\"507\" height=\"160\" \/><\/p>\n","protected":false},"excerpt":{"rendered":"<p>Regionalni centar kompetentnosti Tehni\u010dke \u0161kole Karlovac i Hrvatska gospodarska komora -\u017dupanijska komora Karlovac organiziraju jednodnevni sajam strukovnog obrazovanja u sektoru elektrotehnike i ra\u010dunalstva te podsektoru strojarstva koji \u0107e se odr\u017eati u \u010detvrtak 23. rujna 2021. ispred Gradskog kazali\u0161ta \u201eZorin dom\u201c u Karlovcu.\u00a0 Sve\u010dano otvorenje zakazano je za 10 sati dok \u0107e za posjetitelje sajam biti [&hellip;]<\/p>\n","protected":false},"author":2,"featured_media":557,"comment_status":"open","ping_status":"open","sticky":false,"template":"","format":"standard","meta":{"_et_pb_use_builder":"","_et_pb_old_content":"","_et_gb_content_width":"","footnotes":""},"categories":[1],"tags":[],"class_list":["post-640","post","type-post","status-publish","format-standard","has-post-thumbnail","hentry","category-novosti"],"yoast_head":"<!-- This site is optimized with the Yoast SEO plugin v27.3 - https:\/\/yoast.com\/product\/yoast-seo-wordpress\/ -->\n<title>Pozivamo vas na prvi sajam strukovnog obrazovanja u Karlovcu - STRuKA i TI<\/title>\n<meta name=\"robots\" content=\"index, follow, max-snippet:-1, max-image-preview:large, max-video-preview:-1\" \/>\n<link rel=\"canonical\" href=\"https:\/\/rck.tehnicka-skola-karlovac.hr\/struka-i-ti\/prvi-specijalizirani-sajam-strukovnog-obrazovanja-u-karlovcu\/\" \/>\n<meta property=\"og:locale\" content=\"hr_HR\" \/>\n<meta property=\"og:type\" content=\"article\" \/>\n<meta property=\"og:title\" content=\"Pozivamo vas na prvi sajam strukovnog obrazovanja u Karlovcu - STRuKA i TI\" \/>\n<meta property=\"og:description\" content=\"Regionalni centar kompetentnosti Tehni\u010dke \u0161kole Karlovac i Hrvatska gospodarska komora -\u017dupanijska komora Karlovac organiziraju jednodnevni sajam strukovnog obrazovanja u sektoru elektrotehnike i ra\u010dunalstva te podsektoru strojarstva koji \u0107e se odr\u017eati u \u010detvrtak 23. rujna 2021. ispred Gradskog kazali\u0161ta \u201eZorin dom\u201c u Karlovcu.\u00a0 Sve\u010dano otvorenje zakazano je za 10 sati dok \u0107e za posjetitelje sajam biti [&hellip;]\" \/>\n<meta property=\"og:url\" content=\"https:\/\/rck.tehnicka-skola-karlovac.hr\/struka-i-ti\/prvi-specijalizirani-sajam-strukovnog-obrazovanja-u-karlovcu\/\" \/>\n<meta property=\"og:site_name\" content=\"STRuKA i TI\" \/>\n<meta property=\"article:published_time\" content=\"2021-09-18T13:34:42+00:00\" \/>\n<meta property=\"article:modified_time\" content=\"2021-09-23T13:47:30+00:00\" \/>\n<meta property=\"og:image\" content=\"https:\/\/rck.tehnicka-skola-karlovac.hr\/struka-i-ti\/wp-content\/uploads\/2021\/04\/cropped-slice2.png\" \/>\n\t<meta property=\"og:image:width\" content=\"512\" \/>\n\t<meta property=\"og:image:height\" content=\"512\" \/>\n\t<meta property=\"og:image:type\" content=\"image\/png\" \/>\n<meta name=\"author\" content=\"STRuKA i Ti\" \/>\n<meta name=\"twitter:card\" content=\"summary_large_image\" \/>\n<meta name=\"twitter:label1\" content=\"Napisao\/la\" \/>\n\t<meta name=\"twitter:data1\" content=\"STRuKA i Ti\" \/>\n\t<meta name=\"twitter:label2\" content=\"Procijenjeno vrijeme \u010ditanja\" \/>\n\t<meta name=\"twitter:data2\" content=\"1 minuta\" \/>\n<script type=\"application\/ld+json\" class=\"yoast-schema-graph\">{\"@context\":\"https:\\\/\\\/schema.org\",\"@graph\":[{\"@type\":\"Article\",\"@id\":\"https:\\\/\\\/rck.tehnicka-skola-karlovac.hr\\\/struka-i-ti\\\/prvi-specijalizirani-sajam-strukovnog-obrazovanja-u-karlovcu\\\/#article\",\"isPartOf\":{\"@id\":\"https:\\\/\\\/rck.tehnicka-skola-karlovac.hr\\\/struka-i-ti\\\/prvi-specijalizirani-sajam-strukovnog-obrazovanja-u-karlovcu\\\/\"},\"author\":{\"name\":\"STRuKA i Ti\",\"@id\":\"https:\\\/\\\/rck.tehnicka-skola-karlovac.hr\\\/struka-i-ti\\\/#\\\/schema\\\/person\\\/f73d84167583d34b7c48debd2dcd75de\"},\"headline\":\"Pozivamo vas na prvi sajam strukovnog obrazovanja u Karlovcu\",\"datePublished\":\"2021-09-18T13:34:42+00:00\",\"dateModified\":\"2021-09-23T13:47:30+00:00\",\"mainEntityOfPage\":{\"@id\":\"https:\\\/\\\/rck.tehnicka-skola-karlovac.hr\\\/struka-i-ti\\\/prvi-specijalizirani-sajam-strukovnog-obrazovanja-u-karlovcu\\\/\"},\"wordCount\":263,\"commentCount\":0,\"image\":{\"@id\":\"https:\\\/\\\/rck.tehnicka-skola-karlovac.hr\\\/struka-i-ti\\\/prvi-specijalizirani-sajam-strukovnog-obrazovanja-u-karlovcu\\\/#primaryimage\"},\"thumbnailUrl\":\"https:\\\/\\\/rck.tehnicka-skola-karlovac.hr\\\/struka-i-ti\\\/wp-content\\\/uploads\\\/2021\\\/04\\\/cropped-slice2.png\",\"articleSection\":[\"Novosti\"],\"inLanguage\":\"hr\",\"potentialAction\":[{\"@type\":\"CommentAction\",\"name\":\"Comment\",\"target\":[\"https:\\\/\\\/rck.tehnicka-skola-karlovac.hr\\\/struka-i-ti\\\/prvi-specijalizirani-sajam-strukovnog-obrazovanja-u-karlovcu\\\/#respond\"]}]},{\"@type\":\"WebPage\",\"@id\":\"https:\\\/\\\/rck.tehnicka-skola-karlovac.hr\\\/struka-i-ti\\\/prvi-specijalizirani-sajam-strukovnog-obrazovanja-u-karlovcu\\\/\",\"url\":\"https:\\\/\\\/rck.tehnicka-skola-karlovac.hr\\\/struka-i-ti\\\/prvi-specijalizirani-sajam-strukovnog-obrazovanja-u-karlovcu\\\/\",\"name\":\"Pozivamo vas na prvi sajam strukovnog obrazovanja u Karlovcu - STRuKA i TI\",\"isPartOf\":{\"@id\":\"https:\\\/\\\/rck.tehnicka-skola-karlovac.hr\\\/struka-i-ti\\\/#website\"},\"primaryImageOfPage\":{\"@id\":\"https:\\\/\\\/rck.tehnicka-skola-karlovac.hr\\\/struka-i-ti\\\/prvi-specijalizirani-sajam-strukovnog-obrazovanja-u-karlovcu\\\/#primaryimage\"},\"image\":{\"@id\":\"https:\\\/\\\/rck.tehnicka-skola-karlovac.hr\\\/struka-i-ti\\\/prvi-specijalizirani-sajam-strukovnog-obrazovanja-u-karlovcu\\\/#primaryimage\"},\"thumbnailUrl\":\"https:\\\/\\\/rck.tehnicka-skola-karlovac.hr\\\/struka-i-ti\\\/wp-content\\\/uploads\\\/2021\\\/04\\\/cropped-slice2.png\",\"datePublished\":\"2021-09-18T13:34:42+00:00\",\"dateModified\":\"2021-09-23T13:47:30+00:00\",\"author\":{\"@id\":\"https:\\\/\\\/rck.tehnicka-skola-karlovac.hr\\\/struka-i-ti\\\/#\\\/schema\\\/person\\\/f73d84167583d34b7c48debd2dcd75de\"},\"breadcrumb\":{\"@id\":\"https:\\\/\\\/rck.tehnicka-skola-karlovac.hr\\\/struka-i-ti\\\/prvi-specijalizirani-sajam-strukovnog-obrazovanja-u-karlovcu\\\/#breadcrumb\"},\"inLanguage\":\"hr\",\"potentialAction\":[{\"@type\":\"ReadAction\",\"target\":[\"https:\\\/\\\/rck.tehnicka-skola-karlovac.hr\\\/struka-i-ti\\\/prvi-specijalizirani-sajam-strukovnog-obrazovanja-u-karlovcu\\\/\"]}]},{\"@type\":\"ImageObject\",\"inLanguage\":\"hr\",\"@id\":\"https:\\\/\\\/rck.tehnicka-skola-karlovac.hr\\\/struka-i-ti\\\/prvi-specijalizirani-sajam-strukovnog-obrazovanja-u-karlovcu\\\/#primaryimage\",\"url\":\"https:\\\/\\\/rck.tehnicka-skola-karlovac.hr\\\/struka-i-ti\\\/wp-content\\\/uploads\\\/2021\\\/04\\\/cropped-slice2.png\",\"contentUrl\":\"https:\\\/\\\/rck.tehnicka-skola-karlovac.hr\\\/struka-i-ti\\\/wp-content\\\/uploads\\\/2021\\\/04\\\/cropped-slice2.png\",\"width\":512,\"height\":512},{\"@type\":\"BreadcrumbList\",\"@id\":\"https:\\\/\\\/rck.tehnicka-skola-karlovac.hr\\\/struka-i-ti\\\/prvi-specijalizirani-sajam-strukovnog-obrazovanja-u-karlovcu\\\/#breadcrumb\",\"itemListElement\":[{\"@type\":\"ListItem\",\"position\":1,\"name\":\"Po\u010detna stranica\",\"item\":\"https:\\\/\\\/rck.tehnicka-skola-karlovac.hr\\\/struka-i-ti\\\/\"},{\"@type\":\"ListItem\",\"position\":2,\"name\":\"Pozivamo vas na prvi sajam strukovnog obrazovanja u Karlovcu\"}]},{\"@type\":\"WebSite\",\"@id\":\"https:\\\/\\\/rck.tehnicka-skola-karlovac.hr\\\/struka-i-ti\\\/#website\",\"url\":\"https:\\\/\\\/rck.tehnicka-skola-karlovac.hr\\\/struka-i-ti\\\/\",\"name\":\"STRuKA i TI\",\"description\":\"Tehni\u010dka \u0161kola Karlovac\",\"potentialAction\":[{\"@type\":\"SearchAction\",\"target\":{\"@type\":\"EntryPoint\",\"urlTemplate\":\"https:\\\/\\\/rck.tehnicka-skola-karlovac.hr\\\/struka-i-ti\\\/?s={search_term_string}\"},\"query-input\":{\"@type\":\"PropertyValueSpecification\",\"valueRequired\":true,\"valueName\":\"search_term_string\"}}],\"inLanguage\":\"hr\"},{\"@type\":\"Person\",\"@id\":\"https:\\\/\\\/rck.tehnicka-skola-karlovac.hr\\\/struka-i-ti\\\/#\\\/schema\\\/person\\\/f73d84167583d34b7c48debd2dcd75de\",\"name\":\"STRuKA i Ti\",\"image\":{\"@type\":\"ImageObject\",\"inLanguage\":\"hr\",\"@id\":\"https:\\\/\\\/secure.gravatar.com\\\/avatar\\\/65e31da4b9fdafe8f9dfb94541ee963b42e73f7f824625f07b5ab5cc36b6307e?s=96&d=mm&r=g\",\"url\":\"https:\\\/\\\/secure.gravatar.com\\\/avatar\\\/65e31da4b9fdafe8f9dfb94541ee963b42e73f7f824625f07b5ab5cc36b6307e?s=96&d=mm&r=g\",\"contentUrl\":\"https:\\\/\\\/secure.gravatar.com\\\/avatar\\\/65e31da4b9fdafe8f9dfb94541ee963b42e73f7f824625f07b5ab5cc36b6307e?s=96&d=mm&r=g\",\"caption\":\"STRuKA i Ti\"},\"url\":\"https:\\\/\\\/rck.tehnicka-skola-karlovac.hr\\\/struka-i-ti\\\/author\\\/marija-tadic\\\/\"}]}<\/script>\n<!-- \/ Yoast SEO plugin. -->","yoast_head_json":{"title":"Pozivamo vas na prvi sajam strukovnog obrazovanja u Karlovcu - STRuKA i TI","robots":{"index":"index","follow":"follow","max-snippet":"max-snippet:-1","max-image-preview":"max-image-preview:large","max-video-preview":"max-video-preview:-1"},"canonical":"https:\/\/rck.tehnicka-skola-karlovac.hr\/struka-i-ti\/prvi-specijalizirani-sajam-strukovnog-obrazovanja-u-karlovcu\/","og_locale":"hr_HR","og_type":"article","og_title":"Pozivamo vas na prvi sajam strukovnog obrazovanja u Karlovcu - STRuKA i TI","og_description":"Regionalni centar kompetentnosti Tehni\u010dke \u0161kole Karlovac i Hrvatska gospodarska komora -\u017dupanijska komora Karlovac organiziraju jednodnevni sajam strukovnog obrazovanja u sektoru elektrotehnike i ra\u010dunalstva te podsektoru strojarstva koji \u0107e se odr\u017eati u \u010detvrtak 23. rujna 2021. ispred Gradskog kazali\u0161ta \u201eZorin dom\u201c u Karlovcu.\u00a0 Sve\u010dano otvorenje zakazano je za 10 sati dok \u0107e za posjetitelje sajam biti [&hellip;]","og_url":"https:\/\/rck.tehnicka-skola-karlovac.hr\/struka-i-ti\/prvi-specijalizirani-sajam-strukovnog-obrazovanja-u-karlovcu\/","og_site_name":"STRuKA i TI","article_published_time":"2021-09-18T13:34:42+00:00","article_modified_time":"2021-09-23T13:47:30+00:00","og_image":[{"width":512,"height":512,"url":"https:\/\/rck.tehnicka-skola-karlovac.hr\/struka-i-ti\/wp-content\/uploads\/2021\/04\/cropped-slice2.png","type":"image\/png"}],"author":"STRuKA i Ti","twitter_card":"summary_large_image","twitter_misc":{"Napisao\/la":"STRuKA i Ti","Procijenjeno vrijeme \u010ditanja":"1 minuta"},"schema":{"@context":"https:\/\/schema.org","@graph":[{"@type":"Article","@id":"https:\/\/rck.tehnicka-skola-karlovac.hr\/struka-i-ti\/prvi-specijalizirani-sajam-strukovnog-obrazovanja-u-karlovcu\/#article","isPartOf":{"@id":"https:\/\/rck.tehnicka-skola-karlovac.hr\/struka-i-ti\/prvi-specijalizirani-sajam-strukovnog-obrazovanja-u-karlovcu\/"},"author":{"name":"STRuKA i Ti","@id":"https:\/\/rck.tehnicka-skola-karlovac.hr\/struka-i-ti\/#\/schema\/person\/f73d84167583d34b7c48debd2dcd75de"},"headline":"Pozivamo vas na prvi sajam strukovnog obrazovanja u Karlovcu","datePublished":"2021-09-18T13:34:42+00:00","dateModified":"2021-09-23T13:47:30+00:00","mainEntityOfPage":{"@id":"https:\/\/rck.tehnicka-skola-karlovac.hr\/struka-i-ti\/prvi-specijalizirani-sajam-strukovnog-obrazovanja-u-karlovcu\/"},"wordCount":263,"commentCount":0,"image":{"@id":"https:\/\/rck.tehnicka-skola-karlovac.hr\/struka-i-ti\/prvi-specijalizirani-sajam-strukovnog-obrazovanja-u-karlovcu\/#primaryimage"},"thumbnailUrl":"https:\/\/rck.tehnicka-skola-karlovac.hr\/struka-i-ti\/wp-content\/uploads\/2021\/04\/cropped-slice2.png","articleSection":["Novosti"],"inLanguage":"hr","potentialAction":[{"@type":"CommentAction","name":"Comment","target":["https:\/\/rck.tehnicka-skola-karlovac.hr\/struka-i-ti\/prvi-specijalizirani-sajam-strukovnog-obrazovanja-u-karlovcu\/#respond"]}]},{"@type":"WebPage","@id":"https:\/\/rck.tehnicka-skola-karlovac.hr\/struka-i-ti\/prvi-specijalizirani-sajam-strukovnog-obrazovanja-u-karlovcu\/","url":"https:\/\/rck.tehnicka-skola-karlovac.hr\/struka-i-ti\/prvi-specijalizirani-sajam-strukovnog-obrazovanja-u-karlovcu\/","name":"Pozivamo vas na prvi sajam strukovnog obrazovanja u Karlovcu - STRuKA i TI","isPartOf":{"@id":"https:\/\/rck.tehnicka-skola-karlovac.hr\/struka-i-ti\/#website"},"primaryImageOfPage":{"@id":"https:\/\/rck.tehnicka-skola-karlovac.hr\/struka-i-ti\/prvi-specijalizirani-sajam-strukovnog-obrazovanja-u-karlovcu\/#primaryimage"},"image":{"@id":"https:\/\/rck.tehnicka-skola-karlovac.hr\/struka-i-ti\/prvi-specijalizirani-sajam-strukovnog-obrazovanja-u-karlovcu\/#primaryimage"},"thumbnailUrl":"https:\/\/rck.tehnicka-skola-karlovac.hr\/struka-i-ti\/wp-content\/uploads\/2021\/04\/cropped-slice2.png","datePublished":"2021-09-18T13:34:42+00:00","dateModified":"2021-09-23T13:47:30+00:00","author":{"@id":"https:\/\/rck.tehnicka-skola-karlovac.hr\/struka-i-ti\/#\/schema\/person\/f73d84167583d34b7c48debd2dcd75de"},"breadcrumb":{"@id":"https:\/\/rck.tehnicka-skola-karlovac.hr\/struka-i-ti\/prvi-specijalizirani-sajam-strukovnog-obrazovanja-u-karlovcu\/#breadcrumb"},"inLanguage":"hr","potentialAction":[{"@type":"ReadAction","target":["https:\/\/rck.tehnicka-skola-karlovac.hr\/struka-i-ti\/prvi-specijalizirani-sajam-strukovnog-obrazovanja-u-karlovcu\/"]}]},{"@type":"ImageObject","inLanguage":"hr","@id":"https:\/\/rck.tehnicka-skola-karlovac.hr\/struka-i-ti\/prvi-specijalizirani-sajam-strukovnog-obrazovanja-u-karlovcu\/#primaryimage","url":"https:\/\/rck.tehnicka-skola-karlovac.hr\/struka-i-ti\/wp-content\/uploads\/2021\/04\/cropped-slice2.png","contentUrl":"https:\/\/rck.tehnicka-skola-karlovac.hr\/struka-i-ti\/wp-content\/uploads\/2021\/04\/cropped-slice2.png","width":512,"height":512},{"@type":"BreadcrumbList","@id":"https:\/\/rck.tehnicka-skola-karlovac.hr\/struka-i-ti\/prvi-specijalizirani-sajam-strukovnog-obrazovanja-u-karlovcu\/#breadcrumb","itemListElement":[{"@type":"ListItem","position":1,"name":"Po\u010detna stranica","item":"https:\/\/rck.tehnicka-skola-karlovac.hr\/struka-i-ti\/"},{"@type":"ListItem","position":2,"name":"Pozivamo vas na prvi sajam strukovnog obrazovanja u Karlovcu"}]},{"@type":"WebSite","@id":"https:\/\/rck.tehnicka-skola-karlovac.hr\/struka-i-ti\/#website","url":"https:\/\/rck.tehnicka-skola-karlovac.hr\/struka-i-ti\/","name":"STRuKA i TI","description":"Tehni\u010dka \u0161kola Karlovac","potentialAction":[{"@type":"SearchAction","target":{"@type":"EntryPoint","urlTemplate":"https:\/\/rck.tehnicka-skola-karlovac.hr\/struka-i-ti\/?s={search_term_string}"},"query-input":{"@type":"PropertyValueSpecification","valueRequired":true,"valueName":"search_term_string"}}],"inLanguage":"hr"},{"@type":"Person","@id":"https:\/\/rck.tehnicka-skola-karlovac.hr\/struka-i-ti\/#\/schema\/person\/f73d84167583d34b7c48debd2dcd75de","name":"STRuKA i Ti","image":{"@type":"ImageObject","inLanguage":"hr","@id":"https:\/\/secure.gravatar.com\/avatar\/65e31da4b9fdafe8f9dfb94541ee963b42e73f7f824625f07b5ab5cc36b6307e?s=96&d=mm&r=g","url":"https:\/\/secure.gravatar.com\/avatar\/65e31da4b9fdafe8f9dfb94541ee963b42e73f7f824625f07b5ab5cc36b6307e?s=96&d=mm&r=g","contentUrl":"https:\/\/secure.gravatar.com\/avatar\/65e31da4b9fdafe8f9dfb94541ee963b42e73f7f824625f07b5ab5cc36b6307e?s=96&d=mm&r=g","caption":"STRuKA i Ti"},"url":"https:\/\/rck.tehnicka-skola-karlovac.hr\/struka-i-ti\/author\/marija-tadic\/"}]}},"_links":{"self":[{"href":"https:\/\/rck.tehnicka-skola-karlovac.hr\/struka-i-ti\/wp-json\/wp\/v2\/posts\/640","targetHints":{"allow":["GET"]}}],"collection":[{"href":"https:\/\/rck.tehnicka-skola-karlovac.hr\/struka-i-ti\/wp-json\/wp\/v2\/posts"}],"about":[{"href":"https:\/\/rck.tehnicka-skola-karlovac.hr\/struka-i-ti\/wp-json\/wp\/v2\/types\/post"}],"author":[{"embeddable":true,"href":"https:\/\/rck.tehnicka-skola-karlovac.hr\/struka-i-ti\/wp-json\/wp\/v2\/users\/2"}],"replies":[{"embeddable":true,"href":"https:\/\/rck.tehnicka-skola-karlovac.hr\/struka-i-ti\/wp-json\/wp\/v2\/comments?post=640"}],"version-history":[{"count":3,"href":"https:\/\/rck.tehnicka-skola-karlovac.hr\/struka-i-ti\/wp-json\/wp\/v2\/posts\/640\/revisions"}],"predecessor-version":[{"id":652,"href":"https:\/\/rck.tehnicka-skola-karlovac.hr\/struka-i-ti\/wp-json\/wp\/v2\/posts\/640\/revisions\/652"}],"wp:featuredmedia":[{"embeddable":true,"href":"https:\/\/rck.tehnicka-skola-karlovac.hr\/struka-i-ti\/wp-json\/wp\/v2\/media\/557"}],"wp:attachment":[{"href":"https:\/\/rck.tehnicka-skola-karlovac.hr\/struka-i-ti\/wp-json\/wp\/v2\/media?parent=640"}],"wp:term":[{"taxonomy":"category","embeddable":true,"href":"https:\/\/rck.tehnicka-skola-karlovac.hr\/struka-i-ti\/wp-json\/wp\/v2\/categories?post=640"},{"taxonomy":"post_tag","embeddable":true,"href":"https:\/\/rck.tehnicka-skola-karlovac.hr\/struka-i-ti\/wp-json\/wp\/v2\/tags?post=640"}],"curies":[{"name":"wp","href":"https:\/\/api.w.org\/{rel}","templated":true}]}}