{"id":642,"date":"2021-09-23T15:46:28","date_gmt":"2021-09-23T13:46:28","guid":{"rendered":"https:\/\/rck.tehnicka-skola-karlovac.hr\/struka-i-ti\/?p=642"},"modified":"2021-09-30T13:15:29","modified_gmt":"2021-09-30T11:15:29","slug":"odrzan-prvi-sajam-strukovnog-obrazovanja-u-karlovcu","status":"publish","type":"post","link":"https:\/\/rck.tehnicka-skola-karlovac.hr\/struka-i-ti\/odrzan-prvi-sajam-strukovnog-obrazovanja-u-karlovcu\/","title":{"rendered":"Odr\u017ean prvi sajam strukovnog obrazovanja u Karlovcu"},"content":{"rendered":"<p><span style=\"font-weight: 400;\">Regionalni centar kompetentnosti Tehni\u010dke \u0161kole Karlovac i Hrvatska gospodarska komora-\u017dupanijska komora Karlovac organizirali su jednodnevni sajam strukovnog obrazovanja u sektoru elektrotehnike i ra\u010dunalstva te podsektoru strojarstva koji se odr\u017eao u <\/span><b>\u010detvrtak 23. rujna 2021.<\/b><span style=\"font-weight: 400;\"> ispred Gradskog kazali\u0161ta \u201eZorin dom\u201c u Karlovcu.\u00a0<\/span><\/p>\n<p><span style=\"font-weight: 400;\">Sajam je okupio sve va\u017ene tvrtke, \u0161kole i institucije s podru\u010dja Karlova\u010dke \u017eupanije i \u0161ire koji su predstavili mogu\u0107nosti obrazovanja i zapo\u0161ljavanja u navedenom sektoru i podsektoru. Mogu\u0107nosti koje nude strukovna zanimanja imali su priliku upoznati i u\u010denici Obrtni\u010dke i tehni\u010dke \u0161kole Ogulin, Elektroindustrijske i obrtni\u010dke \u0161kole Rijeka, Strukovne \u0161kole Gospi\u0107 te Srednje \u0161kole Slunj koji su organizirano posjetili sajam.<\/span><\/p>\n<p><span style=\"font-weight: 400;\">Na sajmu su izlagali:<\/span><\/p>\n<ul>\n<li><span style=\"font-weight: 400;\">DW Reusables d.o.o.<\/span><\/li>\n<li><span style=\"font-weight: 400;\">Obrtni\u010dka i tehni\u010dka \u0161kola Ogulin<\/span><\/li>\n<li><span style=\"font-weight: 400;\">Praxis &#8211; u\u010dili\u0161te za prakti\u010dna znanja<\/span><\/li>\n<li><span style=\"font-weight: 400;\">Tehni\u010dka \u0161kola Karlovac<\/span><\/li>\n<li><span style=\"font-weight: 400;\">Tehni\u010dko veleu\u010dili\u0161te Zagreb<\/span><\/li>\n<li><span style=\"font-weight: 400;\">Hrvatski zavod za zapo\u0161ljavanje, Podru\u010dni ured Karlovac<\/span><\/li>\n<li><span style=\"font-weight: 400;\">Karlova\u010dka \u017eupanija<\/span><\/li>\n<li><span style=\"font-weight: 400;\">U\u010deni\u010dki dom Karlovac<\/span><\/li>\n<li><span style=\"font-weight: 400;\">Hrvatska gospodarska komora \u2013 \u017dupanijska komora Karlovac<\/span><\/li>\n<li><span style=\"font-weight: 400;\">Hs Produkt d.o.o.<\/span><\/li>\n<li><span style=\"font-weight: 400;\">Kelteks d.o.o.<\/span><\/li>\n<li><span style=\"font-weight: 400;\">Tvornica turbina d.o.o.<\/span><\/li>\n<li><span style=\"font-weight: 400;\">\u017ditoproizvod d.d.<\/span><\/li>\n<li><span style=\"font-weight: 400;\">MEP d.o.o.<\/span><\/li>\n<li><span style=\"font-weight: 400;\">Veleu\u010dili\u0161te u Karlovcu<\/span><\/li>\n<li><span style=\"font-weight: 400;\">Bjelin Croatia d.o.o<\/span><\/li>\n<li><span style=\"font-weight: 400;\">General electric Hrvatska d.o.o.<\/span><\/li>\n<li><span style=\"font-weight: 400;\">Elektroindustrijska i obrtni\u010dka \u0161kola Rijeka<\/span><\/li>\n<li><span style=\"font-weight: 400;\">Aquaestil d.o.o.<\/span><\/li>\n<li><span style=\"font-weight: 400;\">Pu\u010dko otvoreno u\u010dili\u0161te Zagreb<\/span><\/li>\n<li><span style=\"font-weight: 400;\">Kontal d.o.o.<\/span><\/li>\n<li><span style=\"font-weight: 400;\">Lana \u2013 karlova\u010dka tiskara d.d.<\/span><\/li>\n<li><span style=\"font-weight: 400;\">Croatia pumpe nova d.o.o.<\/span><\/li>\n<li><span style=\"font-weight: 400;\">IV-ER-Kontex-vatrogasne cijevi d.o.o.<\/span><\/li>\n<li><span style=\"font-weight: 400;\">Obrtni\u010dka komora Karlova\u010dke \u017eupanije<\/span><\/li>\n<li><span style=\"font-weight: 400;\">Strukovna \u0161kola Gospi\u0107<\/span><\/li>\n<\/ul>\n<p><span style=\"font-weight: 400;\">U sklopu sajma odr\u017ean je Okrugli stol na temu \u201ePriprema mladih za tr\u017ei\u0161te rada \u2013 \u0160to je potrebno mijenjati kako bi u\u010denici po zavr\u0161etku \u0161kolovanja i zapo\u0161ljavanja na svom prvom radnom mjestu bili spremni doprinijeti promjenama i inovacijama u poslovanju tvrtki i obrta?\u201c Na panel raspravi koju je moderirao Silvano Gospodari\u0107 sudjelovali su:<\/span><\/p>\n<ul>\n<li><span style=\"font-weight: 400;\">Ivan Jankovi\u0107, ravnatelj Tehni\u010dke \u0161kole Karlovac<\/span><\/li>\n<li><span style=\"font-weight: 400;\">Zlatko Kuzman, predsjednik Hrvatske gospodarske komore \u2013 \u017dupanijske komore Karlovac<\/span><\/li>\n<li><span style=\"font-weight: 400;\">Darko Stankovi\u0107, predsjednik Obrtni\u010dke komore Karlova\u010dke \u017eupanije<\/span><\/li>\n<li><span style=\"font-weight: 400;\">Ivana Mehle, predstojnica Hrvatskog zavoda za zapo\u0161ljavanje, Podru\u010dnog ureda Karlovac<\/span><\/li>\n<li><span style=\"font-weight: 400;\">Danijel Strmota, menad\u017eer iz tvrtke DW Reusables d.o.o.<\/span><\/li>\n<li><span style=\"font-weight: 400;\">Karolina Horvatin\u010di\u0107, voditeljica projekta \u201eKaRijERA i JA\u201c<\/span><\/li>\n<\/ul>\n<p><span style=\"font-weight: 400;\">Organizacija sajma sufinancirana je u okviru Operativnog programa U\u010dinkoviti ljudski potencijali 2014. \u2013 2020. iz Europskog socijalnog fonda. Organizator sajma je Tehni\u010dka \u0161kola Karlovac u suradnji s Hrvatskom gospodarskom komorom \u2013 \u017dupanijskom komorom\u00a0 Karlovac.<\/span><\/p>\n<div class=\"et_pb_slider et_pb_slider_fullwidth_off et_pb_gallery_post_type\">\n\t\t\t\t<div class=\"et_pb_slides\">\n\t\t\t\t\t<div class=\"et_pb_slide\" style=\"background: url(https:\/\/rck.tehnicka-skola-karlovac.hr\/struka-i-ti\/wp-content\/uploads\/2021\/09\/242677839_444421116966876_5630348574046297359_n.jpg);\"><\/div><div class=\"et_pb_slide\" style=\"background: url(https:\/\/rck.tehnicka-skola-karlovac.hr\/struka-i-ti\/wp-content\/uploads\/2021\/09\/242626503_1569948580017746_7293248797884803436_n.jpg);\"><\/div><div class=\"et_pb_slide\" style=\"background: url(https:\/\/rck.tehnicka-skola-karlovac.hr\/struka-i-ti\/wp-content\/uploads\/2021\/09\/242664602_872977320324460_1129720168075663719_n.jpg);\"><\/div><div class=\"et_pb_slide\" style=\"background: url(https:\/\/rck.tehnicka-skola-karlovac.hr\/struka-i-ti\/wp-content\/uploads\/2021\/09\/242722761_715913509299333_3445860411529335354_n.jpg);\"><\/div><div class=\"et_pb_slide\" style=\"background: url(https:\/\/rck.tehnicka-skola-karlovac.hr\/struka-i-ti\/wp-content\/uploads\/2021\/09\/242766556_3112715682331488_3244238792253729983_n.jpg);\"><\/div><div class=\"et_pb_slide\" style=\"background: url(https:\/\/rck.tehnicka-skola-karlovac.hr\/struka-i-ti\/wp-content\/uploads\/2021\/09\/242552616_369386651500360_1304587896526385181_n.jpg);\"><\/div><div class=\"et_pb_slide\" style=\"background: url(https:\/\/rck.tehnicka-skola-karlovac.hr\/struka-i-ti\/wp-content\/uploads\/2021\/09\/242588370_1201317667040849_3610573249695722277_n.jpg);\"><\/div>\n\t\t\t\t<\/div>\n\t\t\t<\/div>\n<p><iframe loading=\"lazy\" title=\"Prvi sajam strukovnog obrazovanja u sklopu Regionalnog centra kompetentnosti T\u0160K\" width=\"1080\" height=\"608\" src=\"https:\/\/www.youtube.com\/embed\/yPhZZ2NSH-c?feature=oembed\"  allow=\"accelerometer; autoplay; clipboard-write; encrypted-media; gyroscope; picture-in-picture\" allowfullscreen><\/iframe><\/p>\n","protected":false},"excerpt":{"rendered":"<p>Regionalni centar kompetentnosti Tehni\u010dke \u0161kole Karlovac i Hrvatska gospodarska komora-\u017dupanijska komora Karlovac organizirali su jednodnevni sajam strukovnog obrazovanja u sektoru elektrotehnike i ra\u010dunalstva te podsektoru strojarstva koji se odr\u017eao u \u010detvrtak 23. rujna 2021. ispred Gradskog kazali\u0161ta \u201eZorin dom\u201c u Karlovcu.\u00a0 Sajam je okupio sve va\u017ene tvrtke, \u0161kole i institucije s podru\u010dja Karlova\u010dke \u017eupanije i [&hellip;]<\/p>\n","protected":false},"author":2,"featured_media":644,"comment_status":"open","ping_status":"open","sticky":false,"template":"","format":"standard","meta":{"_et_pb_use_builder":"","_et_pb_old_content":"","_et_gb_content_width":"","footnotes":""},"categories":[1],"tags":[],"class_list":["post-642","post","type-post","status-publish","format-standard","has-post-thumbnail","hentry","category-novosti"],"yoast_head":"<!-- This site is optimized with the Yoast SEO plugin v27.3 - https:\/\/yoast.com\/product\/yoast-seo-wordpress\/ -->\n<title>Odr\u017ean prvi sajam strukovnog obrazovanja u Karlovcu - STRuKA i TI<\/title>\n<meta name=\"robots\" content=\"index, follow, max-snippet:-1, max-image-preview:large, max-video-preview:-1\" \/>\n<link rel=\"canonical\" href=\"https:\/\/rck.tehnicka-skola-karlovac.hr\/struka-i-ti\/odrzan-prvi-sajam-strukovnog-obrazovanja-u-karlovcu\/\" \/>\n<meta property=\"og:locale\" content=\"hr_HR\" \/>\n<meta property=\"og:type\" content=\"article\" \/>\n<meta property=\"og:title\" content=\"Odr\u017ean prvi sajam strukovnog obrazovanja u Karlovcu - STRuKA i TI\" \/>\n<meta property=\"og:description\" content=\"Regionalni centar kompetentnosti Tehni\u010dke \u0161kole Karlovac i Hrvatska gospodarska komora-\u017dupanijska komora Karlovac organizirali su jednodnevni sajam strukovnog obrazovanja u sektoru elektrotehnike i ra\u010dunalstva te podsektoru strojarstva koji se odr\u017eao u \u010detvrtak 23. rujna 2021. ispred Gradskog kazali\u0161ta \u201eZorin dom\u201c u Karlovcu.\u00a0 Sajam je okupio sve va\u017ene tvrtke, \u0161kole i institucije s podru\u010dja Karlova\u010dke \u017eupanije i [&hellip;]\" \/>\n<meta property=\"og:url\" content=\"https:\/\/rck.tehnicka-skola-karlovac.hr\/struka-i-ti\/odrzan-prvi-sajam-strukovnog-obrazovanja-u-karlovcu\/\" \/>\n<meta property=\"og:site_name\" content=\"STRuKA i TI\" \/>\n<meta property=\"article:published_time\" content=\"2021-09-23T13:46:28+00:00\" \/>\n<meta property=\"article:modified_time\" content=\"2021-09-30T11:15:29+00:00\" \/>\n<meta property=\"og:image\" content=\"https:\/\/rck.tehnicka-skola-karlovac.hr\/struka-i-ti\/wp-content\/uploads\/2021\/09\/242664602_872977320324460_1129720168075663719_n.jpg\" \/>\n\t<meta property=\"og:image:width\" content=\"2048\" \/>\n\t<meta property=\"og:image:height\" content=\"1536\" \/>\n\t<meta property=\"og:image:type\" content=\"image\/jpeg\" \/>\n<meta name=\"author\" content=\"STRuKA i Ti\" \/>\n<meta name=\"twitter:card\" content=\"summary_large_image\" \/>\n<meta name=\"twitter:label1\" content=\"Napisao\/la\" \/>\n\t<meta name=\"twitter:data1\" content=\"STRuKA i Ti\" \/>\n\t<meta name=\"twitter:label2\" content=\"Procijenjeno vrijeme \u010ditanja\" \/>\n\t<meta name=\"twitter:data2\" content=\"2 minute\" \/>\n<script type=\"application\/ld+json\" class=\"yoast-schema-graph\">{\"@context\":\"https:\\\/\\\/schema.org\",\"@graph\":[{\"@type\":\"Article\",\"@id\":\"https:\\\/\\\/rck.tehnicka-skola-karlovac.hr\\\/struka-i-ti\\\/odrzan-prvi-sajam-strukovnog-obrazovanja-u-karlovcu\\\/#article\",\"isPartOf\":{\"@id\":\"https:\\\/\\\/rck.tehnicka-skola-karlovac.hr\\\/struka-i-ti\\\/odrzan-prvi-sajam-strukovnog-obrazovanja-u-karlovcu\\\/\"},\"author\":{\"name\":\"STRuKA i Ti\",\"@id\":\"https:\\\/\\\/rck.tehnicka-skola-karlovac.hr\\\/struka-i-ti\\\/#\\\/schema\\\/person\\\/f73d84167583d34b7c48debd2dcd75de\"},\"headline\":\"Odr\u017ean prvi sajam strukovnog obrazovanja u Karlovcu\",\"datePublished\":\"2021-09-23T13:46:28+00:00\",\"dateModified\":\"2021-09-30T11:15:29+00:00\",\"mainEntityOfPage\":{\"@id\":\"https:\\\/\\\/rck.tehnicka-skola-karlovac.hr\\\/struka-i-ti\\\/odrzan-prvi-sajam-strukovnog-obrazovanja-u-karlovcu\\\/\"},\"wordCount\":426,\"commentCount\":0,\"image\":{\"@id\":\"https:\\\/\\\/rck.tehnicka-skola-karlovac.hr\\\/struka-i-ti\\\/odrzan-prvi-sajam-strukovnog-obrazovanja-u-karlovcu\\\/#primaryimage\"},\"thumbnailUrl\":\"https:\\\/\\\/rck.tehnicka-skola-karlovac.hr\\\/struka-i-ti\\\/wp-content\\\/uploads\\\/2021\\\/09\\\/242664602_872977320324460_1129720168075663719_n.jpg\",\"articleSection\":[\"Novosti\"],\"inLanguage\":\"hr\",\"potentialAction\":[{\"@type\":\"CommentAction\",\"name\":\"Comment\",\"target\":[\"https:\\\/\\\/rck.tehnicka-skola-karlovac.hr\\\/struka-i-ti\\\/odrzan-prvi-sajam-strukovnog-obrazovanja-u-karlovcu\\\/#respond\"]}]},{\"@type\":\"WebPage\",\"@id\":\"https:\\\/\\\/rck.tehnicka-skola-karlovac.hr\\\/struka-i-ti\\\/odrzan-prvi-sajam-strukovnog-obrazovanja-u-karlovcu\\\/\",\"url\":\"https:\\\/\\\/rck.tehnicka-skola-karlovac.hr\\\/struka-i-ti\\\/odrzan-prvi-sajam-strukovnog-obrazovanja-u-karlovcu\\\/\",\"name\":\"Odr\u017ean prvi sajam strukovnog obrazovanja u Karlovcu - STRuKA i TI\",\"isPartOf\":{\"@id\":\"https:\\\/\\\/rck.tehnicka-skola-karlovac.hr\\\/struka-i-ti\\\/#website\"},\"primaryImageOfPage\":{\"@id\":\"https:\\\/\\\/rck.tehnicka-skola-karlovac.hr\\\/struka-i-ti\\\/odrzan-prvi-sajam-strukovnog-obrazovanja-u-karlovcu\\\/#primaryimage\"},\"image\":{\"@id\":\"https:\\\/\\\/rck.tehnicka-skola-karlovac.hr\\\/struka-i-ti\\\/odrzan-prvi-sajam-strukovnog-obrazovanja-u-karlovcu\\\/#primaryimage\"},\"thumbnailUrl\":\"https:\\\/\\\/rck.tehnicka-skola-karlovac.hr\\\/struka-i-ti\\\/wp-content\\\/uploads\\\/2021\\\/09\\\/242664602_872977320324460_1129720168075663719_n.jpg\",\"datePublished\":\"2021-09-23T13:46:28+00:00\",\"dateModified\":\"2021-09-30T11:15:29+00:00\",\"author\":{\"@id\":\"https:\\\/\\\/rck.tehnicka-skola-karlovac.hr\\\/struka-i-ti\\\/#\\\/schema\\\/person\\\/f73d84167583d34b7c48debd2dcd75de\"},\"breadcrumb\":{\"@id\":\"https:\\\/\\\/rck.tehnicka-skola-karlovac.hr\\\/struka-i-ti\\\/odrzan-prvi-sajam-strukovnog-obrazovanja-u-karlovcu\\\/#breadcrumb\"},\"inLanguage\":\"hr\",\"potentialAction\":[{\"@type\":\"ReadAction\",\"target\":[\"https:\\\/\\\/rck.tehnicka-skola-karlovac.hr\\\/struka-i-ti\\\/odrzan-prvi-sajam-strukovnog-obrazovanja-u-karlovcu\\\/\"]}]},{\"@type\":\"ImageObject\",\"inLanguage\":\"hr\",\"@id\":\"https:\\\/\\\/rck.tehnicka-skola-karlovac.hr\\\/struka-i-ti\\\/odrzan-prvi-sajam-strukovnog-obrazovanja-u-karlovcu\\\/#primaryimage\",\"url\":\"https:\\\/\\\/rck.tehnicka-skola-karlovac.hr\\\/struka-i-ti\\\/wp-content\\\/uploads\\\/2021\\\/09\\\/242664602_872977320324460_1129720168075663719_n.jpg\",\"contentUrl\":\"https:\\\/\\\/rck.tehnicka-skola-karlovac.hr\\\/struka-i-ti\\\/wp-content\\\/uploads\\\/2021\\\/09\\\/242664602_872977320324460_1129720168075663719_n.jpg\",\"width\":2048,\"height\":1536},{\"@type\":\"BreadcrumbList\",\"@id\":\"https:\\\/\\\/rck.tehnicka-skola-karlovac.hr\\\/struka-i-ti\\\/odrzan-prvi-sajam-strukovnog-obrazovanja-u-karlovcu\\\/#breadcrumb\",\"itemListElement\":[{\"@type\":\"ListItem\",\"position\":1,\"name\":\"Po\u010detna stranica\",\"item\":\"https:\\\/\\\/rck.tehnicka-skola-karlovac.hr\\\/struka-i-ti\\\/\"},{\"@type\":\"ListItem\",\"position\":2,\"name\":\"Odr\u017ean prvi sajam strukovnog obrazovanja u Karlovcu\"}]},{\"@type\":\"WebSite\",\"@id\":\"https:\\\/\\\/rck.tehnicka-skola-karlovac.hr\\\/struka-i-ti\\\/#website\",\"url\":\"https:\\\/\\\/rck.tehnicka-skola-karlovac.hr\\\/struka-i-ti\\\/\",\"name\":\"STRuKA i TI\",\"description\":\"Tehni\u010dka \u0161kola Karlovac\",\"potentialAction\":[{\"@type\":\"SearchAction\",\"target\":{\"@type\":\"EntryPoint\",\"urlTemplate\":\"https:\\\/\\\/rck.tehnicka-skola-karlovac.hr\\\/struka-i-ti\\\/?s={search_term_string}\"},\"query-input\":{\"@type\":\"PropertyValueSpecification\",\"valueRequired\":true,\"valueName\":\"search_term_string\"}}],\"inLanguage\":\"hr\"},{\"@type\":\"Person\",\"@id\":\"https:\\\/\\\/rck.tehnicka-skola-karlovac.hr\\\/struka-i-ti\\\/#\\\/schema\\\/person\\\/f73d84167583d34b7c48debd2dcd75de\",\"name\":\"STRuKA i Ti\",\"image\":{\"@type\":\"ImageObject\",\"inLanguage\":\"hr\",\"@id\":\"https:\\\/\\\/secure.gravatar.com\\\/avatar\\\/65e31da4b9fdafe8f9dfb94541ee963b42e73f7f824625f07b5ab5cc36b6307e?s=96&d=mm&r=g\",\"url\":\"https:\\\/\\\/secure.gravatar.com\\\/avatar\\\/65e31da4b9fdafe8f9dfb94541ee963b42e73f7f824625f07b5ab5cc36b6307e?s=96&d=mm&r=g\",\"contentUrl\":\"https:\\\/\\\/secure.gravatar.com\\\/avatar\\\/65e31da4b9fdafe8f9dfb94541ee963b42e73f7f824625f07b5ab5cc36b6307e?s=96&d=mm&r=g\",\"caption\":\"STRuKA i Ti\"},\"url\":\"https:\\\/\\\/rck.tehnicka-skola-karlovac.hr\\\/struka-i-ti\\\/author\\\/marija-tadic\\\/\"}]}<\/script>\n<!-- \/ Yoast SEO plugin. -->","yoast_head_json":{"title":"Odr\u017ean prvi sajam strukovnog obrazovanja u Karlovcu - STRuKA i TI","robots":{"index":"index","follow":"follow","max-snippet":"max-snippet:-1","max-image-preview":"max-image-preview:large","max-video-preview":"max-video-preview:-1"},"canonical":"https:\/\/rck.tehnicka-skola-karlovac.hr\/struka-i-ti\/odrzan-prvi-sajam-strukovnog-obrazovanja-u-karlovcu\/","og_locale":"hr_HR","og_type":"article","og_title":"Odr\u017ean prvi sajam strukovnog obrazovanja u Karlovcu - STRuKA i TI","og_description":"Regionalni centar kompetentnosti Tehni\u010dke \u0161kole Karlovac i Hrvatska gospodarska komora-\u017dupanijska komora Karlovac organizirali su jednodnevni sajam strukovnog obrazovanja u sektoru elektrotehnike i ra\u010dunalstva te podsektoru strojarstva koji se odr\u017eao u \u010detvrtak 23. rujna 2021. ispred Gradskog kazali\u0161ta \u201eZorin dom\u201c u Karlovcu.\u00a0 Sajam je okupio sve va\u017ene tvrtke, \u0161kole i institucije s podru\u010dja Karlova\u010dke \u017eupanije i [&hellip;]","og_url":"https:\/\/rck.tehnicka-skola-karlovac.hr\/struka-i-ti\/odrzan-prvi-sajam-strukovnog-obrazovanja-u-karlovcu\/","og_site_name":"STRuKA i TI","article_published_time":"2021-09-23T13:46:28+00:00","article_modified_time":"2021-09-30T11:15:29+00:00","og_image":[{"width":2048,"height":1536,"url":"https:\/\/rck.tehnicka-skola-karlovac.hr\/struka-i-ti\/wp-content\/uploads\/2021\/09\/242664602_872977320324460_1129720168075663719_n.jpg","type":"image\/jpeg"}],"author":"STRuKA i Ti","twitter_card":"summary_large_image","twitter_misc":{"Napisao\/la":"STRuKA i Ti","Procijenjeno vrijeme \u010ditanja":"2 minute"},"schema":{"@context":"https:\/\/schema.org","@graph":[{"@type":"Article","@id":"https:\/\/rck.tehnicka-skola-karlovac.hr\/struka-i-ti\/odrzan-prvi-sajam-strukovnog-obrazovanja-u-karlovcu\/#article","isPartOf":{"@id":"https:\/\/rck.tehnicka-skola-karlovac.hr\/struka-i-ti\/odrzan-prvi-sajam-strukovnog-obrazovanja-u-karlovcu\/"},"author":{"name":"STRuKA i Ti","@id":"https:\/\/rck.tehnicka-skola-karlovac.hr\/struka-i-ti\/#\/schema\/person\/f73d84167583d34b7c48debd2dcd75de"},"headline":"Odr\u017ean prvi sajam strukovnog obrazovanja u Karlovcu","datePublished":"2021-09-23T13:46:28+00:00","dateModified":"2021-09-30T11:15:29+00:00","mainEntityOfPage":{"@id":"https:\/\/rck.tehnicka-skola-karlovac.hr\/struka-i-ti\/odrzan-prvi-sajam-strukovnog-obrazovanja-u-karlovcu\/"},"wordCount":426,"commentCount":0,"image":{"@id":"https:\/\/rck.tehnicka-skola-karlovac.hr\/struka-i-ti\/odrzan-prvi-sajam-strukovnog-obrazovanja-u-karlovcu\/#primaryimage"},"thumbnailUrl":"https:\/\/rck.tehnicka-skola-karlovac.hr\/struka-i-ti\/wp-content\/uploads\/2021\/09\/242664602_872977320324460_1129720168075663719_n.jpg","articleSection":["Novosti"],"inLanguage":"hr","potentialAction":[{"@type":"CommentAction","name":"Comment","target":["https:\/\/rck.tehnicka-skola-karlovac.hr\/struka-i-ti\/odrzan-prvi-sajam-strukovnog-obrazovanja-u-karlovcu\/#respond"]}]},{"@type":"WebPage","@id":"https:\/\/rck.tehnicka-skola-karlovac.hr\/struka-i-ti\/odrzan-prvi-sajam-strukovnog-obrazovanja-u-karlovcu\/","url":"https:\/\/rck.tehnicka-skola-karlovac.hr\/struka-i-ti\/odrzan-prvi-sajam-strukovnog-obrazovanja-u-karlovcu\/","name":"Odr\u017ean prvi sajam strukovnog obrazovanja u Karlovcu - STRuKA i TI","isPartOf":{"@id":"https:\/\/rck.tehnicka-skola-karlovac.hr\/struka-i-ti\/#website"},"primaryImageOfPage":{"@id":"https:\/\/rck.tehnicka-skola-karlovac.hr\/struka-i-ti\/odrzan-prvi-sajam-strukovnog-obrazovanja-u-karlovcu\/#primaryimage"},"image":{"@id":"https:\/\/rck.tehnicka-skola-karlovac.hr\/struka-i-ti\/odrzan-prvi-sajam-strukovnog-obrazovanja-u-karlovcu\/#primaryimage"},"thumbnailUrl":"https:\/\/rck.tehnicka-skola-karlovac.hr\/struka-i-ti\/wp-content\/uploads\/2021\/09\/242664602_872977320324460_1129720168075663719_n.jpg","datePublished":"2021-09-23T13:46:28+00:00","dateModified":"2021-09-30T11:15:29+00:00","author":{"@id":"https:\/\/rck.tehnicka-skola-karlovac.hr\/struka-i-ti\/#\/schema\/person\/f73d84167583d34b7c48debd2dcd75de"},"breadcrumb":{"@id":"https:\/\/rck.tehnicka-skola-karlovac.hr\/struka-i-ti\/odrzan-prvi-sajam-strukovnog-obrazovanja-u-karlovcu\/#breadcrumb"},"inLanguage":"hr","potentialAction":[{"@type":"ReadAction","target":["https:\/\/rck.tehnicka-skola-karlovac.hr\/struka-i-ti\/odrzan-prvi-sajam-strukovnog-obrazovanja-u-karlovcu\/"]}]},{"@type":"ImageObject","inLanguage":"hr","@id":"https:\/\/rck.tehnicka-skola-karlovac.hr\/struka-i-ti\/odrzan-prvi-sajam-strukovnog-obrazovanja-u-karlovcu\/#primaryimage","url":"https:\/\/rck.tehnicka-skola-karlovac.hr\/struka-i-ti\/wp-content\/uploads\/2021\/09\/242664602_872977320324460_1129720168075663719_n.jpg","contentUrl":"https:\/\/rck.tehnicka-skola-karlovac.hr\/struka-i-ti\/wp-content\/uploads\/2021\/09\/242664602_872977320324460_1129720168075663719_n.jpg","width":2048,"height":1536},{"@type":"BreadcrumbList","@id":"https:\/\/rck.tehnicka-skola-karlovac.hr\/struka-i-ti\/odrzan-prvi-sajam-strukovnog-obrazovanja-u-karlovcu\/#breadcrumb","itemListElement":[{"@type":"ListItem","position":1,"name":"Po\u010detna stranica","item":"https:\/\/rck.tehnicka-skola-karlovac.hr\/struka-i-ti\/"},{"@type":"ListItem","position":2,"name":"Odr\u017ean prvi sajam strukovnog obrazovanja u Karlovcu"}]},{"@type":"WebSite","@id":"https:\/\/rck.tehnicka-skola-karlovac.hr\/struka-i-ti\/#website","url":"https:\/\/rck.tehnicka-skola-karlovac.hr\/struka-i-ti\/","name":"STRuKA i TI","description":"Tehni\u010dka \u0161kola Karlovac","potentialAction":[{"@type":"SearchAction","target":{"@type":"EntryPoint","urlTemplate":"https:\/\/rck.tehnicka-skola-karlovac.hr\/struka-i-ti\/?s={search_term_string}"},"query-input":{"@type":"PropertyValueSpecification","valueRequired":true,"valueName":"search_term_string"}}],"inLanguage":"hr"},{"@type":"Person","@id":"https:\/\/rck.tehnicka-skola-karlovac.hr\/struka-i-ti\/#\/schema\/person\/f73d84167583d34b7c48debd2dcd75de","name":"STRuKA i Ti","image":{"@type":"ImageObject","inLanguage":"hr","@id":"https:\/\/secure.gravatar.com\/avatar\/65e31da4b9fdafe8f9dfb94541ee963b42e73f7f824625f07b5ab5cc36b6307e?s=96&d=mm&r=g","url":"https:\/\/secure.gravatar.com\/avatar\/65e31da4b9fdafe8f9dfb94541ee963b42e73f7f824625f07b5ab5cc36b6307e?s=96&d=mm&r=g","contentUrl":"https:\/\/secure.gravatar.com\/avatar\/65e31da4b9fdafe8f9dfb94541ee963b42e73f7f824625f07b5ab5cc36b6307e?s=96&d=mm&r=g","caption":"STRuKA i Ti"},"url":"https:\/\/rck.tehnicka-skola-karlovac.hr\/struka-i-ti\/author\/marija-tadic\/"}]}},"_links":{"self":[{"href":"https:\/\/rck.tehnicka-skola-karlovac.hr\/struka-i-ti\/wp-json\/wp\/v2\/posts\/642","targetHints":{"allow":["GET"]}}],"collection":[{"href":"https:\/\/rck.tehnicka-skola-karlovac.hr\/struka-i-ti\/wp-json\/wp\/v2\/posts"}],"about":[{"href":"https:\/\/rck.tehnicka-skola-karlovac.hr\/struka-i-ti\/wp-json\/wp\/v2\/types\/post"}],"author":[{"embeddable":true,"href":"https:\/\/rck.tehnicka-skola-karlovac.hr\/struka-i-ti\/wp-json\/wp\/v2\/users\/2"}],"replies":[{"embeddable":true,"href":"https:\/\/rck.tehnicka-skola-karlovac.hr\/struka-i-ti\/wp-json\/wp\/v2\/comments?post=642"}],"version-history":[{"count":2,"href":"https:\/\/rck.tehnicka-skola-karlovac.hr\/struka-i-ti\/wp-json\/wp\/v2\/posts\/642\/revisions"}],"predecessor-version":[{"id":660,"href":"https:\/\/rck.tehnicka-skola-karlovac.hr\/struka-i-ti\/wp-json\/wp\/v2\/posts\/642\/revisions\/660"}],"wp:featuredmedia":[{"embeddable":true,"href":"https:\/\/rck.tehnicka-skola-karlovac.hr\/struka-i-ti\/wp-json\/wp\/v2\/media\/644"}],"wp:attachment":[{"href":"https:\/\/rck.tehnicka-skola-karlovac.hr\/struka-i-ti\/wp-json\/wp\/v2\/media?parent=642"}],"wp:term":[{"taxonomy":"category","embeddable":true,"href":"https:\/\/rck.tehnicka-skola-karlovac.hr\/struka-i-ti\/wp-json\/wp\/v2\/categories?post=642"},{"taxonomy":"post_tag","embeddable":true,"href":"https:\/\/rck.tehnicka-skola-karlovac.hr\/struka-i-ti\/wp-json\/wp\/v2\/tags?post=642"}],"curies":[{"name":"wp","href":"https:\/\/api.w.org\/{rel}","templated":true}]}}