{"id":687,"date":"2021-12-08T11:40:19","date_gmt":"2021-12-08T10:40:19","guid":{"rendered":"https:\/\/rck.tehnicka-skola-karlovac.hr\/struka-i-ti\/?p=687"},"modified":"2022-01-17T11:43:31","modified_gmt":"2022-01-17T10:43:31","slug":"natjecanje-ucenika-tehnicke-skole-karlovac","status":"publish","type":"post","link":"https:\/\/rck.tehnicka-skola-karlovac.hr\/struka-i-ti\/natjecanje-ucenika-tehnicke-skole-karlovac\/","title":{"rendered":"Natjecanje u\u010denika Tehni\u010dke \u0161kole Karlovac"},"content":{"rendered":"<p>U utorak 7. prosinca 2021. odr\u017eano je natjecanje u\u010denika \u010detvrtih razreda Tehni\u010dke \u0161kole Karlovac. Natjecanje je odr\u017eano u prostorima \u0161kole u organizaciji profesora \u0161kole i zaposlenika Veleu\u010dili\u0161ta u Karlovcu (VuKA). Sama ideja nastala je u sklopu projekata KaRijERA i JA i STRuKA i TI \u010diji je cilj uspostava Regionalnog centra kompetentnosti Tehni\u010dke \u0161kole Karlovac u (pod)sektorima strojarstva, elektrotehnike i ra\u010dunalstva.<\/p>\n<p>&nbsp;<\/p>\n<p>Natjecanje u podsektoru strojarstva pod nazivom &#8216;Konstruiranje pomo\u0107u ra\u010dunala u programu CATIA i 3D ispis&#8217; odr\u017eano je pod mentorstvom prof. Ante Gagule (T\u0160K) i Maje Bogovi\u0107 (VuKA), a zadatak koji su imali u\u010denici bio je konstruiranje zup\u010dasto nazubljenog vratila. Kao kriterij za bodovanje uzeto je vrijeme izrade (30 bodova) i pravilno izveden model zup\u010dastog nazubljenog vratila (190 bodova). Najbolje ocijenjeni model bio je isprintan 3D printerom.<\/p>\n<p>Natjecalo se 10 u\u010denika iz programa strojarski ra\u010dunalni tehni\u010dar i tehni\u010dar za mehatroniku. Ovo je njihov\u00a0 ostvareni rezultat:<\/p>\n<ol>\n<li>Luciano Banjav\u010di\u0107 &#8211; 180 bodova<\/li>\n<li>Teo \u010curjak &#8211; 174 bodova<\/li>\n<li>Filip Pavi\u010di\u0107 &#8211; 160 bodova<\/li>\n<li>Josip Mui\u0107 &#8211; 155 bodova<\/li>\n<li>Michael Brajkovi\u0107 &#8211; 132 bodova<\/li>\n<li>Tomo Plemi\u0107 &#8211; 120 bodova<\/li>\n<li>Yann Bartoli\u0107 &#8211; 90 bodova<\/li>\n<li>Leonard \u0160peli\u0107 &#8211; 80 bodova<\/li>\n<li>Lovro Pastuovi\u0107 &#8211; 75 bodova<\/li>\n<li>Filip Katavi\u0107 &#8211; 52 bodova<\/li>\n<\/ol>\n<p>Drugi dan samog doga\u0111aja, 8.12.2021., ravnatelj \u0161kole Ivan Jankovi\u0107 proglasio je pobjednike, zahvalio i \u010destitao natjecateljima te im podijelio simboli\u010dne nagrade.<\/p>\n<p><img loading=\"lazy\" decoding=\"async\" class=\"alignnone size-full wp-image-688\" src=\"https:\/\/rck.tehnicka-skola-karlovac.hr\/struka-i-ti\/wp-content\/uploads\/2022\/01\/strojarstvo.jpg\" alt=\"\" width=\"960\" height=\"720\" srcset=\"https:\/\/rck.tehnicka-skola-karlovac.hr\/struka-i-ti\/wp-content\/uploads\/2022\/01\/strojarstvo.jpg 960w, https:\/\/rck.tehnicka-skola-karlovac.hr\/struka-i-ti\/wp-content\/uploads\/2022\/01\/strojarstvo-480x360.jpg 480w\" sizes=\"(min-width: 0px) and (max-width: 480px) 480px, (min-width: 481px) 960px, 100vw\" \/> <img loading=\"lazy\" decoding=\"async\" class=\"alignnone size-medium wp-image-689\" src=\"https:\/\/rck.tehnicka-skola-karlovac.hr\/struka-i-ti\/wp-content\/uploads\/2022\/01\/natjecatelji.jpg\" alt=\"\" width=\"300\" height=\"225\" \/> <img loading=\"lazy\" decoding=\"async\" class=\"alignnone size-medium wp-image-690\" src=\"https:\/\/rck.tehnicka-skola-karlovac.hr\/struka-i-ti\/wp-content\/uploads\/2022\/01\/dodjela-nagrada.jpg\" alt=\"\" width=\"300\" height=\"225\" \/><\/p>\n","protected":false},"excerpt":{"rendered":"<p>U utorak 7. prosinca 2021. odr\u017eano je natjecanje u\u010denika \u010detvrtih razreda Tehni\u010dke \u0161kole Karlovac. Natjecanje je odr\u017eano u prostorima \u0161kole u organizaciji profesora \u0161kole i zaposlenika Veleu\u010dili\u0161ta u Karlovcu (VuKA). Sama ideja nastala je u sklopu projekata KaRijERA i JA i STRuKA i TI \u010diji je cilj uspostava Regionalnog centra kompetentnosti Tehni\u010dke \u0161kole Karlovac u [&hellip;]<\/p>\n","protected":false},"author":2,"featured_media":691,"comment_status":"open","ping_status":"open","sticky":false,"template":"","format":"standard","meta":{"_et_pb_use_builder":"","_et_pb_old_content":"","_et_gb_content_width":"","footnotes":""},"categories":[1],"tags":[],"class_list":["post-687","post","type-post","status-publish","format-standard","has-post-thumbnail","hentry","category-novosti"],"yoast_head":"<!-- This site is optimized with the Yoast SEO plugin v27.3 - https:\/\/yoast.com\/product\/yoast-seo-wordpress\/ -->\n<title>Natjecanje u\u010denika Tehni\u010dke \u0161kole Karlovac - STRuKA i TI<\/title>\n<meta name=\"robots\" content=\"index, follow, max-snippet:-1, max-image-preview:large, max-video-preview:-1\" \/>\n<link rel=\"canonical\" href=\"https:\/\/rck.tehnicka-skola-karlovac.hr\/struka-i-ti\/natjecanje-ucenika-tehnicke-skole-karlovac\/\" \/>\n<meta property=\"og:locale\" content=\"hr_HR\" \/>\n<meta property=\"og:type\" content=\"article\" \/>\n<meta property=\"og:title\" content=\"Natjecanje u\u010denika Tehni\u010dke \u0161kole Karlovac - STRuKA i TI\" \/>\n<meta property=\"og:description\" content=\"U utorak 7. prosinca 2021. odr\u017eano je natjecanje u\u010denika \u010detvrtih razreda Tehni\u010dke \u0161kole Karlovac. Natjecanje je odr\u017eano u prostorima \u0161kole u organizaciji profesora \u0161kole i zaposlenika Veleu\u010dili\u0161ta u Karlovcu (VuKA). Sama ideja nastala je u sklopu projekata KaRijERA i JA i STRuKA i TI \u010diji je cilj uspostava Regionalnog centra kompetentnosti Tehni\u010dke \u0161kole Karlovac u [&hellip;]\" \/>\n<meta property=\"og:url\" content=\"https:\/\/rck.tehnicka-skola-karlovac.hr\/struka-i-ti\/natjecanje-ucenika-tehnicke-skole-karlovac\/\" \/>\n<meta property=\"og:site_name\" content=\"STRuKA i TI\" \/>\n<meta property=\"article:published_time\" content=\"2021-12-08T10:40:19+00:00\" \/>\n<meta property=\"article:modified_time\" content=\"2022-01-17T10:43:31+00:00\" \/>\n<meta property=\"og:image\" content=\"https:\/\/rck.tehnicka-skola-karlovac.hr\/struka-i-ti\/wp-content\/uploads\/2022\/01\/mechanical-1825278.jpg\" \/>\n\t<meta property=\"og:image:width\" content=\"2500\" \/>\n\t<meta property=\"og:image:height\" content=\"1606\" \/>\n\t<meta property=\"og:image:type\" content=\"image\/jpeg\" \/>\n<meta name=\"author\" content=\"STRuKA i Ti\" \/>\n<meta name=\"twitter:card\" content=\"summary_large_image\" \/>\n<meta name=\"twitter:label1\" content=\"Napisao\/la\" \/>\n\t<meta name=\"twitter:data1\" content=\"STRuKA i Ti\" \/>\n\t<meta name=\"twitter:label2\" content=\"Procijenjeno vrijeme \u010ditanja\" \/>\n\t<meta name=\"twitter:data2\" content=\"1 minuta\" \/>\n<script type=\"application\/ld+json\" class=\"yoast-schema-graph\">{\"@context\":\"https:\\\/\\\/schema.org\",\"@graph\":[{\"@type\":\"Article\",\"@id\":\"https:\\\/\\\/rck.tehnicka-skola-karlovac.hr\\\/struka-i-ti\\\/natjecanje-ucenika-tehnicke-skole-karlovac\\\/#article\",\"isPartOf\":{\"@id\":\"https:\\\/\\\/rck.tehnicka-skola-karlovac.hr\\\/struka-i-ti\\\/natjecanje-ucenika-tehnicke-skole-karlovac\\\/\"},\"author\":{\"name\":\"STRuKA i Ti\",\"@id\":\"https:\\\/\\\/rck.tehnicka-skola-karlovac.hr\\\/struka-i-ti\\\/#\\\/schema\\\/person\\\/f73d84167583d34b7c48debd2dcd75de\"},\"headline\":\"Natjecanje u\u010denika Tehni\u010dke \u0161kole Karlovac\",\"datePublished\":\"2021-12-08T10:40:19+00:00\",\"dateModified\":\"2022-01-17T10:43:31+00:00\",\"mainEntityOfPage\":{\"@id\":\"https:\\\/\\\/rck.tehnicka-skola-karlovac.hr\\\/struka-i-ti\\\/natjecanje-ucenika-tehnicke-skole-karlovac\\\/\"},\"wordCount\":231,\"commentCount\":0,\"image\":{\"@id\":\"https:\\\/\\\/rck.tehnicka-skola-karlovac.hr\\\/struka-i-ti\\\/natjecanje-ucenika-tehnicke-skole-karlovac\\\/#primaryimage\"},\"thumbnailUrl\":\"https:\\\/\\\/rck.tehnicka-skola-karlovac.hr\\\/struka-i-ti\\\/wp-content\\\/uploads\\\/2022\\\/01\\\/mechanical-1825278.jpg\",\"articleSection\":[\"Novosti\"],\"inLanguage\":\"hr\",\"potentialAction\":[{\"@type\":\"CommentAction\",\"name\":\"Comment\",\"target\":[\"https:\\\/\\\/rck.tehnicka-skola-karlovac.hr\\\/struka-i-ti\\\/natjecanje-ucenika-tehnicke-skole-karlovac\\\/#respond\"]}]},{\"@type\":\"WebPage\",\"@id\":\"https:\\\/\\\/rck.tehnicka-skola-karlovac.hr\\\/struka-i-ti\\\/natjecanje-ucenika-tehnicke-skole-karlovac\\\/\",\"url\":\"https:\\\/\\\/rck.tehnicka-skola-karlovac.hr\\\/struka-i-ti\\\/natjecanje-ucenika-tehnicke-skole-karlovac\\\/\",\"name\":\"Natjecanje u\u010denika Tehni\u010dke \u0161kole Karlovac - STRuKA i TI\",\"isPartOf\":{\"@id\":\"https:\\\/\\\/rck.tehnicka-skola-karlovac.hr\\\/struka-i-ti\\\/#website\"},\"primaryImageOfPage\":{\"@id\":\"https:\\\/\\\/rck.tehnicka-skola-karlovac.hr\\\/struka-i-ti\\\/natjecanje-ucenika-tehnicke-skole-karlovac\\\/#primaryimage\"},\"image\":{\"@id\":\"https:\\\/\\\/rck.tehnicka-skola-karlovac.hr\\\/struka-i-ti\\\/natjecanje-ucenika-tehnicke-skole-karlovac\\\/#primaryimage\"},\"thumbnailUrl\":\"https:\\\/\\\/rck.tehnicka-skola-karlovac.hr\\\/struka-i-ti\\\/wp-content\\\/uploads\\\/2022\\\/01\\\/mechanical-1825278.jpg\",\"datePublished\":\"2021-12-08T10:40:19+00:00\",\"dateModified\":\"2022-01-17T10:43:31+00:00\",\"author\":{\"@id\":\"https:\\\/\\\/rck.tehnicka-skola-karlovac.hr\\\/struka-i-ti\\\/#\\\/schema\\\/person\\\/f73d84167583d34b7c48debd2dcd75de\"},\"breadcrumb\":{\"@id\":\"https:\\\/\\\/rck.tehnicka-skola-karlovac.hr\\\/struka-i-ti\\\/natjecanje-ucenika-tehnicke-skole-karlovac\\\/#breadcrumb\"},\"inLanguage\":\"hr\",\"potentialAction\":[{\"@type\":\"ReadAction\",\"target\":[\"https:\\\/\\\/rck.tehnicka-skola-karlovac.hr\\\/struka-i-ti\\\/natjecanje-ucenika-tehnicke-skole-karlovac\\\/\"]}]},{\"@type\":\"ImageObject\",\"inLanguage\":\"hr\",\"@id\":\"https:\\\/\\\/rck.tehnicka-skola-karlovac.hr\\\/struka-i-ti\\\/natjecanje-ucenika-tehnicke-skole-karlovac\\\/#primaryimage\",\"url\":\"https:\\\/\\\/rck.tehnicka-skola-karlovac.hr\\\/struka-i-ti\\\/wp-content\\\/uploads\\\/2022\\\/01\\\/mechanical-1825278.jpg\",\"contentUrl\":\"https:\\\/\\\/rck.tehnicka-skola-karlovac.hr\\\/struka-i-ti\\\/wp-content\\\/uploads\\\/2022\\\/01\\\/mechanical-1825278.jpg\",\"width\":2500,\"height\":1606},{\"@type\":\"BreadcrumbList\",\"@id\":\"https:\\\/\\\/rck.tehnicka-skola-karlovac.hr\\\/struka-i-ti\\\/natjecanje-ucenika-tehnicke-skole-karlovac\\\/#breadcrumb\",\"itemListElement\":[{\"@type\":\"ListItem\",\"position\":1,\"name\":\"Po\u010detna stranica\",\"item\":\"https:\\\/\\\/rck.tehnicka-skola-karlovac.hr\\\/struka-i-ti\\\/\"},{\"@type\":\"ListItem\",\"position\":2,\"name\":\"Natjecanje u\u010denika Tehni\u010dke \u0161kole Karlovac\"}]},{\"@type\":\"WebSite\",\"@id\":\"https:\\\/\\\/rck.tehnicka-skola-karlovac.hr\\\/struka-i-ti\\\/#website\",\"url\":\"https:\\\/\\\/rck.tehnicka-skola-karlovac.hr\\\/struka-i-ti\\\/\",\"name\":\"STRuKA i TI\",\"description\":\"Tehni\u010dka \u0161kola Karlovac\",\"potentialAction\":[{\"@type\":\"SearchAction\",\"target\":{\"@type\":\"EntryPoint\",\"urlTemplate\":\"https:\\\/\\\/rck.tehnicka-skola-karlovac.hr\\\/struka-i-ti\\\/?s={search_term_string}\"},\"query-input\":{\"@type\":\"PropertyValueSpecification\",\"valueRequired\":true,\"valueName\":\"search_term_string\"}}],\"inLanguage\":\"hr\"},{\"@type\":\"Person\",\"@id\":\"https:\\\/\\\/rck.tehnicka-skola-karlovac.hr\\\/struka-i-ti\\\/#\\\/schema\\\/person\\\/f73d84167583d34b7c48debd2dcd75de\",\"name\":\"STRuKA i Ti\",\"image\":{\"@type\":\"ImageObject\",\"inLanguage\":\"hr\",\"@id\":\"https:\\\/\\\/secure.gravatar.com\\\/avatar\\\/65e31da4b9fdafe8f9dfb94541ee963b42e73f7f824625f07b5ab5cc36b6307e?s=96&d=mm&r=g\",\"url\":\"https:\\\/\\\/secure.gravatar.com\\\/avatar\\\/65e31da4b9fdafe8f9dfb94541ee963b42e73f7f824625f07b5ab5cc36b6307e?s=96&d=mm&r=g\",\"contentUrl\":\"https:\\\/\\\/secure.gravatar.com\\\/avatar\\\/65e31da4b9fdafe8f9dfb94541ee963b42e73f7f824625f07b5ab5cc36b6307e?s=96&d=mm&r=g\",\"caption\":\"STRuKA i Ti\"},\"url\":\"https:\\\/\\\/rck.tehnicka-skola-karlovac.hr\\\/struka-i-ti\\\/author\\\/marija-tadic\\\/\"}]}<\/script>\n<!-- \/ Yoast SEO plugin. -->","yoast_head_json":{"title":"Natjecanje u\u010denika Tehni\u010dke \u0161kole Karlovac - STRuKA i TI","robots":{"index":"index","follow":"follow","max-snippet":"max-snippet:-1","max-image-preview":"max-image-preview:large","max-video-preview":"max-video-preview:-1"},"canonical":"https:\/\/rck.tehnicka-skola-karlovac.hr\/struka-i-ti\/natjecanje-ucenika-tehnicke-skole-karlovac\/","og_locale":"hr_HR","og_type":"article","og_title":"Natjecanje u\u010denika Tehni\u010dke \u0161kole Karlovac - STRuKA i TI","og_description":"U utorak 7. prosinca 2021. odr\u017eano je natjecanje u\u010denika \u010detvrtih razreda Tehni\u010dke \u0161kole Karlovac. Natjecanje je odr\u017eano u prostorima \u0161kole u organizaciji profesora \u0161kole i zaposlenika Veleu\u010dili\u0161ta u Karlovcu (VuKA). Sama ideja nastala je u sklopu projekata KaRijERA i JA i STRuKA i TI \u010diji je cilj uspostava Regionalnog centra kompetentnosti Tehni\u010dke \u0161kole Karlovac u [&hellip;]","og_url":"https:\/\/rck.tehnicka-skola-karlovac.hr\/struka-i-ti\/natjecanje-ucenika-tehnicke-skole-karlovac\/","og_site_name":"STRuKA i TI","article_published_time":"2021-12-08T10:40:19+00:00","article_modified_time":"2022-01-17T10:43:31+00:00","og_image":[{"width":2500,"height":1606,"url":"https:\/\/rck.tehnicka-skola-karlovac.hr\/struka-i-ti\/wp-content\/uploads\/2022\/01\/mechanical-1825278.jpg","type":"image\/jpeg"}],"author":"STRuKA i Ti","twitter_card":"summary_large_image","twitter_misc":{"Napisao\/la":"STRuKA i Ti","Procijenjeno vrijeme \u010ditanja":"1 minuta"},"schema":{"@context":"https:\/\/schema.org","@graph":[{"@type":"Article","@id":"https:\/\/rck.tehnicka-skola-karlovac.hr\/struka-i-ti\/natjecanje-ucenika-tehnicke-skole-karlovac\/#article","isPartOf":{"@id":"https:\/\/rck.tehnicka-skola-karlovac.hr\/struka-i-ti\/natjecanje-ucenika-tehnicke-skole-karlovac\/"},"author":{"name":"STRuKA i Ti","@id":"https:\/\/rck.tehnicka-skola-karlovac.hr\/struka-i-ti\/#\/schema\/person\/f73d84167583d34b7c48debd2dcd75de"},"headline":"Natjecanje u\u010denika Tehni\u010dke \u0161kole Karlovac","datePublished":"2021-12-08T10:40:19+00:00","dateModified":"2022-01-17T10:43:31+00:00","mainEntityOfPage":{"@id":"https:\/\/rck.tehnicka-skola-karlovac.hr\/struka-i-ti\/natjecanje-ucenika-tehnicke-skole-karlovac\/"},"wordCount":231,"commentCount":0,"image":{"@id":"https:\/\/rck.tehnicka-skola-karlovac.hr\/struka-i-ti\/natjecanje-ucenika-tehnicke-skole-karlovac\/#primaryimage"},"thumbnailUrl":"https:\/\/rck.tehnicka-skola-karlovac.hr\/struka-i-ti\/wp-content\/uploads\/2022\/01\/mechanical-1825278.jpg","articleSection":["Novosti"],"inLanguage":"hr","potentialAction":[{"@type":"CommentAction","name":"Comment","target":["https:\/\/rck.tehnicka-skola-karlovac.hr\/struka-i-ti\/natjecanje-ucenika-tehnicke-skole-karlovac\/#respond"]}]},{"@type":"WebPage","@id":"https:\/\/rck.tehnicka-skola-karlovac.hr\/struka-i-ti\/natjecanje-ucenika-tehnicke-skole-karlovac\/","url":"https:\/\/rck.tehnicka-skola-karlovac.hr\/struka-i-ti\/natjecanje-ucenika-tehnicke-skole-karlovac\/","name":"Natjecanje u\u010denika Tehni\u010dke \u0161kole Karlovac - STRuKA i TI","isPartOf":{"@id":"https:\/\/rck.tehnicka-skola-karlovac.hr\/struka-i-ti\/#website"},"primaryImageOfPage":{"@id":"https:\/\/rck.tehnicka-skola-karlovac.hr\/struka-i-ti\/natjecanje-ucenika-tehnicke-skole-karlovac\/#primaryimage"},"image":{"@id":"https:\/\/rck.tehnicka-skola-karlovac.hr\/struka-i-ti\/natjecanje-ucenika-tehnicke-skole-karlovac\/#primaryimage"},"thumbnailUrl":"https:\/\/rck.tehnicka-skola-karlovac.hr\/struka-i-ti\/wp-content\/uploads\/2022\/01\/mechanical-1825278.jpg","datePublished":"2021-12-08T10:40:19+00:00","dateModified":"2022-01-17T10:43:31+00:00","author":{"@id":"https:\/\/rck.tehnicka-skola-karlovac.hr\/struka-i-ti\/#\/schema\/person\/f73d84167583d34b7c48debd2dcd75de"},"breadcrumb":{"@id":"https:\/\/rck.tehnicka-skola-karlovac.hr\/struka-i-ti\/natjecanje-ucenika-tehnicke-skole-karlovac\/#breadcrumb"},"inLanguage":"hr","potentialAction":[{"@type":"ReadAction","target":["https:\/\/rck.tehnicka-skola-karlovac.hr\/struka-i-ti\/natjecanje-ucenika-tehnicke-skole-karlovac\/"]}]},{"@type":"ImageObject","inLanguage":"hr","@id":"https:\/\/rck.tehnicka-skola-karlovac.hr\/struka-i-ti\/natjecanje-ucenika-tehnicke-skole-karlovac\/#primaryimage","url":"https:\/\/rck.tehnicka-skola-karlovac.hr\/struka-i-ti\/wp-content\/uploads\/2022\/01\/mechanical-1825278.jpg","contentUrl":"https:\/\/rck.tehnicka-skola-karlovac.hr\/struka-i-ti\/wp-content\/uploads\/2022\/01\/mechanical-1825278.jpg","width":2500,"height":1606},{"@type":"BreadcrumbList","@id":"https:\/\/rck.tehnicka-skola-karlovac.hr\/struka-i-ti\/natjecanje-ucenika-tehnicke-skole-karlovac\/#breadcrumb","itemListElement":[{"@type":"ListItem","position":1,"name":"Po\u010detna stranica","item":"https:\/\/rck.tehnicka-skola-karlovac.hr\/struka-i-ti\/"},{"@type":"ListItem","position":2,"name":"Natjecanje u\u010denika Tehni\u010dke \u0161kole Karlovac"}]},{"@type":"WebSite","@id":"https:\/\/rck.tehnicka-skola-karlovac.hr\/struka-i-ti\/#website","url":"https:\/\/rck.tehnicka-skola-karlovac.hr\/struka-i-ti\/","name":"STRuKA i TI","description":"Tehni\u010dka \u0161kola Karlovac","potentialAction":[{"@type":"SearchAction","target":{"@type":"EntryPoint","urlTemplate":"https:\/\/rck.tehnicka-skola-karlovac.hr\/struka-i-ti\/?s={search_term_string}"},"query-input":{"@type":"PropertyValueSpecification","valueRequired":true,"valueName":"search_term_string"}}],"inLanguage":"hr"},{"@type":"Person","@id":"https:\/\/rck.tehnicka-skola-karlovac.hr\/struka-i-ti\/#\/schema\/person\/f73d84167583d34b7c48debd2dcd75de","name":"STRuKA i Ti","image":{"@type":"ImageObject","inLanguage":"hr","@id":"https:\/\/secure.gravatar.com\/avatar\/65e31da4b9fdafe8f9dfb94541ee963b42e73f7f824625f07b5ab5cc36b6307e?s=96&d=mm&r=g","url":"https:\/\/secure.gravatar.com\/avatar\/65e31da4b9fdafe8f9dfb94541ee963b42e73f7f824625f07b5ab5cc36b6307e?s=96&d=mm&r=g","contentUrl":"https:\/\/secure.gravatar.com\/avatar\/65e31da4b9fdafe8f9dfb94541ee963b42e73f7f824625f07b5ab5cc36b6307e?s=96&d=mm&r=g","caption":"STRuKA i Ti"},"url":"https:\/\/rck.tehnicka-skola-karlovac.hr\/struka-i-ti\/author\/marija-tadic\/"}]}},"_links":{"self":[{"href":"https:\/\/rck.tehnicka-skola-karlovac.hr\/struka-i-ti\/wp-json\/wp\/v2\/posts\/687","targetHints":{"allow":["GET"]}}],"collection":[{"href":"https:\/\/rck.tehnicka-skola-karlovac.hr\/struka-i-ti\/wp-json\/wp\/v2\/posts"}],"about":[{"href":"https:\/\/rck.tehnicka-skola-karlovac.hr\/struka-i-ti\/wp-json\/wp\/v2\/types\/post"}],"author":[{"embeddable":true,"href":"https:\/\/rck.tehnicka-skola-karlovac.hr\/struka-i-ti\/wp-json\/wp\/v2\/users\/2"}],"replies":[{"embeddable":true,"href":"https:\/\/rck.tehnicka-skola-karlovac.hr\/struka-i-ti\/wp-json\/wp\/v2\/comments?post=687"}],"version-history":[{"count":1,"href":"https:\/\/rck.tehnicka-skola-karlovac.hr\/struka-i-ti\/wp-json\/wp\/v2\/posts\/687\/revisions"}],"predecessor-version":[{"id":692,"href":"https:\/\/rck.tehnicka-skola-karlovac.hr\/struka-i-ti\/wp-json\/wp\/v2\/posts\/687\/revisions\/692"}],"wp:featuredmedia":[{"embeddable":true,"href":"https:\/\/rck.tehnicka-skola-karlovac.hr\/struka-i-ti\/wp-json\/wp\/v2\/media\/691"}],"wp:attachment":[{"href":"https:\/\/rck.tehnicka-skola-karlovac.hr\/struka-i-ti\/wp-json\/wp\/v2\/media?parent=687"}],"wp:term":[{"taxonomy":"category","embeddable":true,"href":"https:\/\/rck.tehnicka-skola-karlovac.hr\/struka-i-ti\/wp-json\/wp\/v2\/categories?post=687"},{"taxonomy":"post_tag","embeddable":true,"href":"https:\/\/rck.tehnicka-skola-karlovac.hr\/struka-i-ti\/wp-json\/wp\/v2\/tags?post=687"}],"curies":[{"name":"wp","href":"https:\/\/api.w.org\/{rel}","templated":true}]}}