{"id":725,"date":"2022-04-22T10:59:56","date_gmt":"2022-04-22T08:59:56","guid":{"rendered":"https:\/\/rck.tehnicka-skola-karlovac.hr\/struka-i-ti\/?p=725"},"modified":"2022-04-22T15:36:29","modified_gmt":"2022-04-22T13:36:29","slug":"pozivamo-vas-na-2-specijalizirani-sajam-strukovnog-obrazovanja","status":"publish","type":"post","link":"https:\/\/rck.tehnicka-skola-karlovac.hr\/struka-i-ti\/pozivamo-vas-na-2-specijalizirani-sajam-strukovnog-obrazovanja\/","title":{"rendered":"Pozivamo vas na 2. specijalizirani sajam strukovnog obrazovanja"},"content":{"rendered":"<p>Regionalni centar kompetentnosti Tehni\u010dke \u0161kole Karlovac i Hrvatska gospodarska komora &#8211; \u017dupanijska komora Karlovac organiziraju jednodnevni sajam strukovnog obrazovanja u podsektoru strojarstva koji \u0107e se odr\u017eati u srijedu 4. svibnja 2022. ispred Gradskog kazali\u0161ta \u201eZorin dom\u201c u Karlovcu.<\/p>\n<p>Sve\u010dano otvorenje zakazano je za 10:00 sati dok \u0107e za posjetitelje sajam biti otvoren od 9 do 16 sati. Sajam \u0107e otvoriti ravnatelj Tehni\u010dke \u0161kole Karlovac Ivan Jankovi\u0107, predsjednik Hrvatske gospodarske komore \u2013 \u017dupanijske komore Karlovac Zlatko Kuzman i gradona\u010delnik grada Karlovca Damir Mandi\u0107.<\/p>\n<p>Sajam \u0107e okupiti sve va\u017ene tvrtke, \u0161kole i institucije s podru\u010dja Karlova\u010dke \u017eupanije i \u0161ire koje \u0107e predstaviti mogu\u0107nosti obrazovanja i zapo\u0161ljavanja u podsektoru strojarstva. Mogu\u0107nosti koje nude strukovna zanimanja imati \u0107e priliku upoznati i u\u010denici partnerskih \u0161kola koji \u0107e organiziranim prijevozom posjetiti sajam.<\/p>\n<p>Organizirati \u0107e se radionica Hrvatskog zavoda za zapo\u0161ljavanje &#8211; &#8220;Izrada \u017eivotopisa&#8221; za u\u010denike u 10:45 &#8211; 11:30 sati u &#8220;Zorin domu&#8221;.<\/p>\n<p>Odr\u017eati \u0107e se Okrugli stol na temu \u201ePotrebe tr\u017ei\u0161ta rada &#8211; povezanost mladih i poslodavaca\u201c s po\u010detkom u 12:00 sati u Velikoj dvorani Gradskog kazali\u0161ta \u201eZorin dom u Karlovcu\u201c. Na panel raspravi sudjelovati \u0107e predstavnici tvtki te najva\u017enijih institucija s podru\u010dja Karlova\u010dke \u017eupanije.<\/p>\n<p>Organizacija sajma sufinancirana je u okviru Operativnog programa U\u010dinkoviti ljudski potencijali 2014. \u2013 2020. iz Europskog socijalnog fonda. Organizator sajma je Tehni\u010dka \u0161kola Karlovac u suradnji s Hrvatskom gospodarskom komorom \u2013 \u017dupanijskom komorom Karlovac.<\/p>\n","protected":false},"excerpt":{"rendered":"<p>Regionalni centar kompetentnosti Tehni\u010dke \u0161kole Karlovac i Hrvatska gospodarska komora &#8211; \u017dupanijska komora Karlovac organiziraju jednodnevni sajam strukovnog obrazovanja u podsektoru strojarstva koji \u0107e se odr\u017eati u srijedu 4. svibnja 2022. ispred Gradskog kazali\u0161ta \u201eZorin dom\u201c u Karlovcu. Sve\u010dano otvorenje zakazano je za 10:00 sati dok \u0107e za posjetitelje sajam biti otvoren od 9 do [&hellip;]<\/p>\n","protected":false},"author":4,"featured_media":728,"comment_status":"open","ping_status":"open","sticky":false,"template":"","format":"standard","meta":{"_et_pb_use_builder":"","_et_pb_old_content":"","_et_gb_content_width":"","footnotes":""},"categories":[1],"tags":[],"class_list":["post-725","post","type-post","status-publish","format-standard","has-post-thumbnail","hentry","category-novosti"],"yoast_head":"<!-- This site is optimized with the Yoast SEO plugin v27.3 - https:\/\/yoast.com\/product\/yoast-seo-wordpress\/ -->\n<title>Pozivamo vas na 2. specijalizirani sajam strukovnog obrazovanja - STRuKA i TI<\/title>\n<meta name=\"robots\" content=\"index, follow, max-snippet:-1, max-image-preview:large, max-video-preview:-1\" \/>\n<link rel=\"canonical\" href=\"https:\/\/rck.tehnicka-skola-karlovac.hr\/struka-i-ti\/pozivamo-vas-na-2-specijalizirani-sajam-strukovnog-obrazovanja\/\" \/>\n<meta property=\"og:locale\" content=\"hr_HR\" \/>\n<meta property=\"og:type\" content=\"article\" \/>\n<meta property=\"og:title\" content=\"Pozivamo vas na 2. specijalizirani sajam strukovnog obrazovanja - STRuKA i TI\" \/>\n<meta property=\"og:description\" content=\"Regionalni centar kompetentnosti Tehni\u010dke \u0161kole Karlovac i Hrvatska gospodarska komora &#8211; \u017dupanijska komora Karlovac organiziraju jednodnevni sajam strukovnog obrazovanja u podsektoru strojarstva koji \u0107e se odr\u017eati u srijedu 4. svibnja 2022. ispred Gradskog kazali\u0161ta \u201eZorin dom\u201c u Karlovcu. Sve\u010dano otvorenje zakazano je za 10:00 sati dok \u0107e za posjetitelje sajam biti otvoren od 9 do [&hellip;]\" \/>\n<meta property=\"og:url\" content=\"https:\/\/rck.tehnicka-skola-karlovac.hr\/struka-i-ti\/pozivamo-vas-na-2-specijalizirani-sajam-strukovnog-obrazovanja\/\" \/>\n<meta property=\"og:site_name\" content=\"STRuKA i TI\" \/>\n<meta property=\"article:published_time\" content=\"2022-04-22T08:59:56+00:00\" \/>\n<meta property=\"article:modified_time\" content=\"2022-04-22T13:36:29+00:00\" \/>\n<meta property=\"og:image\" content=\"https:\/\/rck.tehnicka-skola-karlovac.hr\/struka-i-ti\/wp-content\/uploads\/2022\/04\/mechanical-1825278.jpg\" \/>\n\t<meta property=\"og:image:width\" content=\"2500\" \/>\n\t<meta property=\"og:image:height\" content=\"1606\" \/>\n\t<meta property=\"og:image:type\" content=\"image\/jpeg\" \/>\n<meta name=\"author\" content=\"STRuKA i TI\" \/>\n<meta name=\"twitter:card\" content=\"summary_large_image\" \/>\n<meta name=\"twitter:label1\" content=\"Napisao\/la\" \/>\n\t<meta name=\"twitter:data1\" content=\"STRuKA i TI\" \/>\n\t<meta name=\"twitter:label2\" content=\"Procijenjeno vrijeme \u010ditanja\" \/>\n\t<meta name=\"twitter:data2\" content=\"1 minuta\" \/>\n<script type=\"application\/ld+json\" class=\"yoast-schema-graph\">{\"@context\":\"https:\\\/\\\/schema.org\",\"@graph\":[{\"@type\":\"Article\",\"@id\":\"https:\\\/\\\/rck.tehnicka-skola-karlovac.hr\\\/struka-i-ti\\\/pozivamo-vas-na-2-specijalizirani-sajam-strukovnog-obrazovanja\\\/#article\",\"isPartOf\":{\"@id\":\"https:\\\/\\\/rck.tehnicka-skola-karlovac.hr\\\/struka-i-ti\\\/pozivamo-vas-na-2-specijalizirani-sajam-strukovnog-obrazovanja\\\/\"},\"author\":{\"name\":\"STRuKA i TI\",\"@id\":\"https:\\\/\\\/rck.tehnicka-skola-karlovac.hr\\\/struka-i-ti\\\/#\\\/schema\\\/person\\\/585031446d554a86a48d57179b6bfda1\"},\"headline\":\"Pozivamo vas na 2. specijalizirani sajam strukovnog obrazovanja\",\"datePublished\":\"2022-04-22T08:59:56+00:00\",\"dateModified\":\"2022-04-22T13:36:29+00:00\",\"mainEntityOfPage\":{\"@id\":\"https:\\\/\\\/rck.tehnicka-skola-karlovac.hr\\\/struka-i-ti\\\/pozivamo-vas-na-2-specijalizirani-sajam-strukovnog-obrazovanja\\\/\"},\"wordCount\":243,\"commentCount\":0,\"image\":{\"@id\":\"https:\\\/\\\/rck.tehnicka-skola-karlovac.hr\\\/struka-i-ti\\\/pozivamo-vas-na-2-specijalizirani-sajam-strukovnog-obrazovanja\\\/#primaryimage\"},\"thumbnailUrl\":\"https:\\\/\\\/rck.tehnicka-skola-karlovac.hr\\\/struka-i-ti\\\/wp-content\\\/uploads\\\/2022\\\/04\\\/mechanical-1825278.jpg\",\"articleSection\":[\"Novosti\"],\"inLanguage\":\"hr\",\"potentialAction\":[{\"@type\":\"CommentAction\",\"name\":\"Comment\",\"target\":[\"https:\\\/\\\/rck.tehnicka-skola-karlovac.hr\\\/struka-i-ti\\\/pozivamo-vas-na-2-specijalizirani-sajam-strukovnog-obrazovanja\\\/#respond\"]}]},{\"@type\":\"WebPage\",\"@id\":\"https:\\\/\\\/rck.tehnicka-skola-karlovac.hr\\\/struka-i-ti\\\/pozivamo-vas-na-2-specijalizirani-sajam-strukovnog-obrazovanja\\\/\",\"url\":\"https:\\\/\\\/rck.tehnicka-skola-karlovac.hr\\\/struka-i-ti\\\/pozivamo-vas-na-2-specijalizirani-sajam-strukovnog-obrazovanja\\\/\",\"name\":\"Pozivamo vas na 2. specijalizirani sajam strukovnog obrazovanja - STRuKA i TI\",\"isPartOf\":{\"@id\":\"https:\\\/\\\/rck.tehnicka-skola-karlovac.hr\\\/struka-i-ti\\\/#website\"},\"primaryImageOfPage\":{\"@id\":\"https:\\\/\\\/rck.tehnicka-skola-karlovac.hr\\\/struka-i-ti\\\/pozivamo-vas-na-2-specijalizirani-sajam-strukovnog-obrazovanja\\\/#primaryimage\"},\"image\":{\"@id\":\"https:\\\/\\\/rck.tehnicka-skola-karlovac.hr\\\/struka-i-ti\\\/pozivamo-vas-na-2-specijalizirani-sajam-strukovnog-obrazovanja\\\/#primaryimage\"},\"thumbnailUrl\":\"https:\\\/\\\/rck.tehnicka-skola-karlovac.hr\\\/struka-i-ti\\\/wp-content\\\/uploads\\\/2022\\\/04\\\/mechanical-1825278.jpg\",\"datePublished\":\"2022-04-22T08:59:56+00:00\",\"dateModified\":\"2022-04-22T13:36:29+00:00\",\"author\":{\"@id\":\"https:\\\/\\\/rck.tehnicka-skola-karlovac.hr\\\/struka-i-ti\\\/#\\\/schema\\\/person\\\/585031446d554a86a48d57179b6bfda1\"},\"breadcrumb\":{\"@id\":\"https:\\\/\\\/rck.tehnicka-skola-karlovac.hr\\\/struka-i-ti\\\/pozivamo-vas-na-2-specijalizirani-sajam-strukovnog-obrazovanja\\\/#breadcrumb\"},\"inLanguage\":\"hr\",\"potentialAction\":[{\"@type\":\"ReadAction\",\"target\":[\"https:\\\/\\\/rck.tehnicka-skola-karlovac.hr\\\/struka-i-ti\\\/pozivamo-vas-na-2-specijalizirani-sajam-strukovnog-obrazovanja\\\/\"]}]},{\"@type\":\"ImageObject\",\"inLanguage\":\"hr\",\"@id\":\"https:\\\/\\\/rck.tehnicka-skola-karlovac.hr\\\/struka-i-ti\\\/pozivamo-vas-na-2-specijalizirani-sajam-strukovnog-obrazovanja\\\/#primaryimage\",\"url\":\"https:\\\/\\\/rck.tehnicka-skola-karlovac.hr\\\/struka-i-ti\\\/wp-content\\\/uploads\\\/2022\\\/04\\\/mechanical-1825278.jpg\",\"contentUrl\":\"https:\\\/\\\/rck.tehnicka-skola-karlovac.hr\\\/struka-i-ti\\\/wp-content\\\/uploads\\\/2022\\\/04\\\/mechanical-1825278.jpg\",\"width\":2500,\"height\":1606},{\"@type\":\"BreadcrumbList\",\"@id\":\"https:\\\/\\\/rck.tehnicka-skola-karlovac.hr\\\/struka-i-ti\\\/pozivamo-vas-na-2-specijalizirani-sajam-strukovnog-obrazovanja\\\/#breadcrumb\",\"itemListElement\":[{\"@type\":\"ListItem\",\"position\":1,\"name\":\"Po\u010detna stranica\",\"item\":\"https:\\\/\\\/rck.tehnicka-skola-karlovac.hr\\\/struka-i-ti\\\/\"},{\"@type\":\"ListItem\",\"position\":2,\"name\":\"Pozivamo vas na 2. specijalizirani sajam strukovnog obrazovanja\"}]},{\"@type\":\"WebSite\",\"@id\":\"https:\\\/\\\/rck.tehnicka-skola-karlovac.hr\\\/struka-i-ti\\\/#website\",\"url\":\"https:\\\/\\\/rck.tehnicka-skola-karlovac.hr\\\/struka-i-ti\\\/\",\"name\":\"STRuKA i TI\",\"description\":\"Tehni\u010dka \u0161kola Karlovac\",\"potentialAction\":[{\"@type\":\"SearchAction\",\"target\":{\"@type\":\"EntryPoint\",\"urlTemplate\":\"https:\\\/\\\/rck.tehnicka-skola-karlovac.hr\\\/struka-i-ti\\\/?s={search_term_string}\"},\"query-input\":{\"@type\":\"PropertyValueSpecification\",\"valueRequired\":true,\"valueName\":\"search_term_string\"}}],\"inLanguage\":\"hr\"},{\"@type\":\"Person\",\"@id\":\"https:\\\/\\\/rck.tehnicka-skola-karlovac.hr\\\/struka-i-ti\\\/#\\\/schema\\\/person\\\/585031446d554a86a48d57179b6bfda1\",\"name\":\"STRuKA i TI\",\"image\":{\"@type\":\"ImageObject\",\"inLanguage\":\"hr\",\"@id\":\"https:\\\/\\\/secure.gravatar.com\\\/avatar\\\/70eb0841c543fac3f70af9f48ec0107ee1c46a76f52504ab46db95419956efea?s=96&d=mm&r=g\",\"url\":\"https:\\\/\\\/secure.gravatar.com\\\/avatar\\\/70eb0841c543fac3f70af9f48ec0107ee1c46a76f52504ab46db95419956efea?s=96&d=mm&r=g\",\"contentUrl\":\"https:\\\/\\\/secure.gravatar.com\\\/avatar\\\/70eb0841c543fac3f70af9f48ec0107ee1c46a76f52504ab46db95419956efea?s=96&d=mm&r=g\",\"caption\":\"STRuKA i TI\"},\"url\":\"https:\\\/\\\/rck.tehnicka-skola-karlovac.hr\\\/struka-i-ti\\\/author\\\/rck-struka\\\/\"}]}<\/script>\n<!-- \/ Yoast SEO plugin. -->","yoast_head_json":{"title":"Pozivamo vas na 2. specijalizirani sajam strukovnog obrazovanja - STRuKA i TI","robots":{"index":"index","follow":"follow","max-snippet":"max-snippet:-1","max-image-preview":"max-image-preview:large","max-video-preview":"max-video-preview:-1"},"canonical":"https:\/\/rck.tehnicka-skola-karlovac.hr\/struka-i-ti\/pozivamo-vas-na-2-specijalizirani-sajam-strukovnog-obrazovanja\/","og_locale":"hr_HR","og_type":"article","og_title":"Pozivamo vas na 2. specijalizirani sajam strukovnog obrazovanja - STRuKA i TI","og_description":"Regionalni centar kompetentnosti Tehni\u010dke \u0161kole Karlovac i Hrvatska gospodarska komora &#8211; \u017dupanijska komora Karlovac organiziraju jednodnevni sajam strukovnog obrazovanja u podsektoru strojarstva koji \u0107e se odr\u017eati u srijedu 4. svibnja 2022. ispred Gradskog kazali\u0161ta \u201eZorin dom\u201c u Karlovcu. Sve\u010dano otvorenje zakazano je za 10:00 sati dok \u0107e za posjetitelje sajam biti otvoren od 9 do [&hellip;]","og_url":"https:\/\/rck.tehnicka-skola-karlovac.hr\/struka-i-ti\/pozivamo-vas-na-2-specijalizirani-sajam-strukovnog-obrazovanja\/","og_site_name":"STRuKA i TI","article_published_time":"2022-04-22T08:59:56+00:00","article_modified_time":"2022-04-22T13:36:29+00:00","og_image":[{"width":2500,"height":1606,"url":"https:\/\/rck.tehnicka-skola-karlovac.hr\/struka-i-ti\/wp-content\/uploads\/2022\/04\/mechanical-1825278.jpg","type":"image\/jpeg"}],"author":"STRuKA i TI","twitter_card":"summary_large_image","twitter_misc":{"Napisao\/la":"STRuKA i TI","Procijenjeno vrijeme \u010ditanja":"1 minuta"},"schema":{"@context":"https:\/\/schema.org","@graph":[{"@type":"Article","@id":"https:\/\/rck.tehnicka-skola-karlovac.hr\/struka-i-ti\/pozivamo-vas-na-2-specijalizirani-sajam-strukovnog-obrazovanja\/#article","isPartOf":{"@id":"https:\/\/rck.tehnicka-skola-karlovac.hr\/struka-i-ti\/pozivamo-vas-na-2-specijalizirani-sajam-strukovnog-obrazovanja\/"},"author":{"name":"STRuKA i TI","@id":"https:\/\/rck.tehnicka-skola-karlovac.hr\/struka-i-ti\/#\/schema\/person\/585031446d554a86a48d57179b6bfda1"},"headline":"Pozivamo vas na 2. specijalizirani sajam strukovnog obrazovanja","datePublished":"2022-04-22T08:59:56+00:00","dateModified":"2022-04-22T13:36:29+00:00","mainEntityOfPage":{"@id":"https:\/\/rck.tehnicka-skola-karlovac.hr\/struka-i-ti\/pozivamo-vas-na-2-specijalizirani-sajam-strukovnog-obrazovanja\/"},"wordCount":243,"commentCount":0,"image":{"@id":"https:\/\/rck.tehnicka-skola-karlovac.hr\/struka-i-ti\/pozivamo-vas-na-2-specijalizirani-sajam-strukovnog-obrazovanja\/#primaryimage"},"thumbnailUrl":"https:\/\/rck.tehnicka-skola-karlovac.hr\/struka-i-ti\/wp-content\/uploads\/2022\/04\/mechanical-1825278.jpg","articleSection":["Novosti"],"inLanguage":"hr","potentialAction":[{"@type":"CommentAction","name":"Comment","target":["https:\/\/rck.tehnicka-skola-karlovac.hr\/struka-i-ti\/pozivamo-vas-na-2-specijalizirani-sajam-strukovnog-obrazovanja\/#respond"]}]},{"@type":"WebPage","@id":"https:\/\/rck.tehnicka-skola-karlovac.hr\/struka-i-ti\/pozivamo-vas-na-2-specijalizirani-sajam-strukovnog-obrazovanja\/","url":"https:\/\/rck.tehnicka-skola-karlovac.hr\/struka-i-ti\/pozivamo-vas-na-2-specijalizirani-sajam-strukovnog-obrazovanja\/","name":"Pozivamo vas na 2. specijalizirani sajam strukovnog obrazovanja - STRuKA i TI","isPartOf":{"@id":"https:\/\/rck.tehnicka-skola-karlovac.hr\/struka-i-ti\/#website"},"primaryImageOfPage":{"@id":"https:\/\/rck.tehnicka-skola-karlovac.hr\/struka-i-ti\/pozivamo-vas-na-2-specijalizirani-sajam-strukovnog-obrazovanja\/#primaryimage"},"image":{"@id":"https:\/\/rck.tehnicka-skola-karlovac.hr\/struka-i-ti\/pozivamo-vas-na-2-specijalizirani-sajam-strukovnog-obrazovanja\/#primaryimage"},"thumbnailUrl":"https:\/\/rck.tehnicka-skola-karlovac.hr\/struka-i-ti\/wp-content\/uploads\/2022\/04\/mechanical-1825278.jpg","datePublished":"2022-04-22T08:59:56+00:00","dateModified":"2022-04-22T13:36:29+00:00","author":{"@id":"https:\/\/rck.tehnicka-skola-karlovac.hr\/struka-i-ti\/#\/schema\/person\/585031446d554a86a48d57179b6bfda1"},"breadcrumb":{"@id":"https:\/\/rck.tehnicka-skola-karlovac.hr\/struka-i-ti\/pozivamo-vas-na-2-specijalizirani-sajam-strukovnog-obrazovanja\/#breadcrumb"},"inLanguage":"hr","potentialAction":[{"@type":"ReadAction","target":["https:\/\/rck.tehnicka-skola-karlovac.hr\/struka-i-ti\/pozivamo-vas-na-2-specijalizirani-sajam-strukovnog-obrazovanja\/"]}]},{"@type":"ImageObject","inLanguage":"hr","@id":"https:\/\/rck.tehnicka-skola-karlovac.hr\/struka-i-ti\/pozivamo-vas-na-2-specijalizirani-sajam-strukovnog-obrazovanja\/#primaryimage","url":"https:\/\/rck.tehnicka-skola-karlovac.hr\/struka-i-ti\/wp-content\/uploads\/2022\/04\/mechanical-1825278.jpg","contentUrl":"https:\/\/rck.tehnicka-skola-karlovac.hr\/struka-i-ti\/wp-content\/uploads\/2022\/04\/mechanical-1825278.jpg","width":2500,"height":1606},{"@type":"BreadcrumbList","@id":"https:\/\/rck.tehnicka-skola-karlovac.hr\/struka-i-ti\/pozivamo-vas-na-2-specijalizirani-sajam-strukovnog-obrazovanja\/#breadcrumb","itemListElement":[{"@type":"ListItem","position":1,"name":"Po\u010detna stranica","item":"https:\/\/rck.tehnicka-skola-karlovac.hr\/struka-i-ti\/"},{"@type":"ListItem","position":2,"name":"Pozivamo vas na 2. specijalizirani sajam strukovnog obrazovanja"}]},{"@type":"WebSite","@id":"https:\/\/rck.tehnicka-skola-karlovac.hr\/struka-i-ti\/#website","url":"https:\/\/rck.tehnicka-skola-karlovac.hr\/struka-i-ti\/","name":"STRuKA i TI","description":"Tehni\u010dka \u0161kola Karlovac","potentialAction":[{"@type":"SearchAction","target":{"@type":"EntryPoint","urlTemplate":"https:\/\/rck.tehnicka-skola-karlovac.hr\/struka-i-ti\/?s={search_term_string}"},"query-input":{"@type":"PropertyValueSpecification","valueRequired":true,"valueName":"search_term_string"}}],"inLanguage":"hr"},{"@type":"Person","@id":"https:\/\/rck.tehnicka-skola-karlovac.hr\/struka-i-ti\/#\/schema\/person\/585031446d554a86a48d57179b6bfda1","name":"STRuKA i TI","image":{"@type":"ImageObject","inLanguage":"hr","@id":"https:\/\/secure.gravatar.com\/avatar\/70eb0841c543fac3f70af9f48ec0107ee1c46a76f52504ab46db95419956efea?s=96&d=mm&r=g","url":"https:\/\/secure.gravatar.com\/avatar\/70eb0841c543fac3f70af9f48ec0107ee1c46a76f52504ab46db95419956efea?s=96&d=mm&r=g","contentUrl":"https:\/\/secure.gravatar.com\/avatar\/70eb0841c543fac3f70af9f48ec0107ee1c46a76f52504ab46db95419956efea?s=96&d=mm&r=g","caption":"STRuKA i TI"},"url":"https:\/\/rck.tehnicka-skola-karlovac.hr\/struka-i-ti\/author\/rck-struka\/"}]}},"_links":{"self":[{"href":"https:\/\/rck.tehnicka-skola-karlovac.hr\/struka-i-ti\/wp-json\/wp\/v2\/posts\/725","targetHints":{"allow":["GET"]}}],"collection":[{"href":"https:\/\/rck.tehnicka-skola-karlovac.hr\/struka-i-ti\/wp-json\/wp\/v2\/posts"}],"about":[{"href":"https:\/\/rck.tehnicka-skola-karlovac.hr\/struka-i-ti\/wp-json\/wp\/v2\/types\/post"}],"author":[{"embeddable":true,"href":"https:\/\/rck.tehnicka-skola-karlovac.hr\/struka-i-ti\/wp-json\/wp\/v2\/users\/4"}],"replies":[{"embeddable":true,"href":"https:\/\/rck.tehnicka-skola-karlovac.hr\/struka-i-ti\/wp-json\/wp\/v2\/comments?post=725"}],"version-history":[{"count":3,"href":"https:\/\/rck.tehnicka-skola-karlovac.hr\/struka-i-ti\/wp-json\/wp\/v2\/posts\/725\/revisions"}],"predecessor-version":[{"id":730,"href":"https:\/\/rck.tehnicka-skola-karlovac.hr\/struka-i-ti\/wp-json\/wp\/v2\/posts\/725\/revisions\/730"}],"wp:featuredmedia":[{"embeddable":true,"href":"https:\/\/rck.tehnicka-skola-karlovac.hr\/struka-i-ti\/wp-json\/wp\/v2\/media\/728"}],"wp:attachment":[{"href":"https:\/\/rck.tehnicka-skola-karlovac.hr\/struka-i-ti\/wp-json\/wp\/v2\/media?parent=725"}],"wp:term":[{"taxonomy":"category","embeddable":true,"href":"https:\/\/rck.tehnicka-skola-karlovac.hr\/struka-i-ti\/wp-json\/wp\/v2\/categories?post=725"},{"taxonomy":"post_tag","embeddable":true,"href":"https:\/\/rck.tehnicka-skola-karlovac.hr\/struka-i-ti\/wp-json\/wp\/v2\/tags?post=725"}],"curies":[{"name":"wp","href":"https:\/\/api.w.org\/{rel}","templated":true}]}}