{"id":732,"date":"2022-04-27T13:26:57","date_gmt":"2022-04-27T11:26:57","guid":{"rendered":"https:\/\/rck.tehnicka-skola-karlovac.hr\/struka-i-ti\/?p=732"},"modified":"2022-04-27T13:32:24","modified_gmt":"2022-04-27T11:32:24","slug":"predstavljanje-projekta-na-poslovnom-sajmu-u-sklopu-eu-projekta-rck-rudera-boskovica","status":"publish","type":"post","link":"https:\/\/rck.tehnicka-skola-karlovac.hr\/struka-i-ti\/predstavljanje-projekta-na-poslovnom-sajmu-u-sklopu-eu-projekta-rck-rudera-boskovica\/","title":{"rendered":"Predstavljanje projekta na poslovnom sajmu \u0160KOLSKI DAN \u2013 promocija strukovnih zanimanja"},"content":{"rendered":"<p>RCK Tehni\u010dka \u0161kola Karlovac sudjelovala je 26. travnja 2022. godine na poslovnom sajmu <strong>\u0160KOLSKI DAN \u2013 promocija strukovnih zanimanja <\/strong>u organizaciji Tehni\u010dke \u0161kole Ru\u0111era Bo\u0161kovi\u0107a i Zagreba\u010dkog velesajma. Cilj \u0160kolskog dana je popularizacija strukovnih zanimanja, povezivanje poslodavaca, partnera, polaznika, budu\u0107ih polaznika i svih zainteresiranih te njihova interakcija. Kao izlaga\u010d u sklopu sajma Tehni\u010dka \u0161kola Karlovac predstavila je projekt &#8220;STRuKA i TI&#8221;.<\/p>\n<p>Projekt \u201eSTRuKA i TI\u201c odnosi se na rje\u0161avanje problema sustava strukovnog obrazovanja u vidu zastarjelosti standarda zanimanja i kvalifikacija, kurikuluma, programa osposobljavanja i usavr\u0161avanja odraslih i osoba s invaliditetom te opreme. Cilj projekta je uspostaviti organizacijske i programske uvjete Regionalnog centra kompetentnosti u podsektoru strojarstva u svrhu modernizacije strukovnog obrazovanja u Karlova\u010dkoj \u017eupaniji. Projektom \u0107e biti obuhva\u0107ene tri ciljne skupine: odgojno obrazovni radnici u ustanovama za strukovno obrazovanje, u\u010denici upisani u iste i odrasli polaznici.<\/p>\n<p>Posjetiteljima su osim Regionalnog centra kompetentnosti prezentirana i strukovna zanimanja koja se mogu upisati u Tehni\u010dkoj \u0161koli Karlovac.<\/p>\n<p>U sklopu sajma organiziran je i sastanak s drugim nositeljima RCK iz podsektora strojarstava.<\/p>\n<p><img loading=\"lazy\" decoding=\"async\" class=\"size-full wp-image-733 aligncenter\" src=\"https:\/\/rck.tehnicka-skola-karlovac.hr\/struka-i-ti\/wp-content\/uploads\/2022\/04\/1651051203844-scaled.jpg\" alt=\"\" width=\"2560\" height=\"1920\" srcset=\"https:\/\/rck.tehnicka-skola-karlovac.hr\/struka-i-ti\/wp-content\/uploads\/2022\/04\/1651051203844-scaled.jpg 2560w, https:\/\/rck.tehnicka-skola-karlovac.hr\/struka-i-ti\/wp-content\/uploads\/2022\/04\/1651051203844-1280x960.jpg 1280w, https:\/\/rck.tehnicka-skola-karlovac.hr\/struka-i-ti\/wp-content\/uploads\/2022\/04\/1651051203844-480x360.jpg 480w\" sizes=\"(min-width: 0px) and (max-width: 480px) 480px, (min-width: 481px) and (max-width: 1280px) 1280px, (min-width: 1281px) 2560px, 100vw\" \/><\/p>\n<p><img loading=\"lazy\" decoding=\"async\" class=\"alignnone size-full wp-image-739\" src=\"https:\/\/rck.tehnicka-skola-karlovac.hr\/struka-i-ti\/wp-content\/uploads\/2022\/04\/1651049499709-1-scaled.jpg\" alt=\"\" width=\"1833\" height=\"2560\" srcset=\"https:\/\/rck.tehnicka-skola-karlovac.hr\/struka-i-ti\/wp-content\/uploads\/2022\/04\/1651049499709-1-scaled.jpg 1833w, https:\/\/rck.tehnicka-skola-karlovac.hr\/struka-i-ti\/wp-content\/uploads\/2022\/04\/1651049499709-1-1280x1788.jpg 1280w, https:\/\/rck.tehnicka-skola-karlovac.hr\/struka-i-ti\/wp-content\/uploads\/2022\/04\/1651049499709-1-480x670.jpg 480w\" sizes=\"(min-width: 0px) and (max-width: 480px) 480px, (min-width: 481px) and (max-width: 1280px) 1280px, (min-width: 1281px) 1833px, 100vw\" \/><\/p>\n<p><img loading=\"lazy\" decoding=\"async\" class=\"size-full wp-image-735 aligncenter\" src=\"https:\/\/rck.tehnicka-skola-karlovac.hr\/struka-i-ti\/wp-content\/uploads\/2022\/04\/1651051203830-scaled.jpg\" alt=\"\" width=\"2560\" height=\"1920\" srcset=\"https:\/\/rck.tehnicka-skola-karlovac.hr\/struka-i-ti\/wp-content\/uploads\/2022\/04\/1651051203830-scaled.jpg 2560w, https:\/\/rck.tehnicka-skola-karlovac.hr\/struka-i-ti\/wp-content\/uploads\/2022\/04\/1651051203830-1280x960.jpg 1280w, https:\/\/rck.tehnicka-skola-karlovac.hr\/struka-i-ti\/wp-content\/uploads\/2022\/04\/1651051203830-480x360.jpg 480w\" sizes=\"(min-width: 0px) and (max-width: 480px) 480px, (min-width: 481px) and (max-width: 1280px) 1280px, (min-width: 1281px) 2560px, 100vw\" \/><\/p>\n","protected":false},"excerpt":{"rendered":"<p>RCK Tehni\u010dka \u0161kola Karlovac sudjelovala je 26. travnja 2022. godine na poslovnom sajmu \u0160KOLSKI DAN \u2013 promocija strukovnih zanimanja u organizaciji Tehni\u010dke \u0161kole Ru\u0111era Bo\u0161kovi\u0107a i Zagreba\u010dkog velesajma. Cilj \u0160kolskog dana je popularizacija strukovnih zanimanja, povezivanje poslodavaca, partnera, polaznika, budu\u0107ih polaznika i svih zainteresiranih te njihova interakcija. Kao izlaga\u010d u sklopu sajma Tehni\u010dka \u0161kola Karlovac [&hellip;]<\/p>\n","protected":false},"author":4,"featured_media":733,"comment_status":"open","ping_status":"open","sticky":false,"template":"","format":"standard","meta":{"_et_pb_use_builder":"","_et_pb_old_content":"","_et_gb_content_width":"","footnotes":""},"categories":[1],"tags":[],"class_list":["post-732","post","type-post","status-publish","format-standard","has-post-thumbnail","hentry","category-novosti"],"yoast_head":"<!-- This site is optimized with the Yoast SEO plugin v27.3 - https:\/\/yoast.com\/product\/yoast-seo-wordpress\/ -->\n<title>Predstavljanje projekta na poslovnom sajmu \u0160KOLSKI DAN \u2013 promocija strukovnih zanimanja - STRuKA i TI<\/title>\n<meta name=\"robots\" content=\"index, follow, max-snippet:-1, max-image-preview:large, max-video-preview:-1\" \/>\n<link rel=\"canonical\" href=\"https:\/\/rck.tehnicka-skola-karlovac.hr\/struka-i-ti\/predstavljanje-projekta-na-poslovnom-sajmu-u-sklopu-eu-projekta-rck-rudera-boskovica\/\" \/>\n<meta property=\"og:locale\" content=\"hr_HR\" \/>\n<meta property=\"og:type\" content=\"article\" \/>\n<meta property=\"og:title\" content=\"Predstavljanje projekta na poslovnom sajmu \u0160KOLSKI DAN \u2013 promocija strukovnih zanimanja - STRuKA i TI\" \/>\n<meta property=\"og:description\" content=\"RCK Tehni\u010dka \u0161kola Karlovac sudjelovala je 26. travnja 2022. godine na poslovnom sajmu \u0160KOLSKI DAN \u2013 promocija strukovnih zanimanja u organizaciji Tehni\u010dke \u0161kole Ru\u0111era Bo\u0161kovi\u0107a i Zagreba\u010dkog velesajma. Cilj \u0160kolskog dana je popularizacija strukovnih zanimanja, povezivanje poslodavaca, partnera, polaznika, budu\u0107ih polaznika i svih zainteresiranih te njihova interakcija. Kao izlaga\u010d u sklopu sajma Tehni\u010dka \u0161kola Karlovac [&hellip;]\" \/>\n<meta property=\"og:url\" content=\"https:\/\/rck.tehnicka-skola-karlovac.hr\/struka-i-ti\/predstavljanje-projekta-na-poslovnom-sajmu-u-sklopu-eu-projekta-rck-rudera-boskovica\/\" \/>\n<meta property=\"og:site_name\" content=\"STRuKA i TI\" \/>\n<meta property=\"article:published_time\" content=\"2022-04-27T11:26:57+00:00\" \/>\n<meta property=\"article:modified_time\" content=\"2022-04-27T11:32:24+00:00\" \/>\n<meta property=\"og:image\" content=\"https:\/\/rck.tehnicka-skola-karlovac.hr\/struka-i-ti\/wp-content\/uploads\/2022\/04\/1651051203844-scaled.jpg\" \/>\n\t<meta property=\"og:image:width\" content=\"2560\" \/>\n\t<meta property=\"og:image:height\" content=\"1920\" \/>\n\t<meta property=\"og:image:type\" content=\"image\/jpeg\" \/>\n<meta name=\"author\" content=\"STRuKA i TI\" \/>\n<meta name=\"twitter:card\" content=\"summary_large_image\" \/>\n<meta name=\"twitter:label1\" content=\"Napisao\/la\" \/>\n\t<meta name=\"twitter:data1\" content=\"STRuKA i TI\" \/>\n\t<meta name=\"twitter:label2\" content=\"Procijenjeno vrijeme \u010ditanja\" \/>\n\t<meta name=\"twitter:data2\" content=\"1 minuta\" \/>\n<script type=\"application\/ld+json\" class=\"yoast-schema-graph\">{\"@context\":\"https:\\\/\\\/schema.org\",\"@graph\":[{\"@type\":\"Article\",\"@id\":\"https:\\\/\\\/rck.tehnicka-skola-karlovac.hr\\\/struka-i-ti\\\/predstavljanje-projekta-na-poslovnom-sajmu-u-sklopu-eu-projekta-rck-rudera-boskovica\\\/#article\",\"isPartOf\":{\"@id\":\"https:\\\/\\\/rck.tehnicka-skola-karlovac.hr\\\/struka-i-ti\\\/predstavljanje-projekta-na-poslovnom-sajmu-u-sklopu-eu-projekta-rck-rudera-boskovica\\\/\"},\"author\":{\"name\":\"STRuKA i TI\",\"@id\":\"https:\\\/\\\/rck.tehnicka-skola-karlovac.hr\\\/struka-i-ti\\\/#\\\/schema\\\/person\\\/585031446d554a86a48d57179b6bfda1\"},\"headline\":\"Predstavljanje projekta na poslovnom sajmu \u0160KOLSKI DAN \u2013 promocija strukovnih zanimanja\",\"datePublished\":\"2022-04-27T11:26:57+00:00\",\"dateModified\":\"2022-04-27T11:32:24+00:00\",\"mainEntityOfPage\":{\"@id\":\"https:\\\/\\\/rck.tehnicka-skola-karlovac.hr\\\/struka-i-ti\\\/predstavljanje-projekta-na-poslovnom-sajmu-u-sklopu-eu-projekta-rck-rudera-boskovica\\\/\"},\"wordCount\":189,\"commentCount\":0,\"image\":{\"@id\":\"https:\\\/\\\/rck.tehnicka-skola-karlovac.hr\\\/struka-i-ti\\\/predstavljanje-projekta-na-poslovnom-sajmu-u-sklopu-eu-projekta-rck-rudera-boskovica\\\/#primaryimage\"},\"thumbnailUrl\":\"https:\\\/\\\/rck.tehnicka-skola-karlovac.hr\\\/struka-i-ti\\\/wp-content\\\/uploads\\\/2022\\\/04\\\/1651051203844-scaled.jpg\",\"articleSection\":[\"Novosti\"],\"inLanguage\":\"hr\",\"potentialAction\":[{\"@type\":\"CommentAction\",\"name\":\"Comment\",\"target\":[\"https:\\\/\\\/rck.tehnicka-skola-karlovac.hr\\\/struka-i-ti\\\/predstavljanje-projekta-na-poslovnom-sajmu-u-sklopu-eu-projekta-rck-rudera-boskovica\\\/#respond\"]}]},{\"@type\":\"WebPage\",\"@id\":\"https:\\\/\\\/rck.tehnicka-skola-karlovac.hr\\\/struka-i-ti\\\/predstavljanje-projekta-na-poslovnom-sajmu-u-sklopu-eu-projekta-rck-rudera-boskovica\\\/\",\"url\":\"https:\\\/\\\/rck.tehnicka-skola-karlovac.hr\\\/struka-i-ti\\\/predstavljanje-projekta-na-poslovnom-sajmu-u-sklopu-eu-projekta-rck-rudera-boskovica\\\/\",\"name\":\"Predstavljanje projekta na poslovnom sajmu \u0160KOLSKI DAN \u2013 promocija strukovnih zanimanja - STRuKA i TI\",\"isPartOf\":{\"@id\":\"https:\\\/\\\/rck.tehnicka-skola-karlovac.hr\\\/struka-i-ti\\\/#website\"},\"primaryImageOfPage\":{\"@id\":\"https:\\\/\\\/rck.tehnicka-skola-karlovac.hr\\\/struka-i-ti\\\/predstavljanje-projekta-na-poslovnom-sajmu-u-sklopu-eu-projekta-rck-rudera-boskovica\\\/#primaryimage\"},\"image\":{\"@id\":\"https:\\\/\\\/rck.tehnicka-skola-karlovac.hr\\\/struka-i-ti\\\/predstavljanje-projekta-na-poslovnom-sajmu-u-sklopu-eu-projekta-rck-rudera-boskovica\\\/#primaryimage\"},\"thumbnailUrl\":\"https:\\\/\\\/rck.tehnicka-skola-karlovac.hr\\\/struka-i-ti\\\/wp-content\\\/uploads\\\/2022\\\/04\\\/1651051203844-scaled.jpg\",\"datePublished\":\"2022-04-27T11:26:57+00:00\",\"dateModified\":\"2022-04-27T11:32:24+00:00\",\"author\":{\"@id\":\"https:\\\/\\\/rck.tehnicka-skola-karlovac.hr\\\/struka-i-ti\\\/#\\\/schema\\\/person\\\/585031446d554a86a48d57179b6bfda1\"},\"breadcrumb\":{\"@id\":\"https:\\\/\\\/rck.tehnicka-skola-karlovac.hr\\\/struka-i-ti\\\/predstavljanje-projekta-na-poslovnom-sajmu-u-sklopu-eu-projekta-rck-rudera-boskovica\\\/#breadcrumb\"},\"inLanguage\":\"hr\",\"potentialAction\":[{\"@type\":\"ReadAction\",\"target\":[\"https:\\\/\\\/rck.tehnicka-skola-karlovac.hr\\\/struka-i-ti\\\/predstavljanje-projekta-na-poslovnom-sajmu-u-sklopu-eu-projekta-rck-rudera-boskovica\\\/\"]}]},{\"@type\":\"ImageObject\",\"inLanguage\":\"hr\",\"@id\":\"https:\\\/\\\/rck.tehnicka-skola-karlovac.hr\\\/struka-i-ti\\\/predstavljanje-projekta-na-poslovnom-sajmu-u-sklopu-eu-projekta-rck-rudera-boskovica\\\/#primaryimage\",\"url\":\"https:\\\/\\\/rck.tehnicka-skola-karlovac.hr\\\/struka-i-ti\\\/wp-content\\\/uploads\\\/2022\\\/04\\\/1651051203844-scaled.jpg\",\"contentUrl\":\"https:\\\/\\\/rck.tehnicka-skola-karlovac.hr\\\/struka-i-ti\\\/wp-content\\\/uploads\\\/2022\\\/04\\\/1651051203844-scaled.jpg\",\"width\":2560,\"height\":1920},{\"@type\":\"BreadcrumbList\",\"@id\":\"https:\\\/\\\/rck.tehnicka-skola-karlovac.hr\\\/struka-i-ti\\\/predstavljanje-projekta-na-poslovnom-sajmu-u-sklopu-eu-projekta-rck-rudera-boskovica\\\/#breadcrumb\",\"itemListElement\":[{\"@type\":\"ListItem\",\"position\":1,\"name\":\"Po\u010detna stranica\",\"item\":\"https:\\\/\\\/rck.tehnicka-skola-karlovac.hr\\\/struka-i-ti\\\/\"},{\"@type\":\"ListItem\",\"position\":2,\"name\":\"Predstavljanje projekta na poslovnom sajmu \u0160KOLSKI DAN \u2013 promocija strukovnih zanimanja\"}]},{\"@type\":\"WebSite\",\"@id\":\"https:\\\/\\\/rck.tehnicka-skola-karlovac.hr\\\/struka-i-ti\\\/#website\",\"url\":\"https:\\\/\\\/rck.tehnicka-skola-karlovac.hr\\\/struka-i-ti\\\/\",\"name\":\"STRuKA i TI\",\"description\":\"Tehni\u010dka \u0161kola Karlovac\",\"potentialAction\":[{\"@type\":\"SearchAction\",\"target\":{\"@type\":\"EntryPoint\",\"urlTemplate\":\"https:\\\/\\\/rck.tehnicka-skola-karlovac.hr\\\/struka-i-ti\\\/?s={search_term_string}\"},\"query-input\":{\"@type\":\"PropertyValueSpecification\",\"valueRequired\":true,\"valueName\":\"search_term_string\"}}],\"inLanguage\":\"hr\"},{\"@type\":\"Person\",\"@id\":\"https:\\\/\\\/rck.tehnicka-skola-karlovac.hr\\\/struka-i-ti\\\/#\\\/schema\\\/person\\\/585031446d554a86a48d57179b6bfda1\",\"name\":\"STRuKA i TI\",\"image\":{\"@type\":\"ImageObject\",\"inLanguage\":\"hr\",\"@id\":\"https:\\\/\\\/secure.gravatar.com\\\/avatar\\\/70eb0841c543fac3f70af9f48ec0107ee1c46a76f52504ab46db95419956efea?s=96&d=mm&r=g\",\"url\":\"https:\\\/\\\/secure.gravatar.com\\\/avatar\\\/70eb0841c543fac3f70af9f48ec0107ee1c46a76f52504ab46db95419956efea?s=96&d=mm&r=g\",\"contentUrl\":\"https:\\\/\\\/secure.gravatar.com\\\/avatar\\\/70eb0841c543fac3f70af9f48ec0107ee1c46a76f52504ab46db95419956efea?s=96&d=mm&r=g\",\"caption\":\"STRuKA i TI\"},\"url\":\"https:\\\/\\\/rck.tehnicka-skola-karlovac.hr\\\/struka-i-ti\\\/author\\\/rck-struka\\\/\"}]}<\/script>\n<!-- \/ Yoast SEO plugin. -->","yoast_head_json":{"title":"Predstavljanje projekta na poslovnom sajmu \u0160KOLSKI DAN \u2013 promocija strukovnih zanimanja - STRuKA i TI","robots":{"index":"index","follow":"follow","max-snippet":"max-snippet:-1","max-image-preview":"max-image-preview:large","max-video-preview":"max-video-preview:-1"},"canonical":"https:\/\/rck.tehnicka-skola-karlovac.hr\/struka-i-ti\/predstavljanje-projekta-na-poslovnom-sajmu-u-sklopu-eu-projekta-rck-rudera-boskovica\/","og_locale":"hr_HR","og_type":"article","og_title":"Predstavljanje projekta na poslovnom sajmu \u0160KOLSKI DAN \u2013 promocija strukovnih zanimanja - STRuKA i TI","og_description":"RCK Tehni\u010dka \u0161kola Karlovac sudjelovala je 26. travnja 2022. godine na poslovnom sajmu \u0160KOLSKI DAN \u2013 promocija strukovnih zanimanja u organizaciji Tehni\u010dke \u0161kole Ru\u0111era Bo\u0161kovi\u0107a i Zagreba\u010dkog velesajma. Cilj \u0160kolskog dana je popularizacija strukovnih zanimanja, povezivanje poslodavaca, partnera, polaznika, budu\u0107ih polaznika i svih zainteresiranih te njihova interakcija. Kao izlaga\u010d u sklopu sajma Tehni\u010dka \u0161kola Karlovac [&hellip;]","og_url":"https:\/\/rck.tehnicka-skola-karlovac.hr\/struka-i-ti\/predstavljanje-projekta-na-poslovnom-sajmu-u-sklopu-eu-projekta-rck-rudera-boskovica\/","og_site_name":"STRuKA i TI","article_published_time":"2022-04-27T11:26:57+00:00","article_modified_time":"2022-04-27T11:32:24+00:00","og_image":[{"width":2560,"height":1920,"url":"https:\/\/rck.tehnicka-skola-karlovac.hr\/struka-i-ti\/wp-content\/uploads\/2022\/04\/1651051203844-scaled.jpg","type":"image\/jpeg"}],"author":"STRuKA i TI","twitter_card":"summary_large_image","twitter_misc":{"Napisao\/la":"STRuKA i TI","Procijenjeno vrijeme \u010ditanja":"1 minuta"},"schema":{"@context":"https:\/\/schema.org","@graph":[{"@type":"Article","@id":"https:\/\/rck.tehnicka-skola-karlovac.hr\/struka-i-ti\/predstavljanje-projekta-na-poslovnom-sajmu-u-sklopu-eu-projekta-rck-rudera-boskovica\/#article","isPartOf":{"@id":"https:\/\/rck.tehnicka-skola-karlovac.hr\/struka-i-ti\/predstavljanje-projekta-na-poslovnom-sajmu-u-sklopu-eu-projekta-rck-rudera-boskovica\/"},"author":{"name":"STRuKA i TI","@id":"https:\/\/rck.tehnicka-skola-karlovac.hr\/struka-i-ti\/#\/schema\/person\/585031446d554a86a48d57179b6bfda1"},"headline":"Predstavljanje projekta na poslovnom sajmu \u0160KOLSKI DAN \u2013 promocija strukovnih zanimanja","datePublished":"2022-04-27T11:26:57+00:00","dateModified":"2022-04-27T11:32:24+00:00","mainEntityOfPage":{"@id":"https:\/\/rck.tehnicka-skola-karlovac.hr\/struka-i-ti\/predstavljanje-projekta-na-poslovnom-sajmu-u-sklopu-eu-projekta-rck-rudera-boskovica\/"},"wordCount":189,"commentCount":0,"image":{"@id":"https:\/\/rck.tehnicka-skola-karlovac.hr\/struka-i-ti\/predstavljanje-projekta-na-poslovnom-sajmu-u-sklopu-eu-projekta-rck-rudera-boskovica\/#primaryimage"},"thumbnailUrl":"https:\/\/rck.tehnicka-skola-karlovac.hr\/struka-i-ti\/wp-content\/uploads\/2022\/04\/1651051203844-scaled.jpg","articleSection":["Novosti"],"inLanguage":"hr","potentialAction":[{"@type":"CommentAction","name":"Comment","target":["https:\/\/rck.tehnicka-skola-karlovac.hr\/struka-i-ti\/predstavljanje-projekta-na-poslovnom-sajmu-u-sklopu-eu-projekta-rck-rudera-boskovica\/#respond"]}]},{"@type":"WebPage","@id":"https:\/\/rck.tehnicka-skola-karlovac.hr\/struka-i-ti\/predstavljanje-projekta-na-poslovnom-sajmu-u-sklopu-eu-projekta-rck-rudera-boskovica\/","url":"https:\/\/rck.tehnicka-skola-karlovac.hr\/struka-i-ti\/predstavljanje-projekta-na-poslovnom-sajmu-u-sklopu-eu-projekta-rck-rudera-boskovica\/","name":"Predstavljanje projekta na poslovnom sajmu \u0160KOLSKI DAN \u2013 promocija strukovnih zanimanja - STRuKA i TI","isPartOf":{"@id":"https:\/\/rck.tehnicka-skola-karlovac.hr\/struka-i-ti\/#website"},"primaryImageOfPage":{"@id":"https:\/\/rck.tehnicka-skola-karlovac.hr\/struka-i-ti\/predstavljanje-projekta-na-poslovnom-sajmu-u-sklopu-eu-projekta-rck-rudera-boskovica\/#primaryimage"},"image":{"@id":"https:\/\/rck.tehnicka-skola-karlovac.hr\/struka-i-ti\/predstavljanje-projekta-na-poslovnom-sajmu-u-sklopu-eu-projekta-rck-rudera-boskovica\/#primaryimage"},"thumbnailUrl":"https:\/\/rck.tehnicka-skola-karlovac.hr\/struka-i-ti\/wp-content\/uploads\/2022\/04\/1651051203844-scaled.jpg","datePublished":"2022-04-27T11:26:57+00:00","dateModified":"2022-04-27T11:32:24+00:00","author":{"@id":"https:\/\/rck.tehnicka-skola-karlovac.hr\/struka-i-ti\/#\/schema\/person\/585031446d554a86a48d57179b6bfda1"},"breadcrumb":{"@id":"https:\/\/rck.tehnicka-skola-karlovac.hr\/struka-i-ti\/predstavljanje-projekta-na-poslovnom-sajmu-u-sklopu-eu-projekta-rck-rudera-boskovica\/#breadcrumb"},"inLanguage":"hr","potentialAction":[{"@type":"ReadAction","target":["https:\/\/rck.tehnicka-skola-karlovac.hr\/struka-i-ti\/predstavljanje-projekta-na-poslovnom-sajmu-u-sklopu-eu-projekta-rck-rudera-boskovica\/"]}]},{"@type":"ImageObject","inLanguage":"hr","@id":"https:\/\/rck.tehnicka-skola-karlovac.hr\/struka-i-ti\/predstavljanje-projekta-na-poslovnom-sajmu-u-sklopu-eu-projekta-rck-rudera-boskovica\/#primaryimage","url":"https:\/\/rck.tehnicka-skola-karlovac.hr\/struka-i-ti\/wp-content\/uploads\/2022\/04\/1651051203844-scaled.jpg","contentUrl":"https:\/\/rck.tehnicka-skola-karlovac.hr\/struka-i-ti\/wp-content\/uploads\/2022\/04\/1651051203844-scaled.jpg","width":2560,"height":1920},{"@type":"BreadcrumbList","@id":"https:\/\/rck.tehnicka-skola-karlovac.hr\/struka-i-ti\/predstavljanje-projekta-na-poslovnom-sajmu-u-sklopu-eu-projekta-rck-rudera-boskovica\/#breadcrumb","itemListElement":[{"@type":"ListItem","position":1,"name":"Po\u010detna stranica","item":"https:\/\/rck.tehnicka-skola-karlovac.hr\/struka-i-ti\/"},{"@type":"ListItem","position":2,"name":"Predstavljanje projekta na poslovnom sajmu \u0160KOLSKI DAN \u2013 promocija strukovnih zanimanja"}]},{"@type":"WebSite","@id":"https:\/\/rck.tehnicka-skola-karlovac.hr\/struka-i-ti\/#website","url":"https:\/\/rck.tehnicka-skola-karlovac.hr\/struka-i-ti\/","name":"STRuKA i TI","description":"Tehni\u010dka \u0161kola Karlovac","potentialAction":[{"@type":"SearchAction","target":{"@type":"EntryPoint","urlTemplate":"https:\/\/rck.tehnicka-skola-karlovac.hr\/struka-i-ti\/?s={search_term_string}"},"query-input":{"@type":"PropertyValueSpecification","valueRequired":true,"valueName":"search_term_string"}}],"inLanguage":"hr"},{"@type":"Person","@id":"https:\/\/rck.tehnicka-skola-karlovac.hr\/struka-i-ti\/#\/schema\/person\/585031446d554a86a48d57179b6bfda1","name":"STRuKA i TI","image":{"@type":"ImageObject","inLanguage":"hr","@id":"https:\/\/secure.gravatar.com\/avatar\/70eb0841c543fac3f70af9f48ec0107ee1c46a76f52504ab46db95419956efea?s=96&d=mm&r=g","url":"https:\/\/secure.gravatar.com\/avatar\/70eb0841c543fac3f70af9f48ec0107ee1c46a76f52504ab46db95419956efea?s=96&d=mm&r=g","contentUrl":"https:\/\/secure.gravatar.com\/avatar\/70eb0841c543fac3f70af9f48ec0107ee1c46a76f52504ab46db95419956efea?s=96&d=mm&r=g","caption":"STRuKA i TI"},"url":"https:\/\/rck.tehnicka-skola-karlovac.hr\/struka-i-ti\/author\/rck-struka\/"}]}},"_links":{"self":[{"href":"https:\/\/rck.tehnicka-skola-karlovac.hr\/struka-i-ti\/wp-json\/wp\/v2\/posts\/732","targetHints":{"allow":["GET"]}}],"collection":[{"href":"https:\/\/rck.tehnicka-skola-karlovac.hr\/struka-i-ti\/wp-json\/wp\/v2\/posts"}],"about":[{"href":"https:\/\/rck.tehnicka-skola-karlovac.hr\/struka-i-ti\/wp-json\/wp\/v2\/types\/post"}],"author":[{"embeddable":true,"href":"https:\/\/rck.tehnicka-skola-karlovac.hr\/struka-i-ti\/wp-json\/wp\/v2\/users\/4"}],"replies":[{"embeddable":true,"href":"https:\/\/rck.tehnicka-skola-karlovac.hr\/struka-i-ti\/wp-json\/wp\/v2\/comments?post=732"}],"version-history":[{"count":3,"href":"https:\/\/rck.tehnicka-skola-karlovac.hr\/struka-i-ti\/wp-json\/wp\/v2\/posts\/732\/revisions"}],"predecessor-version":[{"id":740,"href":"https:\/\/rck.tehnicka-skola-karlovac.hr\/struka-i-ti\/wp-json\/wp\/v2\/posts\/732\/revisions\/740"}],"wp:featuredmedia":[{"embeddable":true,"href":"https:\/\/rck.tehnicka-skola-karlovac.hr\/struka-i-ti\/wp-json\/wp\/v2\/media\/733"}],"wp:attachment":[{"href":"https:\/\/rck.tehnicka-skola-karlovac.hr\/struka-i-ti\/wp-json\/wp\/v2\/media?parent=732"}],"wp:term":[{"taxonomy":"category","embeddable":true,"href":"https:\/\/rck.tehnicka-skola-karlovac.hr\/struka-i-ti\/wp-json\/wp\/v2\/categories?post=732"},{"taxonomy":"post_tag","embeddable":true,"href":"https:\/\/rck.tehnicka-skola-karlovac.hr\/struka-i-ti\/wp-json\/wp\/v2\/tags?post=732"}],"curies":[{"name":"wp","href":"https:\/\/api.w.org\/{rel}","templated":true}]}}