{"id":745,"date":"2022-05-05T10:33:58","date_gmt":"2022-05-05T08:33:58","guid":{"rendered":"https:\/\/rck.tehnicka-skola-karlovac.hr\/struka-i-ti\/?p=745"},"modified":"2022-05-09T11:26:56","modified_gmt":"2022-05-09T09:26:56","slug":"odrzan-2-specijalizirani-sajam-strukovnog-obrazovanja","status":"publish","type":"post","link":"https:\/\/rck.tehnicka-skola-karlovac.hr\/struka-i-ti\/odrzan-2-specijalizirani-sajam-strukovnog-obrazovanja\/","title":{"rendered":"Odr\u017ean 2. specijalizirani sajam strukovnog obrazovanja"},"content":{"rendered":"<p>Nakon uspje\u0161no organiziranog Sajma strukovnog obrazovanja u rujnu 2021. godine, u srijedu 4. svibnja 2022.godine odr\u017eao se 2. specijalizirani sajam strukovnog obrazovanja u podsektoru strojarstva.<\/p>\n<p>Organizator sajma je Regionalni centar kompetentnosti Tehni\u010dke \u0161kole Karlovac i Hrvatska gospodarska komora \u2013 \u017dupanijska komora Karlovac u sklopu projekta &#8220;STRuKA i TI&#8221;.<br \/>\nSajam je okupio poslodavce odnosno tvrtke, \u0161kole, u\u010dili\u0161ta i institucije s podru\u010dja Karlova\u010dke \u017eupanije i \u0161ire koje predstavljaju potrebe i mogu\u0107nosti \u0161kolovanja i zapo\u0161ljavanja u podsektoru strojarstva.<\/p>\n<p><img loading=\"lazy\" decoding=\"async\" class=\"alignnone size-full wp-image-753\" src=\"https:\/\/rck.tehnicka-skola-karlovac.hr\/struka-i-ti\/wp-content\/uploads\/2022\/05\/1652086083040-scaled.jpg\" alt=\"\" width=\"2560\" height=\"1920\" \/><\/p>\n<p>Organizirana je posjeta u\u010denika iz slijede\u0107ih \u0161kola sajmu:<br \/>\n1. Obrtni\u010dka i tehni\u010dka \u0161kola Ogulin<br \/>\n2. Srednja \u0161kola Slunj<br \/>\n3. Tehni\u010dka \u0161kola Po\u017eega<br \/>\n4. Strukovna \u0161kola Gospi\u0107<br \/>\n5. Elektroindustrijska i obrtni\u010dka \u0161kola Rijeka<br \/>\nTako\u0111er, sajam su obi\u0161li i u\u010denici karlova\u010dkih srednjih \u0161kola.<\/p>\n<p>Za sve u\u010denike organizirana je radionica pisanja \u017eivotopisa s ciljem unapre\u0111enja vje\u0161tina pisanja \u017eivotopisa i predstavljanja poslodavcima. U\u010denici su imali mogu\u0107nost ispuniti unaprijed pripremljene predlo\u0161ke \u017eivotopisa te ih po \u017eelji odmah predati poslodavcima koji se predstavljaju na \u0161tandovima.<\/p>\n<p><img loading=\"lazy\" decoding=\"async\" class=\"alignnone size-full wp-image-747\" src=\"https:\/\/rck.tehnicka-skola-karlovac.hr\/struka-i-ti\/wp-content\/uploads\/2022\/05\/1652086083034-1-scaled.jpg\" alt=\"\" width=\"2560\" height=\"1920\" \/><\/p>\n<p>U sklopu sajma odr\u017ean je Okrugli stol na temu \u201ePotrebe tr\u017ei\u0161ta rada \u2013 povezanost mladih i poslodavaca?\u201c Na panel raspravi koju je moderirao Silvano Gospodari\u0107 sudjelovali su:<br \/>\n\u2022 Ivan Jankovi\u0107, ravnatelj Tehni\u010dke \u0161kole Karlovac<br \/>\n\u2022 Valentina Se\u010den, predstavnica Hrvatske gospodarske komore \u2013 \u017dupanijske komore Karlovac<br \/>\n\u2022 Ivana Mehle, predstojnica Hrvatskog zavoda za zapo\u0161ljavanje, Podru\u010dnog ureda Karlovac<br \/>\n\u2022 Kristina Peris, voditeljica op\u0107ih poslova u tvrtki Kelteks d.o.o.<br \/>\n\u2022 \u017deljka Tukac, voditeljica op\u0107ih poslova u tvrtki \u017ditoproizvod d.d.<br \/>\n\u2022 Tomislav Palajsa, voditelj razvoja i tehnologije u tvrtki DW Reusables d.o.o.<\/p>\n<p><img loading=\"lazy\" decoding=\"async\" class=\"alignnone size-full wp-image-749\" src=\"https:\/\/rck.tehnicka-skola-karlovac.hr\/struka-i-ti\/wp-content\/uploads\/2022\/05\/1652086083044-scaled.jpg\" alt=\"\" width=\"2560\" height=\"1920\" \/><\/p>\n<p>Na sajmu su izlagali:<br \/>\n1. DW Reusables d.o.o.<br \/>\n2. HS Produkt d.o.o.<br \/>\n3. Kelteks d.o.o.<br \/>\n4. Tvornica turbina d.o.o.<br \/>\n5. \u017ditoproizvod d.d.<br \/>\n6. MEP d.o.o.<br \/>\n7. Bjelin d.o.o<br \/>\n8. General electric Hrvatska d.o.o.<br \/>\n9. Aquaestil plus d.o.o.<br \/>\n10. IV-ER-Kontex-vatrogasne cijevi d.o.o.<br \/>\n11. Valinge d.o.o.<br \/>\n12. Heineken Hrvatska d.o.o.<br \/>\n13. Veleu\u010dili\u0161te u Karlovcu<br \/>\n14. Elektroindustrijska i obrtni\u010dka \u0161kola Rijeka<br \/>\n15. Pu\u010dko otvoreno u\u010dili\u0161te Zagreb<br \/>\n16. Strukovna \u0161kola Gospi\u0107<br \/>\n17. Obrtni\u010dka i tehni\u010dka \u0161kola Ogulin<br \/>\n18. Srednja \u0161kola Slunj<br \/>\n19. Pu\u010dko otvoreno u\u010dili\u0161te Pouka<br \/>\n20. Praxis &#8211; u\u010dili\u0161te za prakti\u010dna znanja<br \/>\n21. Tehni\u010dka \u0161kola Karlovac<br \/>\n22. Hrvatski zavod za zapo\u0161ljavanje, Podru\u010dni ured Karlovac<br \/>\n23. Karlova\u010dka \u017eupanija<br \/>\n24. U\u010deni\u010dka zadruga &#8220;SLAP&#8221; U\u010deni\u010dkog doma Karlovac<br \/>\n25. Obrtni\u010dka komora Karlova\u010dke \u017eupanije<br \/>\n26. Hrvatska gospodarska komora \u2013 \u017dupanijska komora Karlovac<\/p>\n<p>Organizacija sajma sufinancirana je u okviru Operativnog programa U\u010dinkoviti ljudski potencijali 2014. \u2013 2020. iz Europskog socijalnog fonda. Ukupan iznos projekta \u201eSTRuKA i TI\u201c UP.03.3.1.04.0008 je 27.623.493,09 HRK od \u010dega je financirano 100% iznosa iz Europskog socijalnog fonda.<\/p>\n<p>&nbsp;<\/p>\n","protected":false},"excerpt":{"rendered":"<p>Nakon uspje\u0161no organiziranog Sajma strukovnog obrazovanja u rujnu 2021. godine, u srijedu 4. svibnja 2022.godine odr\u017eao se 2. specijalizirani sajam strukovnog obrazovanja u podsektoru strojarstva. Organizator sajma je Regionalni centar kompetentnosti Tehni\u010dke \u0161kole Karlovac i Hrvatska gospodarska komora \u2013 \u017dupanijska komora Karlovac u sklopu projekta &#8220;STRuKA i TI&#8221;. Sajam je okupio poslodavce odnosno tvrtke, \u0161kole, [&hellip;]<\/p>\n","protected":false},"author":4,"featured_media":749,"comment_status":"open","ping_status":"open","sticky":false,"template":"","format":"standard","meta":{"_et_pb_use_builder":"","_et_pb_old_content":"","_et_gb_content_width":"","footnotes":""},"categories":[1],"tags":[],"class_list":["post-745","post","type-post","status-publish","format-standard","has-post-thumbnail","hentry","category-novosti"],"yoast_head":"<!-- This site is optimized with the Yoast SEO plugin v27.3 - https:\/\/yoast.com\/product\/yoast-seo-wordpress\/ -->\n<title>Odr\u017ean 2. specijalizirani sajam strukovnog obrazovanja - STRuKA i TI<\/title>\n<meta name=\"robots\" content=\"index, follow, max-snippet:-1, max-image-preview:large, max-video-preview:-1\" \/>\n<link rel=\"canonical\" href=\"https:\/\/rck.tehnicka-skola-karlovac.hr\/struka-i-ti\/odrzan-2-specijalizirani-sajam-strukovnog-obrazovanja\/\" \/>\n<meta property=\"og:locale\" content=\"hr_HR\" \/>\n<meta property=\"og:type\" content=\"article\" \/>\n<meta property=\"og:title\" content=\"Odr\u017ean 2. specijalizirani sajam strukovnog obrazovanja - STRuKA i TI\" \/>\n<meta property=\"og:description\" content=\"Nakon uspje\u0161no organiziranog Sajma strukovnog obrazovanja u rujnu 2021. godine, u srijedu 4. svibnja 2022.godine odr\u017eao se 2. specijalizirani sajam strukovnog obrazovanja u podsektoru strojarstva. Organizator sajma je Regionalni centar kompetentnosti Tehni\u010dke \u0161kole Karlovac i Hrvatska gospodarska komora \u2013 \u017dupanijska komora Karlovac u sklopu projekta &#8220;STRuKA i TI&#8221;. Sajam je okupio poslodavce odnosno tvrtke, \u0161kole, [&hellip;]\" \/>\n<meta property=\"og:url\" content=\"https:\/\/rck.tehnicka-skola-karlovac.hr\/struka-i-ti\/odrzan-2-specijalizirani-sajam-strukovnog-obrazovanja\/\" \/>\n<meta property=\"og:site_name\" content=\"STRuKA i TI\" \/>\n<meta property=\"article:published_time\" content=\"2022-05-05T08:33:58+00:00\" \/>\n<meta property=\"article:modified_time\" content=\"2022-05-09T09:26:56+00:00\" \/>\n<meta property=\"og:image\" content=\"https:\/\/rck.tehnicka-skola-karlovac.hr\/struka-i-ti\/wp-content\/uploads\/2022\/05\/1652086083044-scaled.jpg\" \/>\n\t<meta property=\"og:image:width\" content=\"2560\" \/>\n\t<meta property=\"og:image:height\" content=\"1920\" \/>\n\t<meta property=\"og:image:type\" content=\"image\/jpeg\" \/>\n<meta name=\"author\" content=\"STRuKA i TI\" \/>\n<meta name=\"twitter:card\" content=\"summary_large_image\" \/>\n<meta name=\"twitter:label1\" content=\"Napisao\/la\" \/>\n\t<meta name=\"twitter:data1\" content=\"STRuKA i TI\" \/>\n\t<meta name=\"twitter:label2\" content=\"Procijenjeno vrijeme \u010ditanja\" \/>\n\t<meta name=\"twitter:data2\" content=\"2 minute\" \/>\n<script type=\"application\/ld+json\" class=\"yoast-schema-graph\">{\"@context\":\"https:\\\/\\\/schema.org\",\"@graph\":[{\"@type\":\"Article\",\"@id\":\"https:\\\/\\\/rck.tehnicka-skola-karlovac.hr\\\/struka-i-ti\\\/odrzan-2-specijalizirani-sajam-strukovnog-obrazovanja\\\/#article\",\"isPartOf\":{\"@id\":\"https:\\\/\\\/rck.tehnicka-skola-karlovac.hr\\\/struka-i-ti\\\/odrzan-2-specijalizirani-sajam-strukovnog-obrazovanja\\\/\"},\"author\":{\"name\":\"STRuKA i TI\",\"@id\":\"https:\\\/\\\/rck.tehnicka-skola-karlovac.hr\\\/struka-i-ti\\\/#\\\/schema\\\/person\\\/585031446d554a86a48d57179b6bfda1\"},\"headline\":\"Odr\u017ean 2. specijalizirani sajam strukovnog obrazovanja\",\"datePublished\":\"2022-05-05T08:33:58+00:00\",\"dateModified\":\"2022-05-09T09:26:56+00:00\",\"mainEntityOfPage\":{\"@id\":\"https:\\\/\\\/rck.tehnicka-skola-karlovac.hr\\\/struka-i-ti\\\/odrzan-2-specijalizirani-sajam-strukovnog-obrazovanja\\\/\"},\"wordCount\":450,\"commentCount\":0,\"image\":{\"@id\":\"https:\\\/\\\/rck.tehnicka-skola-karlovac.hr\\\/struka-i-ti\\\/odrzan-2-specijalizirani-sajam-strukovnog-obrazovanja\\\/#primaryimage\"},\"thumbnailUrl\":\"https:\\\/\\\/rck.tehnicka-skola-karlovac.hr\\\/struka-i-ti\\\/wp-content\\\/uploads\\\/2022\\\/05\\\/1652086083044-scaled.jpg\",\"articleSection\":[\"Novosti\"],\"inLanguage\":\"hr\",\"potentialAction\":[{\"@type\":\"CommentAction\",\"name\":\"Comment\",\"target\":[\"https:\\\/\\\/rck.tehnicka-skola-karlovac.hr\\\/struka-i-ti\\\/odrzan-2-specijalizirani-sajam-strukovnog-obrazovanja\\\/#respond\"]}]},{\"@type\":\"WebPage\",\"@id\":\"https:\\\/\\\/rck.tehnicka-skola-karlovac.hr\\\/struka-i-ti\\\/odrzan-2-specijalizirani-sajam-strukovnog-obrazovanja\\\/\",\"url\":\"https:\\\/\\\/rck.tehnicka-skola-karlovac.hr\\\/struka-i-ti\\\/odrzan-2-specijalizirani-sajam-strukovnog-obrazovanja\\\/\",\"name\":\"Odr\u017ean 2. specijalizirani sajam strukovnog obrazovanja - STRuKA i TI\",\"isPartOf\":{\"@id\":\"https:\\\/\\\/rck.tehnicka-skola-karlovac.hr\\\/struka-i-ti\\\/#website\"},\"primaryImageOfPage\":{\"@id\":\"https:\\\/\\\/rck.tehnicka-skola-karlovac.hr\\\/struka-i-ti\\\/odrzan-2-specijalizirani-sajam-strukovnog-obrazovanja\\\/#primaryimage\"},\"image\":{\"@id\":\"https:\\\/\\\/rck.tehnicka-skola-karlovac.hr\\\/struka-i-ti\\\/odrzan-2-specijalizirani-sajam-strukovnog-obrazovanja\\\/#primaryimage\"},\"thumbnailUrl\":\"https:\\\/\\\/rck.tehnicka-skola-karlovac.hr\\\/struka-i-ti\\\/wp-content\\\/uploads\\\/2022\\\/05\\\/1652086083044-scaled.jpg\",\"datePublished\":\"2022-05-05T08:33:58+00:00\",\"dateModified\":\"2022-05-09T09:26:56+00:00\",\"author\":{\"@id\":\"https:\\\/\\\/rck.tehnicka-skola-karlovac.hr\\\/struka-i-ti\\\/#\\\/schema\\\/person\\\/585031446d554a86a48d57179b6bfda1\"},\"breadcrumb\":{\"@id\":\"https:\\\/\\\/rck.tehnicka-skola-karlovac.hr\\\/struka-i-ti\\\/odrzan-2-specijalizirani-sajam-strukovnog-obrazovanja\\\/#breadcrumb\"},\"inLanguage\":\"hr\",\"potentialAction\":[{\"@type\":\"ReadAction\",\"target\":[\"https:\\\/\\\/rck.tehnicka-skola-karlovac.hr\\\/struka-i-ti\\\/odrzan-2-specijalizirani-sajam-strukovnog-obrazovanja\\\/\"]}]},{\"@type\":\"ImageObject\",\"inLanguage\":\"hr\",\"@id\":\"https:\\\/\\\/rck.tehnicka-skola-karlovac.hr\\\/struka-i-ti\\\/odrzan-2-specijalizirani-sajam-strukovnog-obrazovanja\\\/#primaryimage\",\"url\":\"https:\\\/\\\/rck.tehnicka-skola-karlovac.hr\\\/struka-i-ti\\\/wp-content\\\/uploads\\\/2022\\\/05\\\/1652086083044-scaled.jpg\",\"contentUrl\":\"https:\\\/\\\/rck.tehnicka-skola-karlovac.hr\\\/struka-i-ti\\\/wp-content\\\/uploads\\\/2022\\\/05\\\/1652086083044-scaled.jpg\",\"width\":2560,\"height\":1920},{\"@type\":\"BreadcrumbList\",\"@id\":\"https:\\\/\\\/rck.tehnicka-skola-karlovac.hr\\\/struka-i-ti\\\/odrzan-2-specijalizirani-sajam-strukovnog-obrazovanja\\\/#breadcrumb\",\"itemListElement\":[{\"@type\":\"ListItem\",\"position\":1,\"name\":\"Po\u010detna stranica\",\"item\":\"https:\\\/\\\/rck.tehnicka-skola-karlovac.hr\\\/struka-i-ti\\\/\"},{\"@type\":\"ListItem\",\"position\":2,\"name\":\"Odr\u017ean 2. specijalizirani sajam strukovnog obrazovanja\"}]},{\"@type\":\"WebSite\",\"@id\":\"https:\\\/\\\/rck.tehnicka-skola-karlovac.hr\\\/struka-i-ti\\\/#website\",\"url\":\"https:\\\/\\\/rck.tehnicka-skola-karlovac.hr\\\/struka-i-ti\\\/\",\"name\":\"STRuKA i TI\",\"description\":\"Tehni\u010dka \u0161kola Karlovac\",\"potentialAction\":[{\"@type\":\"SearchAction\",\"target\":{\"@type\":\"EntryPoint\",\"urlTemplate\":\"https:\\\/\\\/rck.tehnicka-skola-karlovac.hr\\\/struka-i-ti\\\/?s={search_term_string}\"},\"query-input\":{\"@type\":\"PropertyValueSpecification\",\"valueRequired\":true,\"valueName\":\"search_term_string\"}}],\"inLanguage\":\"hr\"},{\"@type\":\"Person\",\"@id\":\"https:\\\/\\\/rck.tehnicka-skola-karlovac.hr\\\/struka-i-ti\\\/#\\\/schema\\\/person\\\/585031446d554a86a48d57179b6bfda1\",\"name\":\"STRuKA i TI\",\"image\":{\"@type\":\"ImageObject\",\"inLanguage\":\"hr\",\"@id\":\"https:\\\/\\\/secure.gravatar.com\\\/avatar\\\/70eb0841c543fac3f70af9f48ec0107ee1c46a76f52504ab46db95419956efea?s=96&d=mm&r=g\",\"url\":\"https:\\\/\\\/secure.gravatar.com\\\/avatar\\\/70eb0841c543fac3f70af9f48ec0107ee1c46a76f52504ab46db95419956efea?s=96&d=mm&r=g\",\"contentUrl\":\"https:\\\/\\\/secure.gravatar.com\\\/avatar\\\/70eb0841c543fac3f70af9f48ec0107ee1c46a76f52504ab46db95419956efea?s=96&d=mm&r=g\",\"caption\":\"STRuKA i TI\"},\"url\":\"https:\\\/\\\/rck.tehnicka-skola-karlovac.hr\\\/struka-i-ti\\\/author\\\/rck-struka\\\/\"}]}<\/script>\n<!-- \/ Yoast SEO plugin. -->","yoast_head_json":{"title":"Odr\u017ean 2. specijalizirani sajam strukovnog obrazovanja - STRuKA i TI","robots":{"index":"index","follow":"follow","max-snippet":"max-snippet:-1","max-image-preview":"max-image-preview:large","max-video-preview":"max-video-preview:-1"},"canonical":"https:\/\/rck.tehnicka-skola-karlovac.hr\/struka-i-ti\/odrzan-2-specijalizirani-sajam-strukovnog-obrazovanja\/","og_locale":"hr_HR","og_type":"article","og_title":"Odr\u017ean 2. specijalizirani sajam strukovnog obrazovanja - STRuKA i TI","og_description":"Nakon uspje\u0161no organiziranog Sajma strukovnog obrazovanja u rujnu 2021. godine, u srijedu 4. svibnja 2022.godine odr\u017eao se 2. specijalizirani sajam strukovnog obrazovanja u podsektoru strojarstva. Organizator sajma je Regionalni centar kompetentnosti Tehni\u010dke \u0161kole Karlovac i Hrvatska gospodarska komora \u2013 \u017dupanijska komora Karlovac u sklopu projekta &#8220;STRuKA i TI&#8221;. Sajam je okupio poslodavce odnosno tvrtke, \u0161kole, [&hellip;]","og_url":"https:\/\/rck.tehnicka-skola-karlovac.hr\/struka-i-ti\/odrzan-2-specijalizirani-sajam-strukovnog-obrazovanja\/","og_site_name":"STRuKA i TI","article_published_time":"2022-05-05T08:33:58+00:00","article_modified_time":"2022-05-09T09:26:56+00:00","og_image":[{"width":2560,"height":1920,"url":"https:\/\/rck.tehnicka-skola-karlovac.hr\/struka-i-ti\/wp-content\/uploads\/2022\/05\/1652086083044-scaled.jpg","type":"image\/jpeg"}],"author":"STRuKA i TI","twitter_card":"summary_large_image","twitter_misc":{"Napisao\/la":"STRuKA i TI","Procijenjeno vrijeme \u010ditanja":"2 minute"},"schema":{"@context":"https:\/\/schema.org","@graph":[{"@type":"Article","@id":"https:\/\/rck.tehnicka-skola-karlovac.hr\/struka-i-ti\/odrzan-2-specijalizirani-sajam-strukovnog-obrazovanja\/#article","isPartOf":{"@id":"https:\/\/rck.tehnicka-skola-karlovac.hr\/struka-i-ti\/odrzan-2-specijalizirani-sajam-strukovnog-obrazovanja\/"},"author":{"name":"STRuKA i TI","@id":"https:\/\/rck.tehnicka-skola-karlovac.hr\/struka-i-ti\/#\/schema\/person\/585031446d554a86a48d57179b6bfda1"},"headline":"Odr\u017ean 2. specijalizirani sajam strukovnog obrazovanja","datePublished":"2022-05-05T08:33:58+00:00","dateModified":"2022-05-09T09:26:56+00:00","mainEntityOfPage":{"@id":"https:\/\/rck.tehnicka-skola-karlovac.hr\/struka-i-ti\/odrzan-2-specijalizirani-sajam-strukovnog-obrazovanja\/"},"wordCount":450,"commentCount":0,"image":{"@id":"https:\/\/rck.tehnicka-skola-karlovac.hr\/struka-i-ti\/odrzan-2-specijalizirani-sajam-strukovnog-obrazovanja\/#primaryimage"},"thumbnailUrl":"https:\/\/rck.tehnicka-skola-karlovac.hr\/struka-i-ti\/wp-content\/uploads\/2022\/05\/1652086083044-scaled.jpg","articleSection":["Novosti"],"inLanguage":"hr","potentialAction":[{"@type":"CommentAction","name":"Comment","target":["https:\/\/rck.tehnicka-skola-karlovac.hr\/struka-i-ti\/odrzan-2-specijalizirani-sajam-strukovnog-obrazovanja\/#respond"]}]},{"@type":"WebPage","@id":"https:\/\/rck.tehnicka-skola-karlovac.hr\/struka-i-ti\/odrzan-2-specijalizirani-sajam-strukovnog-obrazovanja\/","url":"https:\/\/rck.tehnicka-skola-karlovac.hr\/struka-i-ti\/odrzan-2-specijalizirani-sajam-strukovnog-obrazovanja\/","name":"Odr\u017ean 2. specijalizirani sajam strukovnog obrazovanja - STRuKA i TI","isPartOf":{"@id":"https:\/\/rck.tehnicka-skola-karlovac.hr\/struka-i-ti\/#website"},"primaryImageOfPage":{"@id":"https:\/\/rck.tehnicka-skola-karlovac.hr\/struka-i-ti\/odrzan-2-specijalizirani-sajam-strukovnog-obrazovanja\/#primaryimage"},"image":{"@id":"https:\/\/rck.tehnicka-skola-karlovac.hr\/struka-i-ti\/odrzan-2-specijalizirani-sajam-strukovnog-obrazovanja\/#primaryimage"},"thumbnailUrl":"https:\/\/rck.tehnicka-skola-karlovac.hr\/struka-i-ti\/wp-content\/uploads\/2022\/05\/1652086083044-scaled.jpg","datePublished":"2022-05-05T08:33:58+00:00","dateModified":"2022-05-09T09:26:56+00:00","author":{"@id":"https:\/\/rck.tehnicka-skola-karlovac.hr\/struka-i-ti\/#\/schema\/person\/585031446d554a86a48d57179b6bfda1"},"breadcrumb":{"@id":"https:\/\/rck.tehnicka-skola-karlovac.hr\/struka-i-ti\/odrzan-2-specijalizirani-sajam-strukovnog-obrazovanja\/#breadcrumb"},"inLanguage":"hr","potentialAction":[{"@type":"ReadAction","target":["https:\/\/rck.tehnicka-skola-karlovac.hr\/struka-i-ti\/odrzan-2-specijalizirani-sajam-strukovnog-obrazovanja\/"]}]},{"@type":"ImageObject","inLanguage":"hr","@id":"https:\/\/rck.tehnicka-skola-karlovac.hr\/struka-i-ti\/odrzan-2-specijalizirani-sajam-strukovnog-obrazovanja\/#primaryimage","url":"https:\/\/rck.tehnicka-skola-karlovac.hr\/struka-i-ti\/wp-content\/uploads\/2022\/05\/1652086083044-scaled.jpg","contentUrl":"https:\/\/rck.tehnicka-skola-karlovac.hr\/struka-i-ti\/wp-content\/uploads\/2022\/05\/1652086083044-scaled.jpg","width":2560,"height":1920},{"@type":"BreadcrumbList","@id":"https:\/\/rck.tehnicka-skola-karlovac.hr\/struka-i-ti\/odrzan-2-specijalizirani-sajam-strukovnog-obrazovanja\/#breadcrumb","itemListElement":[{"@type":"ListItem","position":1,"name":"Po\u010detna stranica","item":"https:\/\/rck.tehnicka-skola-karlovac.hr\/struka-i-ti\/"},{"@type":"ListItem","position":2,"name":"Odr\u017ean 2. specijalizirani sajam strukovnog obrazovanja"}]},{"@type":"WebSite","@id":"https:\/\/rck.tehnicka-skola-karlovac.hr\/struka-i-ti\/#website","url":"https:\/\/rck.tehnicka-skola-karlovac.hr\/struka-i-ti\/","name":"STRuKA i TI","description":"Tehni\u010dka \u0161kola Karlovac","potentialAction":[{"@type":"SearchAction","target":{"@type":"EntryPoint","urlTemplate":"https:\/\/rck.tehnicka-skola-karlovac.hr\/struka-i-ti\/?s={search_term_string}"},"query-input":{"@type":"PropertyValueSpecification","valueRequired":true,"valueName":"search_term_string"}}],"inLanguage":"hr"},{"@type":"Person","@id":"https:\/\/rck.tehnicka-skola-karlovac.hr\/struka-i-ti\/#\/schema\/person\/585031446d554a86a48d57179b6bfda1","name":"STRuKA i TI","image":{"@type":"ImageObject","inLanguage":"hr","@id":"https:\/\/secure.gravatar.com\/avatar\/70eb0841c543fac3f70af9f48ec0107ee1c46a76f52504ab46db95419956efea?s=96&d=mm&r=g","url":"https:\/\/secure.gravatar.com\/avatar\/70eb0841c543fac3f70af9f48ec0107ee1c46a76f52504ab46db95419956efea?s=96&d=mm&r=g","contentUrl":"https:\/\/secure.gravatar.com\/avatar\/70eb0841c543fac3f70af9f48ec0107ee1c46a76f52504ab46db95419956efea?s=96&d=mm&r=g","caption":"STRuKA i TI"},"url":"https:\/\/rck.tehnicka-skola-karlovac.hr\/struka-i-ti\/author\/rck-struka\/"}]}},"_links":{"self":[{"href":"https:\/\/rck.tehnicka-skola-karlovac.hr\/struka-i-ti\/wp-json\/wp\/v2\/posts\/745","targetHints":{"allow":["GET"]}}],"collection":[{"href":"https:\/\/rck.tehnicka-skola-karlovac.hr\/struka-i-ti\/wp-json\/wp\/v2\/posts"}],"about":[{"href":"https:\/\/rck.tehnicka-skola-karlovac.hr\/struka-i-ti\/wp-json\/wp\/v2\/types\/post"}],"author":[{"embeddable":true,"href":"https:\/\/rck.tehnicka-skola-karlovac.hr\/struka-i-ti\/wp-json\/wp\/v2\/users\/4"}],"replies":[{"embeddable":true,"href":"https:\/\/rck.tehnicka-skola-karlovac.hr\/struka-i-ti\/wp-json\/wp\/v2\/comments?post=745"}],"version-history":[{"count":3,"href":"https:\/\/rck.tehnicka-skola-karlovac.hr\/struka-i-ti\/wp-json\/wp\/v2\/posts\/745\/revisions"}],"predecessor-version":[{"id":755,"href":"https:\/\/rck.tehnicka-skola-karlovac.hr\/struka-i-ti\/wp-json\/wp\/v2\/posts\/745\/revisions\/755"}],"wp:featuredmedia":[{"embeddable":true,"href":"https:\/\/rck.tehnicka-skola-karlovac.hr\/struka-i-ti\/wp-json\/wp\/v2\/media\/749"}],"wp:attachment":[{"href":"https:\/\/rck.tehnicka-skola-karlovac.hr\/struka-i-ti\/wp-json\/wp\/v2\/media?parent=745"}],"wp:term":[{"taxonomy":"category","embeddable":true,"href":"https:\/\/rck.tehnicka-skola-karlovac.hr\/struka-i-ti\/wp-json\/wp\/v2\/categories?post=745"},{"taxonomy":"post_tag","embeddable":true,"href":"https:\/\/rck.tehnicka-skola-karlovac.hr\/struka-i-ti\/wp-json\/wp\/v2\/tags?post=745"}],"curies":[{"name":"wp","href":"https:\/\/api.w.org\/{rel}","templated":true}]}}