{"id":770,"date":"2022-05-20T17:15:53","date_gmt":"2022-05-20T15:15:53","guid":{"rendered":"https:\/\/rck.tehnicka-skola-karlovac.hr\/struka-i-ti\/?p=770"},"modified":"2022-05-23T20:04:15","modified_gmt":"2022-05-23T18:04:15","slug":"razmjena-iskustava-u-uspostavi-regionalnih-centara-kompetentnosti-u-strojarstvu","status":"publish","type":"post","link":"https:\/\/rck.tehnicka-skola-karlovac.hr\/struka-i-ti\/razmjena-iskustava-u-uspostavi-regionalnih-centara-kompetentnosti-u-strojarstvu\/","title":{"rendered":"Razmjena iskustava u uspostavi Regionalnih centara kompetentnosti u strojarstvu"},"content":{"rendered":"<p>Dana 17.05.2022. Ustanova za obrazovanje odraslih Praxis u svojstvu partnerske organizacije odgovorne za upravljanje provedbom projekata uspostave Regionalnog centra kompetentnosti Tehni\u010dke \u0161kole Karlovac sudjelovala je u \u010cakovcu na sastanku, koje je organizirao Regionalni centar kompetentnosti Tehni\u010dke \u0161kole \u010cakovec na temu \u201eRazmjena iskustava u uspostavi RCK u strojarstu\u201c.<\/p>\n<p>Tom prigodom su djelatnici UOO Praxis, Sanjin Brajkovi\u0107 \u2013 voditelj projekta STRuKA i TI te Lidia Deme De\u017ee &#8211; koordinatorica razvoja i unapre\u0111enja programa u Regionalnom centu kompetentnosti Tehni\u010dke \u0161kole Karlovac predstavili projekte RCK \u201eSTRuKA\u201c i RCK \u201eSTRuKA i TI\u201c, koji zajedno pridonose uspostavi infrastrukture i organizaciji rada Regionalnog centra kompetentnosti Tehni\u010dke \u0161kole Karlovac u podsektoru strojarstva.<\/p>\n<p>Doga\u0111aj sa svrhom razmjene iskustava u uspostavi Regionalnih centara kompetentnosti u strojarstvu okupio je predstavnike svih 7 Regionalnih centara kompetentnosti u strojarstvu: Regionalnog centra kompetentnosti \u010cakovec, Regionalnog centra kompetentnosti Zadar, Regionalnog centra kompetentnosti \u0160ibenik, Regionalnog centra kompetentnosti Zagreb, Regionalnog centra kompetentnosti Slavonski Brod, Regionalnog centra kompetentnosti Velika Gorica i Regionalnog centra kompetentnosti Karlovac.<\/p>\n<p>Svaki od predstavnika iznio je dosada\u0161nja postignu\u0107a na projektima, izazove s kojima su se susretali u dosada\u0161njoj provedbi kao i prijedloge daljnje suradnje u cilju uspje\u0161ne uspostave i budu\u0107eg funkcioniranja Regionalnih centara kompetentnosti u strojarstvu.<\/p>\n<p>Uz navedene projekte \u201eSTRuKA\u201c i \u201eSTRuKA i TI\u201c kojima je svrha uspostava Regionalnog centra kompetentnosti u podsektoru strojarstva, Tehni\u010dka \u0161kola Karlovac provodi i dva projekta sa svrhom uspostave Regionalnog centra kompetentnosti u sektoru elektrotehnike i ra\u010dunalstva, pod nazivom \u201eKARIJERA\u201c i \u201eKaRijERA i JA\u201c za \u010diju provedbu je tako\u0111er zadu\u017eena partnerska Ustanova za obrazovanje odraslih Praxis.<\/p>\n<p>Navedeni projekti provode se u okviru Operativnog programa U\u010dinkoviti ljudski potencijali 2014. \u2013 2020., a temeljem poziva \u201eUspostava regionalnih centara kompetentnosti u strukovnom obrazovanju u (pod)sektorima: strojarstvo, elektrotehnika i ra\u010dunalstvo, poljoprivreda i zdravstvo\u201c te Operativnog programa Konkurentnost i kohezija 2014. \u2013 2020., a temeljem poziva \u201cUspostava infrastrukture regionalnih centara kompetentnosti u strukovnom obrazovanju kao podr\u0161ka procesu reforme strukovnog obrazovanja\u201d Ministarstva regionalnoga razvoja i fondova Europske unije.<\/p>\n<div class=\"et_pb_slider et_pb_slider_fullwidth_off et_pb_gallery_post_type\">\n\t\t\t\t<div class=\"et_pb_slides\">\n\t\t\t\t\t<div class=\"et_pb_slide\" style=\"background: url(https:\/\/rck.tehnicka-skola-karlovac.hr\/struka-i-ti\/wp-content\/uploads\/2022\/05\/1-min-1.jpg);\"><\/div><div class=\"et_pb_slide\" style=\"background: url(https:\/\/rck.tehnicka-skola-karlovac.hr\/struka-i-ti\/wp-content\/uploads\/2022\/05\/2-min-1.jpg);\"><\/div><div class=\"et_pb_slide\" style=\"background: url(https:\/\/rck.tehnicka-skola-karlovac.hr\/struka-i-ti\/wp-content\/uploads\/2022\/05\/3-min-1.jpg);\"><\/div><div class=\"et_pb_slide\" style=\"background: url(https:\/\/rck.tehnicka-skola-karlovac.hr\/struka-i-ti\/wp-content\/uploads\/2022\/05\/4-min-1.jpg);\"><\/div>\n\t\t\t\t<\/div>\n\t\t\t<\/div>\n<p>&nbsp;<\/p>\n","protected":false},"excerpt":{"rendered":"<p>Dana 17.05.2022. Ustanova za obrazovanje odraslih Praxis u svojstvu partnerske organizacije odgovorne za upravljanje provedbom projekata uspostave Regionalnog centra kompetentnosti Tehni\u010dke \u0161kole Karlovac sudjelovala je u \u010cakovcu na sastanku, koje je organizirao Regionalni centar kompetentnosti Tehni\u010dke \u0161kole \u010cakovec na temu \u201eRazmjena iskustava u uspostavi RCK u strojarstu\u201c. Tom prigodom su djelatnici UOO Praxis, Sanjin Brajkovi\u0107 [&hellip;]<\/p>\n","protected":false},"author":4,"featured_media":786,"comment_status":"open","ping_status":"open","sticky":false,"template":"","format":"standard","meta":{"_et_pb_use_builder":"","_et_pb_old_content":"","_et_gb_content_width":"","footnotes":""},"categories":[1],"tags":[],"class_list":["post-770","post","type-post","status-publish","format-standard","has-post-thumbnail","hentry","category-novosti"],"yoast_head":"<!-- This site is optimized with the Yoast SEO plugin v27.3 - https:\/\/yoast.com\/product\/yoast-seo-wordpress\/ -->\n<title>Razmjena iskustava u uspostavi Regionalnih centara kompetentnosti u strojarstvu - STRuKA i TI<\/title>\n<meta name=\"robots\" content=\"index, follow, max-snippet:-1, max-image-preview:large, max-video-preview:-1\" \/>\n<link rel=\"canonical\" href=\"https:\/\/rck.tehnicka-skola-karlovac.hr\/struka-i-ti\/razmjena-iskustava-u-uspostavi-regionalnih-centara-kompetentnosti-u-strojarstvu\/\" \/>\n<meta property=\"og:locale\" content=\"hr_HR\" \/>\n<meta property=\"og:type\" content=\"article\" \/>\n<meta property=\"og:title\" content=\"Razmjena iskustava u uspostavi Regionalnih centara kompetentnosti u strojarstvu - STRuKA i TI\" \/>\n<meta property=\"og:description\" content=\"Dana 17.05.2022. Ustanova za obrazovanje odraslih Praxis u svojstvu partnerske organizacije odgovorne za upravljanje provedbom projekata uspostave Regionalnog centra kompetentnosti Tehni\u010dke \u0161kole Karlovac sudjelovala je u \u010cakovcu na sastanku, koje je organizirao Regionalni centar kompetentnosti Tehni\u010dke \u0161kole \u010cakovec na temu \u201eRazmjena iskustava u uspostavi RCK u strojarstu\u201c. Tom prigodom su djelatnici UOO Praxis, Sanjin Brajkovi\u0107 [&hellip;]\" \/>\n<meta property=\"og:url\" content=\"https:\/\/rck.tehnicka-skola-karlovac.hr\/struka-i-ti\/razmjena-iskustava-u-uspostavi-regionalnih-centara-kompetentnosti-u-strojarstvu\/\" \/>\n<meta property=\"og:site_name\" content=\"STRuKA i TI\" \/>\n<meta property=\"article:published_time\" content=\"2022-05-20T15:15:53+00:00\" \/>\n<meta property=\"article:modified_time\" content=\"2022-05-23T18:04:15+00:00\" \/>\n<meta property=\"og:image\" content=\"https:\/\/rck.tehnicka-skola-karlovac.hr\/struka-i-ti\/wp-content\/uploads\/2022\/05\/struka-i-ti-fb.jpg\" \/>\n\t<meta property=\"og:image:width\" content=\"1200\" \/>\n\t<meta property=\"og:image:height\" content=\"612\" \/>\n\t<meta property=\"og:image:type\" content=\"image\/jpeg\" \/>\n<meta name=\"author\" content=\"STRuKA i TI\" \/>\n<meta name=\"twitter:card\" content=\"summary_large_image\" \/>\n<meta name=\"twitter:label1\" content=\"Napisao\/la\" \/>\n\t<meta name=\"twitter:data1\" content=\"STRuKA i TI\" \/>\n\t<meta name=\"twitter:label2\" content=\"Procijenjeno vrijeme \u010ditanja\" \/>\n\t<meta name=\"twitter:data2\" content=\"2 minute\" \/>\n<script type=\"application\/ld+json\" class=\"yoast-schema-graph\">{\"@context\":\"https:\\\/\\\/schema.org\",\"@graph\":[{\"@type\":\"Article\",\"@id\":\"https:\\\/\\\/rck.tehnicka-skola-karlovac.hr\\\/struka-i-ti\\\/razmjena-iskustava-u-uspostavi-regionalnih-centara-kompetentnosti-u-strojarstvu\\\/#article\",\"isPartOf\":{\"@id\":\"https:\\\/\\\/rck.tehnicka-skola-karlovac.hr\\\/struka-i-ti\\\/razmjena-iskustava-u-uspostavi-regionalnih-centara-kompetentnosti-u-strojarstvu\\\/\"},\"author\":{\"name\":\"STRuKA i TI\",\"@id\":\"https:\\\/\\\/rck.tehnicka-skola-karlovac.hr\\\/struka-i-ti\\\/#\\\/schema\\\/person\\\/585031446d554a86a48d57179b6bfda1\"},\"headline\":\"Razmjena iskustava u uspostavi Regionalnih centara kompetentnosti u strojarstvu\",\"datePublished\":\"2022-05-20T15:15:53+00:00\",\"dateModified\":\"2022-05-23T18:04:15+00:00\",\"mainEntityOfPage\":{\"@id\":\"https:\\\/\\\/rck.tehnicka-skola-karlovac.hr\\\/struka-i-ti\\\/razmjena-iskustava-u-uspostavi-regionalnih-centara-kompetentnosti-u-strojarstvu\\\/\"},\"wordCount\":336,\"commentCount\":0,\"image\":{\"@id\":\"https:\\\/\\\/rck.tehnicka-skola-karlovac.hr\\\/struka-i-ti\\\/razmjena-iskustava-u-uspostavi-regionalnih-centara-kompetentnosti-u-strojarstvu\\\/#primaryimage\"},\"thumbnailUrl\":\"https:\\\/\\\/rck.tehnicka-skola-karlovac.hr\\\/struka-i-ti\\\/wp-content\\\/uploads\\\/2022\\\/05\\\/struka-i-ti-1-1.jpg\",\"articleSection\":[\"Novosti\"],\"inLanguage\":\"hr\",\"potentialAction\":[{\"@type\":\"CommentAction\",\"name\":\"Comment\",\"target\":[\"https:\\\/\\\/rck.tehnicka-skola-karlovac.hr\\\/struka-i-ti\\\/razmjena-iskustava-u-uspostavi-regionalnih-centara-kompetentnosti-u-strojarstvu\\\/#respond\"]}]},{\"@type\":\"WebPage\",\"@id\":\"https:\\\/\\\/rck.tehnicka-skola-karlovac.hr\\\/struka-i-ti\\\/razmjena-iskustava-u-uspostavi-regionalnih-centara-kompetentnosti-u-strojarstvu\\\/\",\"url\":\"https:\\\/\\\/rck.tehnicka-skola-karlovac.hr\\\/struka-i-ti\\\/razmjena-iskustava-u-uspostavi-regionalnih-centara-kompetentnosti-u-strojarstvu\\\/\",\"name\":\"Razmjena iskustava u uspostavi Regionalnih centara kompetentnosti u strojarstvu - STRuKA i TI\",\"isPartOf\":{\"@id\":\"https:\\\/\\\/rck.tehnicka-skola-karlovac.hr\\\/struka-i-ti\\\/#website\"},\"primaryImageOfPage\":{\"@id\":\"https:\\\/\\\/rck.tehnicka-skola-karlovac.hr\\\/struka-i-ti\\\/razmjena-iskustava-u-uspostavi-regionalnih-centara-kompetentnosti-u-strojarstvu\\\/#primaryimage\"},\"image\":{\"@id\":\"https:\\\/\\\/rck.tehnicka-skola-karlovac.hr\\\/struka-i-ti\\\/razmjena-iskustava-u-uspostavi-regionalnih-centara-kompetentnosti-u-strojarstvu\\\/#primaryimage\"},\"thumbnailUrl\":\"https:\\\/\\\/rck.tehnicka-skola-karlovac.hr\\\/struka-i-ti\\\/wp-content\\\/uploads\\\/2022\\\/05\\\/struka-i-ti-1-1.jpg\",\"datePublished\":\"2022-05-20T15:15:53+00:00\",\"dateModified\":\"2022-05-23T18:04:15+00:00\",\"author\":{\"@id\":\"https:\\\/\\\/rck.tehnicka-skola-karlovac.hr\\\/struka-i-ti\\\/#\\\/schema\\\/person\\\/585031446d554a86a48d57179b6bfda1\"},\"breadcrumb\":{\"@id\":\"https:\\\/\\\/rck.tehnicka-skola-karlovac.hr\\\/struka-i-ti\\\/razmjena-iskustava-u-uspostavi-regionalnih-centara-kompetentnosti-u-strojarstvu\\\/#breadcrumb\"},\"inLanguage\":\"hr\",\"potentialAction\":[{\"@type\":\"ReadAction\",\"target\":[\"https:\\\/\\\/rck.tehnicka-skola-karlovac.hr\\\/struka-i-ti\\\/razmjena-iskustava-u-uspostavi-regionalnih-centara-kompetentnosti-u-strojarstvu\\\/\"]}]},{\"@type\":\"ImageObject\",\"inLanguage\":\"hr\",\"@id\":\"https:\\\/\\\/rck.tehnicka-skola-karlovac.hr\\\/struka-i-ti\\\/razmjena-iskustava-u-uspostavi-regionalnih-centara-kompetentnosti-u-strojarstvu\\\/#primaryimage\",\"url\":\"https:\\\/\\\/rck.tehnicka-skola-karlovac.hr\\\/struka-i-ti\\\/wp-content\\\/uploads\\\/2022\\\/05\\\/struka-i-ti-1-1.jpg\",\"contentUrl\":\"https:\\\/\\\/rck.tehnicka-skola-karlovac.hr\\\/struka-i-ti\\\/wp-content\\\/uploads\\\/2022\\\/05\\\/struka-i-ti-1-1.jpg\",\"width\":900,\"height\":600,\"caption\":\"struka i ti\"},{\"@type\":\"BreadcrumbList\",\"@id\":\"https:\\\/\\\/rck.tehnicka-skola-karlovac.hr\\\/struka-i-ti\\\/razmjena-iskustava-u-uspostavi-regionalnih-centara-kompetentnosti-u-strojarstvu\\\/#breadcrumb\",\"itemListElement\":[{\"@type\":\"ListItem\",\"position\":1,\"name\":\"Po\u010detna stranica\",\"item\":\"https:\\\/\\\/rck.tehnicka-skola-karlovac.hr\\\/struka-i-ti\\\/\"},{\"@type\":\"ListItem\",\"position\":2,\"name\":\"Razmjena iskustava u uspostavi Regionalnih centara kompetentnosti u strojarstvu\"}]},{\"@type\":\"WebSite\",\"@id\":\"https:\\\/\\\/rck.tehnicka-skola-karlovac.hr\\\/struka-i-ti\\\/#website\",\"url\":\"https:\\\/\\\/rck.tehnicka-skola-karlovac.hr\\\/struka-i-ti\\\/\",\"name\":\"STRuKA i TI\",\"description\":\"Tehni\u010dka \u0161kola Karlovac\",\"potentialAction\":[{\"@type\":\"SearchAction\",\"target\":{\"@type\":\"EntryPoint\",\"urlTemplate\":\"https:\\\/\\\/rck.tehnicka-skola-karlovac.hr\\\/struka-i-ti\\\/?s={search_term_string}\"},\"query-input\":{\"@type\":\"PropertyValueSpecification\",\"valueRequired\":true,\"valueName\":\"search_term_string\"}}],\"inLanguage\":\"hr\"},{\"@type\":\"Person\",\"@id\":\"https:\\\/\\\/rck.tehnicka-skola-karlovac.hr\\\/struka-i-ti\\\/#\\\/schema\\\/person\\\/585031446d554a86a48d57179b6bfda1\",\"name\":\"STRuKA i TI\",\"image\":{\"@type\":\"ImageObject\",\"inLanguage\":\"hr\",\"@id\":\"https:\\\/\\\/secure.gravatar.com\\\/avatar\\\/70eb0841c543fac3f70af9f48ec0107ee1c46a76f52504ab46db95419956efea?s=96&d=mm&r=g\",\"url\":\"https:\\\/\\\/secure.gravatar.com\\\/avatar\\\/70eb0841c543fac3f70af9f48ec0107ee1c46a76f52504ab46db95419956efea?s=96&d=mm&r=g\",\"contentUrl\":\"https:\\\/\\\/secure.gravatar.com\\\/avatar\\\/70eb0841c543fac3f70af9f48ec0107ee1c46a76f52504ab46db95419956efea?s=96&d=mm&r=g\",\"caption\":\"STRuKA i TI\"},\"url\":\"https:\\\/\\\/rck.tehnicka-skola-karlovac.hr\\\/struka-i-ti\\\/author\\\/rck-struka\\\/\"}]}<\/script>\n<!-- \/ Yoast SEO plugin. -->","yoast_head_json":{"title":"Razmjena iskustava u uspostavi Regionalnih centara kompetentnosti u strojarstvu - STRuKA i TI","robots":{"index":"index","follow":"follow","max-snippet":"max-snippet:-1","max-image-preview":"max-image-preview:large","max-video-preview":"max-video-preview:-1"},"canonical":"https:\/\/rck.tehnicka-skola-karlovac.hr\/struka-i-ti\/razmjena-iskustava-u-uspostavi-regionalnih-centara-kompetentnosti-u-strojarstvu\/","og_locale":"hr_HR","og_type":"article","og_title":"Razmjena iskustava u uspostavi Regionalnih centara kompetentnosti u strojarstvu - STRuKA i TI","og_description":"Dana 17.05.2022. Ustanova za obrazovanje odraslih Praxis u svojstvu partnerske organizacije odgovorne za upravljanje provedbom projekata uspostave Regionalnog centra kompetentnosti Tehni\u010dke \u0161kole Karlovac sudjelovala je u \u010cakovcu na sastanku, koje je organizirao Regionalni centar kompetentnosti Tehni\u010dke \u0161kole \u010cakovec na temu \u201eRazmjena iskustava u uspostavi RCK u strojarstu\u201c. Tom prigodom su djelatnici UOO Praxis, Sanjin Brajkovi\u0107 [&hellip;]","og_url":"https:\/\/rck.tehnicka-skola-karlovac.hr\/struka-i-ti\/razmjena-iskustava-u-uspostavi-regionalnih-centara-kompetentnosti-u-strojarstvu\/","og_site_name":"STRuKA i TI","article_published_time":"2022-05-20T15:15:53+00:00","article_modified_time":"2022-05-23T18:04:15+00:00","og_image":[{"width":1200,"height":612,"url":"https:\/\/rck.tehnicka-skola-karlovac.hr\/struka-i-ti\/wp-content\/uploads\/2022\/05\/struka-i-ti-fb.jpg","type":"image\/jpeg"}],"author":"STRuKA i TI","twitter_card":"summary_large_image","twitter_misc":{"Napisao\/la":"STRuKA i TI","Procijenjeno vrijeme \u010ditanja":"2 minute"},"schema":{"@context":"https:\/\/schema.org","@graph":[{"@type":"Article","@id":"https:\/\/rck.tehnicka-skola-karlovac.hr\/struka-i-ti\/razmjena-iskustava-u-uspostavi-regionalnih-centara-kompetentnosti-u-strojarstvu\/#article","isPartOf":{"@id":"https:\/\/rck.tehnicka-skola-karlovac.hr\/struka-i-ti\/razmjena-iskustava-u-uspostavi-regionalnih-centara-kompetentnosti-u-strojarstvu\/"},"author":{"name":"STRuKA i TI","@id":"https:\/\/rck.tehnicka-skola-karlovac.hr\/struka-i-ti\/#\/schema\/person\/585031446d554a86a48d57179b6bfda1"},"headline":"Razmjena iskustava u uspostavi Regionalnih centara kompetentnosti u strojarstvu","datePublished":"2022-05-20T15:15:53+00:00","dateModified":"2022-05-23T18:04:15+00:00","mainEntityOfPage":{"@id":"https:\/\/rck.tehnicka-skola-karlovac.hr\/struka-i-ti\/razmjena-iskustava-u-uspostavi-regionalnih-centara-kompetentnosti-u-strojarstvu\/"},"wordCount":336,"commentCount":0,"image":{"@id":"https:\/\/rck.tehnicka-skola-karlovac.hr\/struka-i-ti\/razmjena-iskustava-u-uspostavi-regionalnih-centara-kompetentnosti-u-strojarstvu\/#primaryimage"},"thumbnailUrl":"https:\/\/rck.tehnicka-skola-karlovac.hr\/struka-i-ti\/wp-content\/uploads\/2022\/05\/struka-i-ti-1-1.jpg","articleSection":["Novosti"],"inLanguage":"hr","potentialAction":[{"@type":"CommentAction","name":"Comment","target":["https:\/\/rck.tehnicka-skola-karlovac.hr\/struka-i-ti\/razmjena-iskustava-u-uspostavi-regionalnih-centara-kompetentnosti-u-strojarstvu\/#respond"]}]},{"@type":"WebPage","@id":"https:\/\/rck.tehnicka-skola-karlovac.hr\/struka-i-ti\/razmjena-iskustava-u-uspostavi-regionalnih-centara-kompetentnosti-u-strojarstvu\/","url":"https:\/\/rck.tehnicka-skola-karlovac.hr\/struka-i-ti\/razmjena-iskustava-u-uspostavi-regionalnih-centara-kompetentnosti-u-strojarstvu\/","name":"Razmjena iskustava u uspostavi Regionalnih centara kompetentnosti u strojarstvu - STRuKA i TI","isPartOf":{"@id":"https:\/\/rck.tehnicka-skola-karlovac.hr\/struka-i-ti\/#website"},"primaryImageOfPage":{"@id":"https:\/\/rck.tehnicka-skola-karlovac.hr\/struka-i-ti\/razmjena-iskustava-u-uspostavi-regionalnih-centara-kompetentnosti-u-strojarstvu\/#primaryimage"},"image":{"@id":"https:\/\/rck.tehnicka-skola-karlovac.hr\/struka-i-ti\/razmjena-iskustava-u-uspostavi-regionalnih-centara-kompetentnosti-u-strojarstvu\/#primaryimage"},"thumbnailUrl":"https:\/\/rck.tehnicka-skola-karlovac.hr\/struka-i-ti\/wp-content\/uploads\/2022\/05\/struka-i-ti-1-1.jpg","datePublished":"2022-05-20T15:15:53+00:00","dateModified":"2022-05-23T18:04:15+00:00","author":{"@id":"https:\/\/rck.tehnicka-skola-karlovac.hr\/struka-i-ti\/#\/schema\/person\/585031446d554a86a48d57179b6bfda1"},"breadcrumb":{"@id":"https:\/\/rck.tehnicka-skola-karlovac.hr\/struka-i-ti\/razmjena-iskustava-u-uspostavi-regionalnih-centara-kompetentnosti-u-strojarstvu\/#breadcrumb"},"inLanguage":"hr","potentialAction":[{"@type":"ReadAction","target":["https:\/\/rck.tehnicka-skola-karlovac.hr\/struka-i-ti\/razmjena-iskustava-u-uspostavi-regionalnih-centara-kompetentnosti-u-strojarstvu\/"]}]},{"@type":"ImageObject","inLanguage":"hr","@id":"https:\/\/rck.tehnicka-skola-karlovac.hr\/struka-i-ti\/razmjena-iskustava-u-uspostavi-regionalnih-centara-kompetentnosti-u-strojarstvu\/#primaryimage","url":"https:\/\/rck.tehnicka-skola-karlovac.hr\/struka-i-ti\/wp-content\/uploads\/2022\/05\/struka-i-ti-1-1.jpg","contentUrl":"https:\/\/rck.tehnicka-skola-karlovac.hr\/struka-i-ti\/wp-content\/uploads\/2022\/05\/struka-i-ti-1-1.jpg","width":900,"height":600,"caption":"struka i ti"},{"@type":"BreadcrumbList","@id":"https:\/\/rck.tehnicka-skola-karlovac.hr\/struka-i-ti\/razmjena-iskustava-u-uspostavi-regionalnih-centara-kompetentnosti-u-strojarstvu\/#breadcrumb","itemListElement":[{"@type":"ListItem","position":1,"name":"Po\u010detna stranica","item":"https:\/\/rck.tehnicka-skola-karlovac.hr\/struka-i-ti\/"},{"@type":"ListItem","position":2,"name":"Razmjena iskustava u uspostavi Regionalnih centara kompetentnosti u strojarstvu"}]},{"@type":"WebSite","@id":"https:\/\/rck.tehnicka-skola-karlovac.hr\/struka-i-ti\/#website","url":"https:\/\/rck.tehnicka-skola-karlovac.hr\/struka-i-ti\/","name":"STRuKA i TI","description":"Tehni\u010dka \u0161kola Karlovac","potentialAction":[{"@type":"SearchAction","target":{"@type":"EntryPoint","urlTemplate":"https:\/\/rck.tehnicka-skola-karlovac.hr\/struka-i-ti\/?s={search_term_string}"},"query-input":{"@type":"PropertyValueSpecification","valueRequired":true,"valueName":"search_term_string"}}],"inLanguage":"hr"},{"@type":"Person","@id":"https:\/\/rck.tehnicka-skola-karlovac.hr\/struka-i-ti\/#\/schema\/person\/585031446d554a86a48d57179b6bfda1","name":"STRuKA i TI","image":{"@type":"ImageObject","inLanguage":"hr","@id":"https:\/\/secure.gravatar.com\/avatar\/70eb0841c543fac3f70af9f48ec0107ee1c46a76f52504ab46db95419956efea?s=96&d=mm&r=g","url":"https:\/\/secure.gravatar.com\/avatar\/70eb0841c543fac3f70af9f48ec0107ee1c46a76f52504ab46db95419956efea?s=96&d=mm&r=g","contentUrl":"https:\/\/secure.gravatar.com\/avatar\/70eb0841c543fac3f70af9f48ec0107ee1c46a76f52504ab46db95419956efea?s=96&d=mm&r=g","caption":"STRuKA i TI"},"url":"https:\/\/rck.tehnicka-skola-karlovac.hr\/struka-i-ti\/author\/rck-struka\/"}]}},"_links":{"self":[{"href":"https:\/\/rck.tehnicka-skola-karlovac.hr\/struka-i-ti\/wp-json\/wp\/v2\/posts\/770","targetHints":{"allow":["GET"]}}],"collection":[{"href":"https:\/\/rck.tehnicka-skola-karlovac.hr\/struka-i-ti\/wp-json\/wp\/v2\/posts"}],"about":[{"href":"https:\/\/rck.tehnicka-skola-karlovac.hr\/struka-i-ti\/wp-json\/wp\/v2\/types\/post"}],"author":[{"embeddable":true,"href":"https:\/\/rck.tehnicka-skola-karlovac.hr\/struka-i-ti\/wp-json\/wp\/v2\/users\/4"}],"replies":[{"embeddable":true,"href":"https:\/\/rck.tehnicka-skola-karlovac.hr\/struka-i-ti\/wp-json\/wp\/v2\/comments?post=770"}],"version-history":[{"count":3,"href":"https:\/\/rck.tehnicka-skola-karlovac.hr\/struka-i-ti\/wp-json\/wp\/v2\/posts\/770\/revisions"}],"predecessor-version":[{"id":788,"href":"https:\/\/rck.tehnicka-skola-karlovac.hr\/struka-i-ti\/wp-json\/wp\/v2\/posts\/770\/revisions\/788"}],"wp:featuredmedia":[{"embeddable":true,"href":"https:\/\/rck.tehnicka-skola-karlovac.hr\/struka-i-ti\/wp-json\/wp\/v2\/media\/786"}],"wp:attachment":[{"href":"https:\/\/rck.tehnicka-skola-karlovac.hr\/struka-i-ti\/wp-json\/wp\/v2\/media?parent=770"}],"wp:term":[{"taxonomy":"category","embeddable":true,"href":"https:\/\/rck.tehnicka-skola-karlovac.hr\/struka-i-ti\/wp-json\/wp\/v2\/categories?post=770"},{"taxonomy":"post_tag","embeddable":true,"href":"https:\/\/rck.tehnicka-skola-karlovac.hr\/struka-i-ti\/wp-json\/wp\/v2\/tags?post=770"}],"curies":[{"name":"wp","href":"https:\/\/api.w.org\/{rel}","templated":true}]}}