{"id":841,"date":"2022-07-01T15:02:52","date_gmt":"2022-07-01T13:02:52","guid":{"rendered":"https:\/\/rck.tehnicka-skola-karlovac.hr\/struka-i-ti\/?p=841"},"modified":"2022-07-26T15:14:45","modified_gmt":"2022-07-26T13:14:45","slug":"izrada-standarda-zanimanja-standarda-kvalifikacije-te-razvoj-novog-kurikuluma","status":"publish","type":"post","link":"https:\/\/rck.tehnicka-skola-karlovac.hr\/struka-i-ti\/izrada-standarda-zanimanja-standarda-kvalifikacije-te-razvoj-novog-kurikuluma\/","title":{"rendered":"Izrada standarda zanimanja, standarda kvalifikacije te razvoj novog kurikuluma"},"content":{"rendered":"<p>U okviru projekta \u201eSTRuKA i TI\u201c koji se odnosi na uspostavu organizacijskih i programskih uvjeta Regionalnog centra kompetentnosti Tehni\u010dke \u0161kole Karlovac u sektoru strojarstva, krenule su klju\u010dne aktivnosti projekta vezane uz razvoj standarda zanimanja, standarda kvalifikacije i razvoja novih kurikuluma.<\/p>\n<p>U suradnji sa Obrtni\u010dkim u\u010dili\u0161tem iz Zagreba, provode se radionice u okviru kojih \u0107e se razviti novi standard zanimanja u podru\u010dju odr\u017eavanja numeri\u010dki upravljanih alatnih strojeva i ure\u0111aja. Jedan od glavnih ciljeva projekta STRuKA i TI je uskla\u0111ivanje znanja i vje\u0161tina u\u010denika kao budu\u0107ih radnika sa potrebama tr\u017ei\u0161ta rada i gospodarstva. Stoga je, ova aktivnost kroz radnu skupinu okupila stru\u010dnjake iz sektora strojarstva. Rije\u010d je o nastavnicima struke iz Tehni\u010dke \u0161kole Karlovac, poslodavcima i visokim u\u010dili\u0161tima partnerima na projektu.<\/p>\n<p>Suradnja svih navedenih dionika osigurava razvoj programa kreiranih za provedbu u\u010denja temeljenog na radu i \u0161to kvalitetnijeg upo\u0161ljavanja po zavr\u0161etku obrazovnog procesa kao i horizontalnu i vertikalnu prohodnost kroz obrazovni sustav i tr\u017ei\u0161te rada. Sastanci se odr\u017eavaju na mjese\u010dnoj razini u kombinaciji u\u017eivo i online obliku. \u010clanovi radnih skupina redovito sudjeluju na sastancima i vrijedno rade na izradi SZ i SK.<\/p>\n<p>Projekt se provodi u okviru Operativnog programa U\u010dinkoviti ljudski potencijali 2014. \u2013 2020., a temeljem poziva \u201eUspostava regionalnih centara kompetentnosti u strukovnom obrazovanju u (pod)sektorima: strojarstvo, elektrotehnika i ra\u010dunalstvo, poljoprivreda i zdravstvo. Ukupna vrijednost projekta STRuKA i TI iznosi 27.623.493,09 HRK kuna i sufinancira se iz Europskog socijalnog fonda.<\/p>\n<p>&nbsp;<\/p>\n<p style=\"text-align: left;\"><img loading=\"lazy\" decoding=\"async\" class=\"aligncenter wp-image-845\" src=\"https:\/\/rck.tehnicka-skola-karlovac.hr\/struka-i-ti\/wp-content\/uploads\/2022\/07\/20220608_111105-1024x1024.jpg\" alt=\"\" width=\"600\" height=\"600\" \/><\/p>\n<p style=\"text-align: left;\"><img loading=\"lazy\" decoding=\"async\" class=\"aligncenter wp-image-846\" src=\"https:\/\/rck.tehnicka-skola-karlovac.hr\/struka-i-ti\/wp-content\/uploads\/2022\/07\/20220608_112915-scaled.jpg\" alt=\"\" width=\"600\" height=\"600\" \/><\/p>\n<p style=\"text-align: left;\"><img loading=\"lazy\" decoding=\"async\" class=\"aligncenter wp-image-847\" src=\"https:\/\/rck.tehnicka-skola-karlovac.hr\/struka-i-ti\/wp-content\/uploads\/2022\/07\/20220608_115633-scaled.jpg\" alt=\"\" width=\"600\" height=\"600\" \/><\/p>\n<p style=\"text-align: left;\">\n","protected":false},"excerpt":{"rendered":"<p>U okviru projekta \u201eSTRuKA i TI\u201c koji se odnosi na uspostavu organizacijskih i programskih uvjeta Regionalnog centra kompetentnosti Tehni\u010dke \u0161kole Karlovac u sektoru strojarstva, krenule su klju\u010dne aktivnosti projekta vezane uz razvoj standarda zanimanja, standarda kvalifikacije i razvoja novih kurikuluma. U suradnji sa Obrtni\u010dkim u\u010dili\u0161tem iz Zagreba, provode se radionice u okviru kojih \u0107e se [&hellip;]<\/p>\n","protected":false},"author":4,"featured_media":847,"comment_status":"open","ping_status":"open","sticky":false,"template":"","format":"standard","meta":{"_et_pb_use_builder":"","_et_pb_old_content":"","_et_gb_content_width":"","footnotes":""},"categories":[1],"tags":[],"class_list":["post-841","post","type-post","status-publish","format-standard","has-post-thumbnail","hentry","category-novosti"],"yoast_head":"<!-- This site is optimized with the Yoast SEO plugin v27.3 - https:\/\/yoast.com\/product\/yoast-seo-wordpress\/ -->\n<title>Izrada standarda zanimanja, standarda kvalifikacije te razvoj novog kurikuluma - STRuKA i TI<\/title>\n<meta name=\"robots\" content=\"index, follow, max-snippet:-1, max-image-preview:large, max-video-preview:-1\" \/>\n<link rel=\"canonical\" href=\"https:\/\/rck.tehnicka-skola-karlovac.hr\/struka-i-ti\/izrada-standarda-zanimanja-standarda-kvalifikacije-te-razvoj-novog-kurikuluma\/\" \/>\n<meta property=\"og:locale\" content=\"hr_HR\" \/>\n<meta property=\"og:type\" content=\"article\" \/>\n<meta property=\"og:title\" content=\"Izrada standarda zanimanja, standarda kvalifikacije te razvoj novog kurikuluma - STRuKA i TI\" \/>\n<meta property=\"og:description\" content=\"U okviru projekta \u201eSTRuKA i TI\u201c koji se odnosi na uspostavu organizacijskih i programskih uvjeta Regionalnog centra kompetentnosti Tehni\u010dke \u0161kole Karlovac u sektoru strojarstva, krenule su klju\u010dne aktivnosti projekta vezane uz razvoj standarda zanimanja, standarda kvalifikacije i razvoja novih kurikuluma. U suradnji sa Obrtni\u010dkim u\u010dili\u0161tem iz Zagreba, provode se radionice u okviru kojih \u0107e se [&hellip;]\" \/>\n<meta property=\"og:url\" content=\"https:\/\/rck.tehnicka-skola-karlovac.hr\/struka-i-ti\/izrada-standarda-zanimanja-standarda-kvalifikacije-te-razvoj-novog-kurikuluma\/\" \/>\n<meta property=\"og:site_name\" content=\"STRuKA i TI\" \/>\n<meta property=\"article:published_time\" content=\"2022-07-01T13:02:52+00:00\" \/>\n<meta property=\"article:modified_time\" content=\"2022-07-26T13:14:45+00:00\" \/>\n<meta property=\"og:image\" content=\"https:\/\/rck.tehnicka-skola-karlovac.hr\/struka-i-ti\/wp-content\/uploads\/2022\/07\/20220608_115633-scaled.jpg\" \/>\n\t<meta property=\"og:image:width\" content=\"2560\" \/>\n\t<meta property=\"og:image:height\" content=\"2560\" \/>\n\t<meta property=\"og:image:type\" content=\"image\/jpeg\" \/>\n<meta name=\"author\" content=\"STRuKA i TI\" \/>\n<meta name=\"twitter:card\" content=\"summary_large_image\" \/>\n<meta name=\"twitter:label1\" content=\"Napisao\/la\" \/>\n\t<meta name=\"twitter:data1\" content=\"STRuKA i TI\" \/>\n\t<meta name=\"twitter:label2\" content=\"Procijenjeno vrijeme \u010ditanja\" \/>\n\t<meta name=\"twitter:data2\" content=\"2 minute\" \/>\n<script type=\"application\/ld+json\" class=\"yoast-schema-graph\">{\"@context\":\"https:\\\/\\\/schema.org\",\"@graph\":[{\"@type\":\"Article\",\"@id\":\"https:\\\/\\\/rck.tehnicka-skola-karlovac.hr\\\/struka-i-ti\\\/izrada-standarda-zanimanja-standarda-kvalifikacije-te-razvoj-novog-kurikuluma\\\/#article\",\"isPartOf\":{\"@id\":\"https:\\\/\\\/rck.tehnicka-skola-karlovac.hr\\\/struka-i-ti\\\/izrada-standarda-zanimanja-standarda-kvalifikacije-te-razvoj-novog-kurikuluma\\\/\"},\"author\":{\"name\":\"STRuKA i TI\",\"@id\":\"https:\\\/\\\/rck.tehnicka-skola-karlovac.hr\\\/struka-i-ti\\\/#\\\/schema\\\/person\\\/585031446d554a86a48d57179b6bfda1\"},\"headline\":\"Izrada standarda zanimanja, standarda kvalifikacije te razvoj novog kurikuluma\",\"datePublished\":\"2022-07-01T13:02:52+00:00\",\"dateModified\":\"2022-07-26T13:14:45+00:00\",\"mainEntityOfPage\":{\"@id\":\"https:\\\/\\\/rck.tehnicka-skola-karlovac.hr\\\/struka-i-ti\\\/izrada-standarda-zanimanja-standarda-kvalifikacije-te-razvoj-novog-kurikuluma\\\/\"},\"wordCount\":265,\"commentCount\":0,\"image\":{\"@id\":\"https:\\\/\\\/rck.tehnicka-skola-karlovac.hr\\\/struka-i-ti\\\/izrada-standarda-zanimanja-standarda-kvalifikacije-te-razvoj-novog-kurikuluma\\\/#primaryimage\"},\"thumbnailUrl\":\"https:\\\/\\\/rck.tehnicka-skola-karlovac.hr\\\/struka-i-ti\\\/wp-content\\\/uploads\\\/2022\\\/07\\\/20220608_115633-scaled.jpg\",\"articleSection\":[\"Novosti\"],\"inLanguage\":\"hr\",\"potentialAction\":[{\"@type\":\"CommentAction\",\"name\":\"Comment\",\"target\":[\"https:\\\/\\\/rck.tehnicka-skola-karlovac.hr\\\/struka-i-ti\\\/izrada-standarda-zanimanja-standarda-kvalifikacije-te-razvoj-novog-kurikuluma\\\/#respond\"]}]},{\"@type\":\"WebPage\",\"@id\":\"https:\\\/\\\/rck.tehnicka-skola-karlovac.hr\\\/struka-i-ti\\\/izrada-standarda-zanimanja-standarda-kvalifikacije-te-razvoj-novog-kurikuluma\\\/\",\"url\":\"https:\\\/\\\/rck.tehnicka-skola-karlovac.hr\\\/struka-i-ti\\\/izrada-standarda-zanimanja-standarda-kvalifikacije-te-razvoj-novog-kurikuluma\\\/\",\"name\":\"Izrada standarda zanimanja, standarda kvalifikacije te razvoj novog kurikuluma - STRuKA i TI\",\"isPartOf\":{\"@id\":\"https:\\\/\\\/rck.tehnicka-skola-karlovac.hr\\\/struka-i-ti\\\/#website\"},\"primaryImageOfPage\":{\"@id\":\"https:\\\/\\\/rck.tehnicka-skola-karlovac.hr\\\/struka-i-ti\\\/izrada-standarda-zanimanja-standarda-kvalifikacije-te-razvoj-novog-kurikuluma\\\/#primaryimage\"},\"image\":{\"@id\":\"https:\\\/\\\/rck.tehnicka-skola-karlovac.hr\\\/struka-i-ti\\\/izrada-standarda-zanimanja-standarda-kvalifikacije-te-razvoj-novog-kurikuluma\\\/#primaryimage\"},\"thumbnailUrl\":\"https:\\\/\\\/rck.tehnicka-skola-karlovac.hr\\\/struka-i-ti\\\/wp-content\\\/uploads\\\/2022\\\/07\\\/20220608_115633-scaled.jpg\",\"datePublished\":\"2022-07-01T13:02:52+00:00\",\"dateModified\":\"2022-07-26T13:14:45+00:00\",\"author\":{\"@id\":\"https:\\\/\\\/rck.tehnicka-skola-karlovac.hr\\\/struka-i-ti\\\/#\\\/schema\\\/person\\\/585031446d554a86a48d57179b6bfda1\"},\"breadcrumb\":{\"@id\":\"https:\\\/\\\/rck.tehnicka-skola-karlovac.hr\\\/struka-i-ti\\\/izrada-standarda-zanimanja-standarda-kvalifikacije-te-razvoj-novog-kurikuluma\\\/#breadcrumb\"},\"inLanguage\":\"hr\",\"potentialAction\":[{\"@type\":\"ReadAction\",\"target\":[\"https:\\\/\\\/rck.tehnicka-skola-karlovac.hr\\\/struka-i-ti\\\/izrada-standarda-zanimanja-standarda-kvalifikacije-te-razvoj-novog-kurikuluma\\\/\"]}]},{\"@type\":\"ImageObject\",\"inLanguage\":\"hr\",\"@id\":\"https:\\\/\\\/rck.tehnicka-skola-karlovac.hr\\\/struka-i-ti\\\/izrada-standarda-zanimanja-standarda-kvalifikacije-te-razvoj-novog-kurikuluma\\\/#primaryimage\",\"url\":\"https:\\\/\\\/rck.tehnicka-skola-karlovac.hr\\\/struka-i-ti\\\/wp-content\\\/uploads\\\/2022\\\/07\\\/20220608_115633-scaled.jpg\",\"contentUrl\":\"https:\\\/\\\/rck.tehnicka-skola-karlovac.hr\\\/struka-i-ti\\\/wp-content\\\/uploads\\\/2022\\\/07\\\/20220608_115633-scaled.jpg\",\"width\":2560,\"height\":2560},{\"@type\":\"BreadcrumbList\",\"@id\":\"https:\\\/\\\/rck.tehnicka-skola-karlovac.hr\\\/struka-i-ti\\\/izrada-standarda-zanimanja-standarda-kvalifikacije-te-razvoj-novog-kurikuluma\\\/#breadcrumb\",\"itemListElement\":[{\"@type\":\"ListItem\",\"position\":1,\"name\":\"Po\u010detna stranica\",\"item\":\"https:\\\/\\\/rck.tehnicka-skola-karlovac.hr\\\/struka-i-ti\\\/\"},{\"@type\":\"ListItem\",\"position\":2,\"name\":\"Izrada standarda zanimanja, standarda kvalifikacije te razvoj novog kurikuluma\"}]},{\"@type\":\"WebSite\",\"@id\":\"https:\\\/\\\/rck.tehnicka-skola-karlovac.hr\\\/struka-i-ti\\\/#website\",\"url\":\"https:\\\/\\\/rck.tehnicka-skola-karlovac.hr\\\/struka-i-ti\\\/\",\"name\":\"STRuKA i TI\",\"description\":\"Tehni\u010dka \u0161kola Karlovac\",\"potentialAction\":[{\"@type\":\"SearchAction\",\"target\":{\"@type\":\"EntryPoint\",\"urlTemplate\":\"https:\\\/\\\/rck.tehnicka-skola-karlovac.hr\\\/struka-i-ti\\\/?s={search_term_string}\"},\"query-input\":{\"@type\":\"PropertyValueSpecification\",\"valueRequired\":true,\"valueName\":\"search_term_string\"}}],\"inLanguage\":\"hr\"},{\"@type\":\"Person\",\"@id\":\"https:\\\/\\\/rck.tehnicka-skola-karlovac.hr\\\/struka-i-ti\\\/#\\\/schema\\\/person\\\/585031446d554a86a48d57179b6bfda1\",\"name\":\"STRuKA i TI\",\"image\":{\"@type\":\"ImageObject\",\"inLanguage\":\"hr\",\"@id\":\"https:\\\/\\\/secure.gravatar.com\\\/avatar\\\/70eb0841c543fac3f70af9f48ec0107ee1c46a76f52504ab46db95419956efea?s=96&d=mm&r=g\",\"url\":\"https:\\\/\\\/secure.gravatar.com\\\/avatar\\\/70eb0841c543fac3f70af9f48ec0107ee1c46a76f52504ab46db95419956efea?s=96&d=mm&r=g\",\"contentUrl\":\"https:\\\/\\\/secure.gravatar.com\\\/avatar\\\/70eb0841c543fac3f70af9f48ec0107ee1c46a76f52504ab46db95419956efea?s=96&d=mm&r=g\",\"caption\":\"STRuKA i TI\"},\"url\":\"https:\\\/\\\/rck.tehnicka-skola-karlovac.hr\\\/struka-i-ti\\\/author\\\/rck-struka\\\/\"}]}<\/script>\n<!-- \/ Yoast SEO plugin. -->","yoast_head_json":{"title":"Izrada standarda zanimanja, standarda kvalifikacije te razvoj novog kurikuluma - STRuKA i TI","robots":{"index":"index","follow":"follow","max-snippet":"max-snippet:-1","max-image-preview":"max-image-preview:large","max-video-preview":"max-video-preview:-1"},"canonical":"https:\/\/rck.tehnicka-skola-karlovac.hr\/struka-i-ti\/izrada-standarda-zanimanja-standarda-kvalifikacije-te-razvoj-novog-kurikuluma\/","og_locale":"hr_HR","og_type":"article","og_title":"Izrada standarda zanimanja, standarda kvalifikacije te razvoj novog kurikuluma - STRuKA i TI","og_description":"U okviru projekta \u201eSTRuKA i TI\u201c koji se odnosi na uspostavu organizacijskih i programskih uvjeta Regionalnog centra kompetentnosti Tehni\u010dke \u0161kole Karlovac u sektoru strojarstva, krenule su klju\u010dne aktivnosti projekta vezane uz razvoj standarda zanimanja, standarda kvalifikacije i razvoja novih kurikuluma. U suradnji sa Obrtni\u010dkim u\u010dili\u0161tem iz Zagreba, provode se radionice u okviru kojih \u0107e se [&hellip;]","og_url":"https:\/\/rck.tehnicka-skola-karlovac.hr\/struka-i-ti\/izrada-standarda-zanimanja-standarda-kvalifikacije-te-razvoj-novog-kurikuluma\/","og_site_name":"STRuKA i TI","article_published_time":"2022-07-01T13:02:52+00:00","article_modified_time":"2022-07-26T13:14:45+00:00","og_image":[{"width":2560,"height":2560,"url":"https:\/\/rck.tehnicka-skola-karlovac.hr\/struka-i-ti\/wp-content\/uploads\/2022\/07\/20220608_115633-scaled.jpg","type":"image\/jpeg"}],"author":"STRuKA i TI","twitter_card":"summary_large_image","twitter_misc":{"Napisao\/la":"STRuKA i TI","Procijenjeno vrijeme \u010ditanja":"2 minute"},"schema":{"@context":"https:\/\/schema.org","@graph":[{"@type":"Article","@id":"https:\/\/rck.tehnicka-skola-karlovac.hr\/struka-i-ti\/izrada-standarda-zanimanja-standarda-kvalifikacije-te-razvoj-novog-kurikuluma\/#article","isPartOf":{"@id":"https:\/\/rck.tehnicka-skola-karlovac.hr\/struka-i-ti\/izrada-standarda-zanimanja-standarda-kvalifikacije-te-razvoj-novog-kurikuluma\/"},"author":{"name":"STRuKA i TI","@id":"https:\/\/rck.tehnicka-skola-karlovac.hr\/struka-i-ti\/#\/schema\/person\/585031446d554a86a48d57179b6bfda1"},"headline":"Izrada standarda zanimanja, standarda kvalifikacije te razvoj novog kurikuluma","datePublished":"2022-07-01T13:02:52+00:00","dateModified":"2022-07-26T13:14:45+00:00","mainEntityOfPage":{"@id":"https:\/\/rck.tehnicka-skola-karlovac.hr\/struka-i-ti\/izrada-standarda-zanimanja-standarda-kvalifikacije-te-razvoj-novog-kurikuluma\/"},"wordCount":265,"commentCount":0,"image":{"@id":"https:\/\/rck.tehnicka-skola-karlovac.hr\/struka-i-ti\/izrada-standarda-zanimanja-standarda-kvalifikacije-te-razvoj-novog-kurikuluma\/#primaryimage"},"thumbnailUrl":"https:\/\/rck.tehnicka-skola-karlovac.hr\/struka-i-ti\/wp-content\/uploads\/2022\/07\/20220608_115633-scaled.jpg","articleSection":["Novosti"],"inLanguage":"hr","potentialAction":[{"@type":"CommentAction","name":"Comment","target":["https:\/\/rck.tehnicka-skola-karlovac.hr\/struka-i-ti\/izrada-standarda-zanimanja-standarda-kvalifikacije-te-razvoj-novog-kurikuluma\/#respond"]}]},{"@type":"WebPage","@id":"https:\/\/rck.tehnicka-skola-karlovac.hr\/struka-i-ti\/izrada-standarda-zanimanja-standarda-kvalifikacije-te-razvoj-novog-kurikuluma\/","url":"https:\/\/rck.tehnicka-skola-karlovac.hr\/struka-i-ti\/izrada-standarda-zanimanja-standarda-kvalifikacije-te-razvoj-novog-kurikuluma\/","name":"Izrada standarda zanimanja, standarda kvalifikacije te razvoj novog kurikuluma - STRuKA i TI","isPartOf":{"@id":"https:\/\/rck.tehnicka-skola-karlovac.hr\/struka-i-ti\/#website"},"primaryImageOfPage":{"@id":"https:\/\/rck.tehnicka-skola-karlovac.hr\/struka-i-ti\/izrada-standarda-zanimanja-standarda-kvalifikacije-te-razvoj-novog-kurikuluma\/#primaryimage"},"image":{"@id":"https:\/\/rck.tehnicka-skola-karlovac.hr\/struka-i-ti\/izrada-standarda-zanimanja-standarda-kvalifikacije-te-razvoj-novog-kurikuluma\/#primaryimage"},"thumbnailUrl":"https:\/\/rck.tehnicka-skola-karlovac.hr\/struka-i-ti\/wp-content\/uploads\/2022\/07\/20220608_115633-scaled.jpg","datePublished":"2022-07-01T13:02:52+00:00","dateModified":"2022-07-26T13:14:45+00:00","author":{"@id":"https:\/\/rck.tehnicka-skola-karlovac.hr\/struka-i-ti\/#\/schema\/person\/585031446d554a86a48d57179b6bfda1"},"breadcrumb":{"@id":"https:\/\/rck.tehnicka-skola-karlovac.hr\/struka-i-ti\/izrada-standarda-zanimanja-standarda-kvalifikacije-te-razvoj-novog-kurikuluma\/#breadcrumb"},"inLanguage":"hr","potentialAction":[{"@type":"ReadAction","target":["https:\/\/rck.tehnicka-skola-karlovac.hr\/struka-i-ti\/izrada-standarda-zanimanja-standarda-kvalifikacije-te-razvoj-novog-kurikuluma\/"]}]},{"@type":"ImageObject","inLanguage":"hr","@id":"https:\/\/rck.tehnicka-skola-karlovac.hr\/struka-i-ti\/izrada-standarda-zanimanja-standarda-kvalifikacije-te-razvoj-novog-kurikuluma\/#primaryimage","url":"https:\/\/rck.tehnicka-skola-karlovac.hr\/struka-i-ti\/wp-content\/uploads\/2022\/07\/20220608_115633-scaled.jpg","contentUrl":"https:\/\/rck.tehnicka-skola-karlovac.hr\/struka-i-ti\/wp-content\/uploads\/2022\/07\/20220608_115633-scaled.jpg","width":2560,"height":2560},{"@type":"BreadcrumbList","@id":"https:\/\/rck.tehnicka-skola-karlovac.hr\/struka-i-ti\/izrada-standarda-zanimanja-standarda-kvalifikacije-te-razvoj-novog-kurikuluma\/#breadcrumb","itemListElement":[{"@type":"ListItem","position":1,"name":"Po\u010detna stranica","item":"https:\/\/rck.tehnicka-skola-karlovac.hr\/struka-i-ti\/"},{"@type":"ListItem","position":2,"name":"Izrada standarda zanimanja, standarda kvalifikacije te razvoj novog kurikuluma"}]},{"@type":"WebSite","@id":"https:\/\/rck.tehnicka-skola-karlovac.hr\/struka-i-ti\/#website","url":"https:\/\/rck.tehnicka-skola-karlovac.hr\/struka-i-ti\/","name":"STRuKA i TI","description":"Tehni\u010dka \u0161kola Karlovac","potentialAction":[{"@type":"SearchAction","target":{"@type":"EntryPoint","urlTemplate":"https:\/\/rck.tehnicka-skola-karlovac.hr\/struka-i-ti\/?s={search_term_string}"},"query-input":{"@type":"PropertyValueSpecification","valueRequired":true,"valueName":"search_term_string"}}],"inLanguage":"hr"},{"@type":"Person","@id":"https:\/\/rck.tehnicka-skola-karlovac.hr\/struka-i-ti\/#\/schema\/person\/585031446d554a86a48d57179b6bfda1","name":"STRuKA i TI","image":{"@type":"ImageObject","inLanguage":"hr","@id":"https:\/\/secure.gravatar.com\/avatar\/70eb0841c543fac3f70af9f48ec0107ee1c46a76f52504ab46db95419956efea?s=96&d=mm&r=g","url":"https:\/\/secure.gravatar.com\/avatar\/70eb0841c543fac3f70af9f48ec0107ee1c46a76f52504ab46db95419956efea?s=96&d=mm&r=g","contentUrl":"https:\/\/secure.gravatar.com\/avatar\/70eb0841c543fac3f70af9f48ec0107ee1c46a76f52504ab46db95419956efea?s=96&d=mm&r=g","caption":"STRuKA i TI"},"url":"https:\/\/rck.tehnicka-skola-karlovac.hr\/struka-i-ti\/author\/rck-struka\/"}]}},"_links":{"self":[{"href":"https:\/\/rck.tehnicka-skola-karlovac.hr\/struka-i-ti\/wp-json\/wp\/v2\/posts\/841","targetHints":{"allow":["GET"]}}],"collection":[{"href":"https:\/\/rck.tehnicka-skola-karlovac.hr\/struka-i-ti\/wp-json\/wp\/v2\/posts"}],"about":[{"href":"https:\/\/rck.tehnicka-skola-karlovac.hr\/struka-i-ti\/wp-json\/wp\/v2\/types\/post"}],"author":[{"embeddable":true,"href":"https:\/\/rck.tehnicka-skola-karlovac.hr\/struka-i-ti\/wp-json\/wp\/v2\/users\/4"}],"replies":[{"embeddable":true,"href":"https:\/\/rck.tehnicka-skola-karlovac.hr\/struka-i-ti\/wp-json\/wp\/v2\/comments?post=841"}],"version-history":[{"count":3,"href":"https:\/\/rck.tehnicka-skola-karlovac.hr\/struka-i-ti\/wp-json\/wp\/v2\/posts\/841\/revisions"}],"predecessor-version":[{"id":849,"href":"https:\/\/rck.tehnicka-skola-karlovac.hr\/struka-i-ti\/wp-json\/wp\/v2\/posts\/841\/revisions\/849"}],"wp:featuredmedia":[{"embeddable":true,"href":"https:\/\/rck.tehnicka-skola-karlovac.hr\/struka-i-ti\/wp-json\/wp\/v2\/media\/847"}],"wp:attachment":[{"href":"https:\/\/rck.tehnicka-skola-karlovac.hr\/struka-i-ti\/wp-json\/wp\/v2\/media?parent=841"}],"wp:term":[{"taxonomy":"category","embeddable":true,"href":"https:\/\/rck.tehnicka-skola-karlovac.hr\/struka-i-ti\/wp-json\/wp\/v2\/categories?post=841"},{"taxonomy":"post_tag","embeddable":true,"href":"https:\/\/rck.tehnicka-skola-karlovac.hr\/struka-i-ti\/wp-json\/wp\/v2\/tags?post=841"}],"curies":[{"name":"wp","href":"https:\/\/api.w.org\/{rel}","templated":true}]}}