{"id":896,"date":"2022-11-23T12:21:34","date_gmt":"2022-11-23T11:21:34","guid":{"rendered":"https:\/\/rck.tehnicka-skola-karlovac.hr\/struka-i-ti\/?p=896"},"modified":"2022-12-13T12:51:02","modified_gmt":"2022-12-13T11:51:02","slug":"odrzano-studijsko-putovanje-u-svicarsku","status":"publish","type":"post","link":"https:\/\/rck.tehnicka-skola-karlovac.hr\/struka-i-ti\/odrzano-studijsko-putovanje-u-svicarsku\/","title":{"rendered":"Odr\u017eano studijsko putovanje u \u0160vicarsku"},"content":{"rendered":"<p>U razdoblju od 14.-17.11.2022. godine u sklopu projekta &#8220;STRuKA i TI&#8221; odr\u017eano je studijsko putovanje u \u0160vicarsku. Na studijskom putovanju sudjelovali su nastavnici ispred Tehni\u010dke \u0161kole Karlovac, partnerskih \u0161kola na projektu iz Obrtni\u010dke i tehni\u010dke \u0161kole Ogulin, Strukovne \u0161kole Gospi\u0107, Tehni\u010dke \u0161kole Po\u017eega, Srednje \u0161kole Slunj te ispred predstavnika gospodarstvenika iz HS Produkta i DW Reusablesa.<\/p>\n<p>Studijsko putovanje obuhva\u0107alo je posjet u CERN-u, jednome od najve\u0107ih me\u0111unarodnih institucija za nuklearna istra\u017eivanja te SFUVET-u (Swiss Federal university for Vocational Education and Training SFUVET) organizaciji koja se bavi strukovnim obrazovanjem i osposobljavanjem.<\/p>\n<p><strong>Posjet Znanstvenom laboratoriju CERN<\/strong><\/p>\n<p>Tijekom posjete sudionici su se upoznati sa povije\u0161\u0107u, dinamikom razvoja, va\u017enijim otkri\u0107ima, na\u010dinom financiranja i dinamikom rada i istra\u017eivanja. Upoznali su se i sa tehni\u010dkim \u010dinjenicama samog laboratorija, na\u010dinom i vrstom izvo\u0111enja eksperimenata, te kasnijom obradom i analizom prikupljenih podataka. Posjet je obuhva\u0107ao i dijelove laboratorija gdje su se mogli vidjeti ili stvarni dijelovi ili makete opreme koja se koristi u istra\u017eivanjima, \u0161to je bilo posebno interesantno. Vidjeli su i same znanstvenike dok izvode svakodnevna istra\u017eivanja. Vodi\u010di su omogu\u0107ili da i sami kroz pitanja dobiju informacije koje njihova predavanja mo\u017eda nisu obuhvatila, a za njih su pokazali zanimanje.<\/p>\n<p>Sam posjet najve\u0107em laboratoriju takve vrste na svijetu je sam po sebi izuzetno poticajan za dalji rad. Prvenstveno, jer se vidi najmodernija oprema i zadnja postignu\u0107a u znanosti. Ono \u0161to su sudionici studijskog putovanja tamo nau\u010dili mo\u017ee se primijeniti u osuvremenjivanju rada u \u0161koli, pra\u0107enjem zadnjih postignu\u0107a u znanosti ili primjenom novih metoda u nastavi, teorijskoj i prakti\u010dnoj. Posjet je i vi\u0161e nego ispunio o\u010dekivanja, \u0161to zbog samih vodi\u010da i kolega koji rade u laboratoriju, a posebno zbog uvida u opremu kojom raspola\u017eu. Dobiven je uvid u znanstveni rad na najvi\u0161em nivou kao cilj kojemu treba te\u017eiti svaki obrazovni proces i nastavnik koji radi u toj struci.<\/p>\n<p><strong>Posjet SVUFET-u ((Swiss Federal university for Vocational Education and Training SFUVET)<\/strong><\/p>\n<p>Posjetom SFUVET-u dobio se detaljan uvid u to kako je organizirano obrazovanje u \u0160vicarskoj. Posjet je sve upoznao sa izgledom obrazovanja u \u0160vicarskoj koji ima mnogo pozitivnih i dobrih osobina. Dobiven je uvid u vertikalu obrazovanja, upoznat je na\u010din kako se u\u010denici opredjeljuju za svoje budu\u0107e zanimanje, na\u010din na koji se provode ispiti na kraju srednjo\u0161kolskog obrazovanja i izbora budu\u0107ih zanimanja, te kako su povezani dru\u0161tvo, industrija i obrazovne institucije. Tako\u0111er, upoznat je i proces \u0161kolovanja samih nastavnika u \u0160vicarskoj, te kakva je njegova uloga i zada\u0107e u samom procesu obrazovanja. Predo\u010dene su statisti\u010dke \u010dinjenice i podaci vezani uz obrazovanje. Naglasak je stavljen na upoznavanje sa strukovnim obrazovanjem koje ima svoj posebni model, a \u0161to je bilo posebno interesantno.<\/p>\n<p>Upoznati model obrazovanja koji funkcionira gotovo besprijekorno, posebice jer postoji stalna komunikacija izme\u0111u obrazovnih institucija i ostalih dijelova dru\u0161tva. Kao rezultat toga javlja se i manja nezaposlenost, a svi sudionici imaju interes da izvuku najvi\u0161e iz obrazovnog procesa. Informacije i iskustvo koje su sudionici stekli uvelike \u0107e pomo\u0107i kod planiranja, provo\u0111enja, organiziranja i promjena u nastavnim sadr\u017eajima i samom izvo\u0111enju nastave.<\/p>\n<p><img loading=\"lazy\" decoding=\"async\" class=\"aligncenter wp-image-898 size-large\" src=\"https:\/\/rck.tehnicka-skola-karlovac.hr\/struka-i-ti\/wp-content\/uploads\/2022\/11\/Svicarska-7-1024x768.jpg\" alt=\"\" width=\"1024\" height=\"768\" \/><\/p>\n<p><img loading=\"lazy\" decoding=\"async\" class=\"aligncenter wp-image-899 size-large\" src=\"https:\/\/rck.tehnicka-skola-karlovac.hr\/struka-i-ti\/wp-content\/uploads\/2022\/11\/Svicarska-13-1024x768.jpg\" alt=\"\" width=\"1024\" height=\"768\" \/><\/p>\n<p><img loading=\"lazy\" decoding=\"async\" class=\"aligncenter wp-image-900 size-large\" src=\"https:\/\/rck.tehnicka-skola-karlovac.hr\/struka-i-ti\/wp-content\/uploads\/2022\/11\/Svicarska-15-1024x768.jpg\" alt=\"\" width=\"1024\" height=\"768\" \/><\/p>\n","protected":false},"excerpt":{"rendered":"<p>U razdoblju od 14.-17.11.2022. godine u sklopu projekta &#8220;STRuKA i TI&#8221; odr\u017eano je studijsko putovanje u \u0160vicarsku. Na studijskom putovanju sudjelovali su nastavnici ispred Tehni\u010dke \u0161kole Karlovac, partnerskih \u0161kola na projektu iz Obrtni\u010dke i tehni\u010dke \u0161kole Ogulin, Strukovne \u0161kole Gospi\u0107, Tehni\u010dke \u0161kole Po\u017eega, Srednje \u0161kole Slunj te ispred predstavnika gospodarstvenika iz HS Produkta i DW [&hellip;]<\/p>\n","protected":false},"author":4,"featured_media":899,"comment_status":"open","ping_status":"open","sticky":false,"template":"","format":"standard","meta":{"_et_pb_use_builder":"","_et_pb_old_content":"","_et_gb_content_width":"","footnotes":""},"categories":[1],"tags":[],"class_list":["post-896","post","type-post","status-publish","format-standard","has-post-thumbnail","hentry","category-novosti"],"yoast_head":"<!-- This site is optimized with the Yoast SEO plugin v27.3 - https:\/\/yoast.com\/product\/yoast-seo-wordpress\/ -->\n<title>Odr\u017eano studijsko putovanje u \u0160vicarsku - STRuKA i TI<\/title>\n<meta name=\"robots\" content=\"index, follow, max-snippet:-1, max-image-preview:large, max-video-preview:-1\" \/>\n<link rel=\"canonical\" href=\"https:\/\/rck.tehnicka-skola-karlovac.hr\/struka-i-ti\/odrzano-studijsko-putovanje-u-svicarsku\/\" \/>\n<meta property=\"og:locale\" content=\"hr_HR\" \/>\n<meta property=\"og:type\" content=\"article\" \/>\n<meta property=\"og:title\" content=\"Odr\u017eano studijsko putovanje u \u0160vicarsku - STRuKA i TI\" \/>\n<meta property=\"og:description\" content=\"U razdoblju od 14.-17.11.2022. godine u sklopu projekta &#8220;STRuKA i TI&#8221; odr\u017eano je studijsko putovanje u \u0160vicarsku. Na studijskom putovanju sudjelovali su nastavnici ispred Tehni\u010dke \u0161kole Karlovac, partnerskih \u0161kola na projektu iz Obrtni\u010dke i tehni\u010dke \u0161kole Ogulin, Strukovne \u0161kole Gospi\u0107, Tehni\u010dke \u0161kole Po\u017eega, Srednje \u0161kole Slunj te ispred predstavnika gospodarstvenika iz HS Produkta i DW [&hellip;]\" \/>\n<meta property=\"og:url\" content=\"https:\/\/rck.tehnicka-skola-karlovac.hr\/struka-i-ti\/odrzano-studijsko-putovanje-u-svicarsku\/\" \/>\n<meta property=\"og:site_name\" content=\"STRuKA i TI\" \/>\n<meta property=\"article:published_time\" content=\"2022-11-23T11:21:34+00:00\" \/>\n<meta property=\"article:modified_time\" content=\"2022-12-13T11:51:02+00:00\" \/>\n<meta property=\"og:image\" content=\"https:\/\/rck.tehnicka-skola-karlovac.hr\/struka-i-ti\/wp-content\/uploads\/2022\/11\/Svicarska-13-scaled.jpg\" \/>\n\t<meta property=\"og:image:width\" content=\"2560\" \/>\n\t<meta property=\"og:image:height\" content=\"1920\" \/>\n\t<meta property=\"og:image:type\" content=\"image\/jpeg\" \/>\n<meta name=\"author\" content=\"STRuKA i TI\" \/>\n<meta name=\"twitter:card\" content=\"summary_large_image\" \/>\n<meta name=\"twitter:label1\" content=\"Napisao\/la\" \/>\n\t<meta name=\"twitter:data1\" content=\"STRuKA i TI\" \/>\n\t<meta name=\"twitter:label2\" content=\"Procijenjeno vrijeme \u010ditanja\" \/>\n\t<meta name=\"twitter:data2\" content=\"4 minute\" \/>\n<script type=\"application\/ld+json\" class=\"yoast-schema-graph\">{\"@context\":\"https:\\\/\\\/schema.org\",\"@graph\":[{\"@type\":\"Article\",\"@id\":\"https:\\\/\\\/rck.tehnicka-skola-karlovac.hr\\\/struka-i-ti\\\/odrzano-studijsko-putovanje-u-svicarsku\\\/#article\",\"isPartOf\":{\"@id\":\"https:\\\/\\\/rck.tehnicka-skola-karlovac.hr\\\/struka-i-ti\\\/odrzano-studijsko-putovanje-u-svicarsku\\\/\"},\"author\":{\"name\":\"STRuKA i TI\",\"@id\":\"https:\\\/\\\/rck.tehnicka-skola-karlovac.hr\\\/struka-i-ti\\\/#\\\/schema\\\/person\\\/585031446d554a86a48d57179b6bfda1\"},\"headline\":\"Odr\u017eano studijsko putovanje u \u0160vicarsku\",\"datePublished\":\"2022-11-23T11:21:34+00:00\",\"dateModified\":\"2022-12-13T11:51:02+00:00\",\"mainEntityOfPage\":{\"@id\":\"https:\\\/\\\/rck.tehnicka-skola-karlovac.hr\\\/struka-i-ti\\\/odrzano-studijsko-putovanje-u-svicarsku\\\/\"},\"wordCount\":551,\"commentCount\":0,\"image\":{\"@id\":\"https:\\\/\\\/rck.tehnicka-skola-karlovac.hr\\\/struka-i-ti\\\/odrzano-studijsko-putovanje-u-svicarsku\\\/#primaryimage\"},\"thumbnailUrl\":\"https:\\\/\\\/rck.tehnicka-skola-karlovac.hr\\\/struka-i-ti\\\/wp-content\\\/uploads\\\/2022\\\/11\\\/Svicarska-13-scaled.jpg\",\"articleSection\":[\"Novosti\"],\"inLanguage\":\"hr\",\"potentialAction\":[{\"@type\":\"CommentAction\",\"name\":\"Comment\",\"target\":[\"https:\\\/\\\/rck.tehnicka-skola-karlovac.hr\\\/struka-i-ti\\\/odrzano-studijsko-putovanje-u-svicarsku\\\/#respond\"]}]},{\"@type\":\"WebPage\",\"@id\":\"https:\\\/\\\/rck.tehnicka-skola-karlovac.hr\\\/struka-i-ti\\\/odrzano-studijsko-putovanje-u-svicarsku\\\/\",\"url\":\"https:\\\/\\\/rck.tehnicka-skola-karlovac.hr\\\/struka-i-ti\\\/odrzano-studijsko-putovanje-u-svicarsku\\\/\",\"name\":\"Odr\u017eano studijsko putovanje u \u0160vicarsku - STRuKA i TI\",\"isPartOf\":{\"@id\":\"https:\\\/\\\/rck.tehnicka-skola-karlovac.hr\\\/struka-i-ti\\\/#website\"},\"primaryImageOfPage\":{\"@id\":\"https:\\\/\\\/rck.tehnicka-skola-karlovac.hr\\\/struka-i-ti\\\/odrzano-studijsko-putovanje-u-svicarsku\\\/#primaryimage\"},\"image\":{\"@id\":\"https:\\\/\\\/rck.tehnicka-skola-karlovac.hr\\\/struka-i-ti\\\/odrzano-studijsko-putovanje-u-svicarsku\\\/#primaryimage\"},\"thumbnailUrl\":\"https:\\\/\\\/rck.tehnicka-skola-karlovac.hr\\\/struka-i-ti\\\/wp-content\\\/uploads\\\/2022\\\/11\\\/Svicarska-13-scaled.jpg\",\"datePublished\":\"2022-11-23T11:21:34+00:00\",\"dateModified\":\"2022-12-13T11:51:02+00:00\",\"author\":{\"@id\":\"https:\\\/\\\/rck.tehnicka-skola-karlovac.hr\\\/struka-i-ti\\\/#\\\/schema\\\/person\\\/585031446d554a86a48d57179b6bfda1\"},\"breadcrumb\":{\"@id\":\"https:\\\/\\\/rck.tehnicka-skola-karlovac.hr\\\/struka-i-ti\\\/odrzano-studijsko-putovanje-u-svicarsku\\\/#breadcrumb\"},\"inLanguage\":\"hr\",\"potentialAction\":[{\"@type\":\"ReadAction\",\"target\":[\"https:\\\/\\\/rck.tehnicka-skola-karlovac.hr\\\/struka-i-ti\\\/odrzano-studijsko-putovanje-u-svicarsku\\\/\"]}]},{\"@type\":\"ImageObject\",\"inLanguage\":\"hr\",\"@id\":\"https:\\\/\\\/rck.tehnicka-skola-karlovac.hr\\\/struka-i-ti\\\/odrzano-studijsko-putovanje-u-svicarsku\\\/#primaryimage\",\"url\":\"https:\\\/\\\/rck.tehnicka-skola-karlovac.hr\\\/struka-i-ti\\\/wp-content\\\/uploads\\\/2022\\\/11\\\/Svicarska-13-scaled.jpg\",\"contentUrl\":\"https:\\\/\\\/rck.tehnicka-skola-karlovac.hr\\\/struka-i-ti\\\/wp-content\\\/uploads\\\/2022\\\/11\\\/Svicarska-13-scaled.jpg\",\"width\":2560,\"height\":1920},{\"@type\":\"BreadcrumbList\",\"@id\":\"https:\\\/\\\/rck.tehnicka-skola-karlovac.hr\\\/struka-i-ti\\\/odrzano-studijsko-putovanje-u-svicarsku\\\/#breadcrumb\",\"itemListElement\":[{\"@type\":\"ListItem\",\"position\":1,\"name\":\"Po\u010detna stranica\",\"item\":\"https:\\\/\\\/rck.tehnicka-skola-karlovac.hr\\\/struka-i-ti\\\/\"},{\"@type\":\"ListItem\",\"position\":2,\"name\":\"Odr\u017eano studijsko putovanje u \u0160vicarsku\"}]},{\"@type\":\"WebSite\",\"@id\":\"https:\\\/\\\/rck.tehnicka-skola-karlovac.hr\\\/struka-i-ti\\\/#website\",\"url\":\"https:\\\/\\\/rck.tehnicka-skola-karlovac.hr\\\/struka-i-ti\\\/\",\"name\":\"STRuKA i TI\",\"description\":\"Tehni\u010dka \u0161kola Karlovac\",\"potentialAction\":[{\"@type\":\"SearchAction\",\"target\":{\"@type\":\"EntryPoint\",\"urlTemplate\":\"https:\\\/\\\/rck.tehnicka-skola-karlovac.hr\\\/struka-i-ti\\\/?s={search_term_string}\"},\"query-input\":{\"@type\":\"PropertyValueSpecification\",\"valueRequired\":true,\"valueName\":\"search_term_string\"}}],\"inLanguage\":\"hr\"},{\"@type\":\"Person\",\"@id\":\"https:\\\/\\\/rck.tehnicka-skola-karlovac.hr\\\/struka-i-ti\\\/#\\\/schema\\\/person\\\/585031446d554a86a48d57179b6bfda1\",\"name\":\"STRuKA i TI\",\"image\":{\"@type\":\"ImageObject\",\"inLanguage\":\"hr\",\"@id\":\"https:\\\/\\\/secure.gravatar.com\\\/avatar\\\/70eb0841c543fac3f70af9f48ec0107ee1c46a76f52504ab46db95419956efea?s=96&d=mm&r=g\",\"url\":\"https:\\\/\\\/secure.gravatar.com\\\/avatar\\\/70eb0841c543fac3f70af9f48ec0107ee1c46a76f52504ab46db95419956efea?s=96&d=mm&r=g\",\"contentUrl\":\"https:\\\/\\\/secure.gravatar.com\\\/avatar\\\/70eb0841c543fac3f70af9f48ec0107ee1c46a76f52504ab46db95419956efea?s=96&d=mm&r=g\",\"caption\":\"STRuKA i TI\"},\"url\":\"https:\\\/\\\/rck.tehnicka-skola-karlovac.hr\\\/struka-i-ti\\\/author\\\/rck-struka\\\/\"}]}<\/script>\n<!-- \/ Yoast SEO plugin. -->","yoast_head_json":{"title":"Odr\u017eano studijsko putovanje u \u0160vicarsku - STRuKA i TI","robots":{"index":"index","follow":"follow","max-snippet":"max-snippet:-1","max-image-preview":"max-image-preview:large","max-video-preview":"max-video-preview:-1"},"canonical":"https:\/\/rck.tehnicka-skola-karlovac.hr\/struka-i-ti\/odrzano-studijsko-putovanje-u-svicarsku\/","og_locale":"hr_HR","og_type":"article","og_title":"Odr\u017eano studijsko putovanje u \u0160vicarsku - STRuKA i TI","og_description":"U razdoblju od 14.-17.11.2022. godine u sklopu projekta &#8220;STRuKA i TI&#8221; odr\u017eano je studijsko putovanje u \u0160vicarsku. Na studijskom putovanju sudjelovali su nastavnici ispred Tehni\u010dke \u0161kole Karlovac, partnerskih \u0161kola na projektu iz Obrtni\u010dke i tehni\u010dke \u0161kole Ogulin, Strukovne \u0161kole Gospi\u0107, Tehni\u010dke \u0161kole Po\u017eega, Srednje \u0161kole Slunj te ispred predstavnika gospodarstvenika iz HS Produkta i DW [&hellip;]","og_url":"https:\/\/rck.tehnicka-skola-karlovac.hr\/struka-i-ti\/odrzano-studijsko-putovanje-u-svicarsku\/","og_site_name":"STRuKA i TI","article_published_time":"2022-11-23T11:21:34+00:00","article_modified_time":"2022-12-13T11:51:02+00:00","og_image":[{"width":2560,"height":1920,"url":"https:\/\/rck.tehnicka-skola-karlovac.hr\/struka-i-ti\/wp-content\/uploads\/2022\/11\/Svicarska-13-scaled.jpg","type":"image\/jpeg"}],"author":"STRuKA i TI","twitter_card":"summary_large_image","twitter_misc":{"Napisao\/la":"STRuKA i TI","Procijenjeno vrijeme \u010ditanja":"4 minute"},"schema":{"@context":"https:\/\/schema.org","@graph":[{"@type":"Article","@id":"https:\/\/rck.tehnicka-skola-karlovac.hr\/struka-i-ti\/odrzano-studijsko-putovanje-u-svicarsku\/#article","isPartOf":{"@id":"https:\/\/rck.tehnicka-skola-karlovac.hr\/struka-i-ti\/odrzano-studijsko-putovanje-u-svicarsku\/"},"author":{"name":"STRuKA i TI","@id":"https:\/\/rck.tehnicka-skola-karlovac.hr\/struka-i-ti\/#\/schema\/person\/585031446d554a86a48d57179b6bfda1"},"headline":"Odr\u017eano studijsko putovanje u \u0160vicarsku","datePublished":"2022-11-23T11:21:34+00:00","dateModified":"2022-12-13T11:51:02+00:00","mainEntityOfPage":{"@id":"https:\/\/rck.tehnicka-skola-karlovac.hr\/struka-i-ti\/odrzano-studijsko-putovanje-u-svicarsku\/"},"wordCount":551,"commentCount":0,"image":{"@id":"https:\/\/rck.tehnicka-skola-karlovac.hr\/struka-i-ti\/odrzano-studijsko-putovanje-u-svicarsku\/#primaryimage"},"thumbnailUrl":"https:\/\/rck.tehnicka-skola-karlovac.hr\/struka-i-ti\/wp-content\/uploads\/2022\/11\/Svicarska-13-scaled.jpg","articleSection":["Novosti"],"inLanguage":"hr","potentialAction":[{"@type":"CommentAction","name":"Comment","target":["https:\/\/rck.tehnicka-skola-karlovac.hr\/struka-i-ti\/odrzano-studijsko-putovanje-u-svicarsku\/#respond"]}]},{"@type":"WebPage","@id":"https:\/\/rck.tehnicka-skola-karlovac.hr\/struka-i-ti\/odrzano-studijsko-putovanje-u-svicarsku\/","url":"https:\/\/rck.tehnicka-skola-karlovac.hr\/struka-i-ti\/odrzano-studijsko-putovanje-u-svicarsku\/","name":"Odr\u017eano studijsko putovanje u \u0160vicarsku - STRuKA i TI","isPartOf":{"@id":"https:\/\/rck.tehnicka-skola-karlovac.hr\/struka-i-ti\/#website"},"primaryImageOfPage":{"@id":"https:\/\/rck.tehnicka-skola-karlovac.hr\/struka-i-ti\/odrzano-studijsko-putovanje-u-svicarsku\/#primaryimage"},"image":{"@id":"https:\/\/rck.tehnicka-skola-karlovac.hr\/struka-i-ti\/odrzano-studijsko-putovanje-u-svicarsku\/#primaryimage"},"thumbnailUrl":"https:\/\/rck.tehnicka-skola-karlovac.hr\/struka-i-ti\/wp-content\/uploads\/2022\/11\/Svicarska-13-scaled.jpg","datePublished":"2022-11-23T11:21:34+00:00","dateModified":"2022-12-13T11:51:02+00:00","author":{"@id":"https:\/\/rck.tehnicka-skola-karlovac.hr\/struka-i-ti\/#\/schema\/person\/585031446d554a86a48d57179b6bfda1"},"breadcrumb":{"@id":"https:\/\/rck.tehnicka-skola-karlovac.hr\/struka-i-ti\/odrzano-studijsko-putovanje-u-svicarsku\/#breadcrumb"},"inLanguage":"hr","potentialAction":[{"@type":"ReadAction","target":["https:\/\/rck.tehnicka-skola-karlovac.hr\/struka-i-ti\/odrzano-studijsko-putovanje-u-svicarsku\/"]}]},{"@type":"ImageObject","inLanguage":"hr","@id":"https:\/\/rck.tehnicka-skola-karlovac.hr\/struka-i-ti\/odrzano-studijsko-putovanje-u-svicarsku\/#primaryimage","url":"https:\/\/rck.tehnicka-skola-karlovac.hr\/struka-i-ti\/wp-content\/uploads\/2022\/11\/Svicarska-13-scaled.jpg","contentUrl":"https:\/\/rck.tehnicka-skola-karlovac.hr\/struka-i-ti\/wp-content\/uploads\/2022\/11\/Svicarska-13-scaled.jpg","width":2560,"height":1920},{"@type":"BreadcrumbList","@id":"https:\/\/rck.tehnicka-skola-karlovac.hr\/struka-i-ti\/odrzano-studijsko-putovanje-u-svicarsku\/#breadcrumb","itemListElement":[{"@type":"ListItem","position":1,"name":"Po\u010detna stranica","item":"https:\/\/rck.tehnicka-skola-karlovac.hr\/struka-i-ti\/"},{"@type":"ListItem","position":2,"name":"Odr\u017eano studijsko putovanje u \u0160vicarsku"}]},{"@type":"WebSite","@id":"https:\/\/rck.tehnicka-skola-karlovac.hr\/struka-i-ti\/#website","url":"https:\/\/rck.tehnicka-skola-karlovac.hr\/struka-i-ti\/","name":"STRuKA i TI","description":"Tehni\u010dka \u0161kola Karlovac","potentialAction":[{"@type":"SearchAction","target":{"@type":"EntryPoint","urlTemplate":"https:\/\/rck.tehnicka-skola-karlovac.hr\/struka-i-ti\/?s={search_term_string}"},"query-input":{"@type":"PropertyValueSpecification","valueRequired":true,"valueName":"search_term_string"}}],"inLanguage":"hr"},{"@type":"Person","@id":"https:\/\/rck.tehnicka-skola-karlovac.hr\/struka-i-ti\/#\/schema\/person\/585031446d554a86a48d57179b6bfda1","name":"STRuKA i TI","image":{"@type":"ImageObject","inLanguage":"hr","@id":"https:\/\/secure.gravatar.com\/avatar\/70eb0841c543fac3f70af9f48ec0107ee1c46a76f52504ab46db95419956efea?s=96&d=mm&r=g","url":"https:\/\/secure.gravatar.com\/avatar\/70eb0841c543fac3f70af9f48ec0107ee1c46a76f52504ab46db95419956efea?s=96&d=mm&r=g","contentUrl":"https:\/\/secure.gravatar.com\/avatar\/70eb0841c543fac3f70af9f48ec0107ee1c46a76f52504ab46db95419956efea?s=96&d=mm&r=g","caption":"STRuKA i TI"},"url":"https:\/\/rck.tehnicka-skola-karlovac.hr\/struka-i-ti\/author\/rck-struka\/"}]}},"_links":{"self":[{"href":"https:\/\/rck.tehnicka-skola-karlovac.hr\/struka-i-ti\/wp-json\/wp\/v2\/posts\/896","targetHints":{"allow":["GET"]}}],"collection":[{"href":"https:\/\/rck.tehnicka-skola-karlovac.hr\/struka-i-ti\/wp-json\/wp\/v2\/posts"}],"about":[{"href":"https:\/\/rck.tehnicka-skola-karlovac.hr\/struka-i-ti\/wp-json\/wp\/v2\/types\/post"}],"author":[{"embeddable":true,"href":"https:\/\/rck.tehnicka-skola-karlovac.hr\/struka-i-ti\/wp-json\/wp\/v2\/users\/4"}],"replies":[{"embeddable":true,"href":"https:\/\/rck.tehnicka-skola-karlovac.hr\/struka-i-ti\/wp-json\/wp\/v2\/comments?post=896"}],"version-history":[{"count":3,"href":"https:\/\/rck.tehnicka-skola-karlovac.hr\/struka-i-ti\/wp-json\/wp\/v2\/posts\/896\/revisions"}],"predecessor-version":[{"id":903,"href":"https:\/\/rck.tehnicka-skola-karlovac.hr\/struka-i-ti\/wp-json\/wp\/v2\/posts\/896\/revisions\/903"}],"wp:featuredmedia":[{"embeddable":true,"href":"https:\/\/rck.tehnicka-skola-karlovac.hr\/struka-i-ti\/wp-json\/wp\/v2\/media\/899"}],"wp:attachment":[{"href":"https:\/\/rck.tehnicka-skola-karlovac.hr\/struka-i-ti\/wp-json\/wp\/v2\/media?parent=896"}],"wp:term":[{"taxonomy":"category","embeddable":true,"href":"https:\/\/rck.tehnicka-skola-karlovac.hr\/struka-i-ti\/wp-json\/wp\/v2\/categories?post=896"},{"taxonomy":"post_tag","embeddable":true,"href":"https:\/\/rck.tehnicka-skola-karlovac.hr\/struka-i-ti\/wp-json\/wp\/v2\/tags?post=896"}],"curies":[{"name":"wp","href":"https:\/\/api.w.org\/{rel}","templated":true}]}}