{"id":905,"date":"2023-01-09T14:24:43","date_gmt":"2023-01-09T13:24:43","guid":{"rendered":"https:\/\/rck.tehnicka-skola-karlovac.hr\/struka-i-ti\/?p=905"},"modified":"2023-01-12T14:36:53","modified_gmt":"2023-01-12T13:36:53","slug":"strucno-usavrsavanje-ravnatelja-strucnih-suradnika-nastavnika-i-mentora","status":"publish","type":"post","link":"https:\/\/rck.tehnicka-skola-karlovac.hr\/struka-i-ti\/strucno-usavrsavanje-ravnatelja-strucnih-suradnika-nastavnika-i-mentora\/","title":{"rendered":"Stru\u010dno usavr\u0161avanje ravnatelja, stru\u010dnih suradnika, nastavnika i mentora"},"content":{"rendered":"<p>Po\u010detkom 2023. godine zapo\u010deo je ciklus usavr\u0161avanja ravnatelja, stru\u010dnih suradnika, nastavnika i mentora zaposlenih kod poslodavaca.<\/p>\n<p>U okviru projekta &#8220;STRuKA i TI&#8221; izv. prof. dr. sc. Slavica \u0160imi\u0107 \u0160a\u0161i\u0107 odr\u017eala je dvodnevnu radionicu na temu &#8220;Obrnuta u\u010dionica&#8221;.\u00a0 Ovo je tek prva od ukupno 20 dvodnevnih radionica usavr\u0161avanja koje \u0107e se provesti tijekom ove godine, a na kojima \u0107e sudjelovati predstavnici partnerskih \u0161kola i gospodarstvenika.<\/p>\n<p><img loading=\"lazy\" decoding=\"async\" class=\"aligncenter wp-image-906 size-large\" src=\"https:\/\/rck.tehnicka-skola-karlovac.hr\/struka-i-ti\/wp-content\/uploads\/2023\/01\/okviri-762x1024.jpg\" alt=\"\" width=\"762\" height=\"1024\" \/><\/p>\n","protected":false},"excerpt":{"rendered":"<p>Po\u010detkom 2023. godine zapo\u010deo je ciklus usavr\u0161avanja ravnatelja, stru\u010dnih suradnika, nastavnika i mentora zaposlenih kod poslodavaca. U okviru projekta &#8220;STRuKA i TI&#8221; izv. prof. dr. sc. Slavica \u0160imi\u0107 \u0160a\u0161i\u0107 odr\u017eala je dvodnevnu radionicu na temu &#8220;Obrnuta u\u010dionica&#8221;.\u00a0 Ovo je tek prva od ukupno 20 dvodnevnih radionica usavr\u0161avanja koje \u0107e se provesti tijekom ove godine, a [&hellip;]<\/p>\n","protected":false},"author":4,"featured_media":906,"comment_status":"open","ping_status":"open","sticky":false,"template":"","format":"standard","meta":{"_et_pb_use_builder":"","_et_pb_old_content":"","_et_gb_content_width":"","footnotes":""},"categories":[1],"tags":[],"class_list":["post-905","post","type-post","status-publish","format-standard","has-post-thumbnail","hentry","category-novosti"],"yoast_head":"<!-- This site is optimized with the Yoast SEO plugin v27.3 - https:\/\/yoast.com\/product\/yoast-seo-wordpress\/ -->\n<title>Stru\u010dno usavr\u0161avanje ravnatelja, stru\u010dnih suradnika, nastavnika i mentora - STRuKA i TI<\/title>\n<meta name=\"robots\" content=\"index, follow, max-snippet:-1, max-image-preview:large, max-video-preview:-1\" \/>\n<link rel=\"canonical\" href=\"https:\/\/rck.tehnicka-skola-karlovac.hr\/struka-i-ti\/strucno-usavrsavanje-ravnatelja-strucnih-suradnika-nastavnika-i-mentora\/\" \/>\n<meta property=\"og:locale\" content=\"hr_HR\" \/>\n<meta property=\"og:type\" content=\"article\" \/>\n<meta property=\"og:title\" content=\"Stru\u010dno usavr\u0161avanje ravnatelja, stru\u010dnih suradnika, nastavnika i mentora - STRuKA i TI\" \/>\n<meta property=\"og:description\" content=\"Po\u010detkom 2023. godine zapo\u010deo je ciklus usavr\u0161avanja ravnatelja, stru\u010dnih suradnika, nastavnika i mentora zaposlenih kod poslodavaca. U okviru projekta &#8220;STRuKA i TI&#8221; izv. prof. dr. sc. Slavica \u0160imi\u0107 \u0160a\u0161i\u0107 odr\u017eala je dvodnevnu radionicu na temu &#8220;Obrnuta u\u010dionica&#8221;.\u00a0 Ovo je tek prva od ukupno 20 dvodnevnih radionica usavr\u0161avanja koje \u0107e se provesti tijekom ove godine, a [&hellip;]\" \/>\n<meta property=\"og:url\" content=\"https:\/\/rck.tehnicka-skola-karlovac.hr\/struka-i-ti\/strucno-usavrsavanje-ravnatelja-strucnih-suradnika-nastavnika-i-mentora\/\" \/>\n<meta property=\"og:site_name\" content=\"STRuKA i TI\" \/>\n<meta property=\"article:published_time\" content=\"2023-01-09T13:24:43+00:00\" \/>\n<meta property=\"article:modified_time\" content=\"2023-01-12T13:36:53+00:00\" \/>\n<meta property=\"og:image\" content=\"https:\/\/rck.tehnicka-skola-karlovac.hr\/struka-i-ti\/wp-content\/uploads\/2023\/01\/okviri.jpg\" \/>\n\t<meta property=\"og:image:width\" content=\"1760\" \/>\n\t<meta property=\"og:image:height\" content=\"2364\" \/>\n\t<meta property=\"og:image:type\" content=\"image\/jpeg\" \/>\n<meta name=\"author\" content=\"STRuKA i TI\" \/>\n<meta name=\"twitter:card\" content=\"summary_large_image\" \/>\n<meta name=\"twitter:label1\" content=\"Napisao\/la\" \/>\n\t<meta name=\"twitter:data1\" content=\"STRuKA i TI\" \/>\n\t<meta name=\"twitter:label2\" content=\"Procijenjeno vrijeme \u010ditanja\" \/>\n\t<meta name=\"twitter:data2\" content=\"1 minuta\" \/>\n<script type=\"application\/ld+json\" class=\"yoast-schema-graph\">{\"@context\":\"https:\\\/\\\/schema.org\",\"@graph\":[{\"@type\":\"Article\",\"@id\":\"https:\\\/\\\/rck.tehnicka-skola-karlovac.hr\\\/struka-i-ti\\\/strucno-usavrsavanje-ravnatelja-strucnih-suradnika-nastavnika-i-mentora\\\/#article\",\"isPartOf\":{\"@id\":\"https:\\\/\\\/rck.tehnicka-skola-karlovac.hr\\\/struka-i-ti\\\/strucno-usavrsavanje-ravnatelja-strucnih-suradnika-nastavnika-i-mentora\\\/\"},\"author\":{\"name\":\"STRuKA i TI\",\"@id\":\"https:\\\/\\\/rck.tehnicka-skola-karlovac.hr\\\/struka-i-ti\\\/#\\\/schema\\\/person\\\/585031446d554a86a48d57179b6bfda1\"},\"headline\":\"Stru\u010dno usavr\u0161avanje ravnatelja, stru\u010dnih suradnika, nastavnika i mentora\",\"datePublished\":\"2023-01-09T13:24:43+00:00\",\"dateModified\":\"2023-01-12T13:36:53+00:00\",\"mainEntityOfPage\":{\"@id\":\"https:\\\/\\\/rck.tehnicka-skola-karlovac.hr\\\/struka-i-ti\\\/strucno-usavrsavanje-ravnatelja-strucnih-suradnika-nastavnika-i-mentora\\\/\"},\"wordCount\":81,\"commentCount\":0,\"image\":{\"@id\":\"https:\\\/\\\/rck.tehnicka-skola-karlovac.hr\\\/struka-i-ti\\\/strucno-usavrsavanje-ravnatelja-strucnih-suradnika-nastavnika-i-mentora\\\/#primaryimage\"},\"thumbnailUrl\":\"https:\\\/\\\/rck.tehnicka-skola-karlovac.hr\\\/struka-i-ti\\\/wp-content\\\/uploads\\\/2023\\\/01\\\/okviri.jpg\",\"articleSection\":[\"Novosti\"],\"inLanguage\":\"hr\",\"potentialAction\":[{\"@type\":\"CommentAction\",\"name\":\"Comment\",\"target\":[\"https:\\\/\\\/rck.tehnicka-skola-karlovac.hr\\\/struka-i-ti\\\/strucno-usavrsavanje-ravnatelja-strucnih-suradnika-nastavnika-i-mentora\\\/#respond\"]}]},{\"@type\":\"WebPage\",\"@id\":\"https:\\\/\\\/rck.tehnicka-skola-karlovac.hr\\\/struka-i-ti\\\/strucno-usavrsavanje-ravnatelja-strucnih-suradnika-nastavnika-i-mentora\\\/\",\"url\":\"https:\\\/\\\/rck.tehnicka-skola-karlovac.hr\\\/struka-i-ti\\\/strucno-usavrsavanje-ravnatelja-strucnih-suradnika-nastavnika-i-mentora\\\/\",\"name\":\"Stru\u010dno usavr\u0161avanje ravnatelja, stru\u010dnih suradnika, nastavnika i mentora - STRuKA i TI\",\"isPartOf\":{\"@id\":\"https:\\\/\\\/rck.tehnicka-skola-karlovac.hr\\\/struka-i-ti\\\/#website\"},\"primaryImageOfPage\":{\"@id\":\"https:\\\/\\\/rck.tehnicka-skola-karlovac.hr\\\/struka-i-ti\\\/strucno-usavrsavanje-ravnatelja-strucnih-suradnika-nastavnika-i-mentora\\\/#primaryimage\"},\"image\":{\"@id\":\"https:\\\/\\\/rck.tehnicka-skola-karlovac.hr\\\/struka-i-ti\\\/strucno-usavrsavanje-ravnatelja-strucnih-suradnika-nastavnika-i-mentora\\\/#primaryimage\"},\"thumbnailUrl\":\"https:\\\/\\\/rck.tehnicka-skola-karlovac.hr\\\/struka-i-ti\\\/wp-content\\\/uploads\\\/2023\\\/01\\\/okviri.jpg\",\"datePublished\":\"2023-01-09T13:24:43+00:00\",\"dateModified\":\"2023-01-12T13:36:53+00:00\",\"author\":{\"@id\":\"https:\\\/\\\/rck.tehnicka-skola-karlovac.hr\\\/struka-i-ti\\\/#\\\/schema\\\/person\\\/585031446d554a86a48d57179b6bfda1\"},\"breadcrumb\":{\"@id\":\"https:\\\/\\\/rck.tehnicka-skola-karlovac.hr\\\/struka-i-ti\\\/strucno-usavrsavanje-ravnatelja-strucnih-suradnika-nastavnika-i-mentora\\\/#breadcrumb\"},\"inLanguage\":\"hr\",\"potentialAction\":[{\"@type\":\"ReadAction\",\"target\":[\"https:\\\/\\\/rck.tehnicka-skola-karlovac.hr\\\/struka-i-ti\\\/strucno-usavrsavanje-ravnatelja-strucnih-suradnika-nastavnika-i-mentora\\\/\"]}]},{\"@type\":\"ImageObject\",\"inLanguage\":\"hr\",\"@id\":\"https:\\\/\\\/rck.tehnicka-skola-karlovac.hr\\\/struka-i-ti\\\/strucno-usavrsavanje-ravnatelja-strucnih-suradnika-nastavnika-i-mentora\\\/#primaryimage\",\"url\":\"https:\\\/\\\/rck.tehnicka-skola-karlovac.hr\\\/struka-i-ti\\\/wp-content\\\/uploads\\\/2023\\\/01\\\/okviri.jpg\",\"contentUrl\":\"https:\\\/\\\/rck.tehnicka-skola-karlovac.hr\\\/struka-i-ti\\\/wp-content\\\/uploads\\\/2023\\\/01\\\/okviri.jpg\",\"width\":1760,\"height\":2364},{\"@type\":\"BreadcrumbList\",\"@id\":\"https:\\\/\\\/rck.tehnicka-skola-karlovac.hr\\\/struka-i-ti\\\/strucno-usavrsavanje-ravnatelja-strucnih-suradnika-nastavnika-i-mentora\\\/#breadcrumb\",\"itemListElement\":[{\"@type\":\"ListItem\",\"position\":1,\"name\":\"Po\u010detna stranica\",\"item\":\"https:\\\/\\\/rck.tehnicka-skola-karlovac.hr\\\/struka-i-ti\\\/\"},{\"@type\":\"ListItem\",\"position\":2,\"name\":\"Stru\u010dno usavr\u0161avanje ravnatelja, stru\u010dnih suradnika, nastavnika i mentora\"}]},{\"@type\":\"WebSite\",\"@id\":\"https:\\\/\\\/rck.tehnicka-skola-karlovac.hr\\\/struka-i-ti\\\/#website\",\"url\":\"https:\\\/\\\/rck.tehnicka-skola-karlovac.hr\\\/struka-i-ti\\\/\",\"name\":\"STRuKA i TI\",\"description\":\"Tehni\u010dka \u0161kola Karlovac\",\"potentialAction\":[{\"@type\":\"SearchAction\",\"target\":{\"@type\":\"EntryPoint\",\"urlTemplate\":\"https:\\\/\\\/rck.tehnicka-skola-karlovac.hr\\\/struka-i-ti\\\/?s={search_term_string}\"},\"query-input\":{\"@type\":\"PropertyValueSpecification\",\"valueRequired\":true,\"valueName\":\"search_term_string\"}}],\"inLanguage\":\"hr\"},{\"@type\":\"Person\",\"@id\":\"https:\\\/\\\/rck.tehnicka-skola-karlovac.hr\\\/struka-i-ti\\\/#\\\/schema\\\/person\\\/585031446d554a86a48d57179b6bfda1\",\"name\":\"STRuKA i TI\",\"image\":{\"@type\":\"ImageObject\",\"inLanguage\":\"hr\",\"@id\":\"https:\\\/\\\/secure.gravatar.com\\\/avatar\\\/70eb0841c543fac3f70af9f48ec0107ee1c46a76f52504ab46db95419956efea?s=96&d=mm&r=g\",\"url\":\"https:\\\/\\\/secure.gravatar.com\\\/avatar\\\/70eb0841c543fac3f70af9f48ec0107ee1c46a76f52504ab46db95419956efea?s=96&d=mm&r=g\",\"contentUrl\":\"https:\\\/\\\/secure.gravatar.com\\\/avatar\\\/70eb0841c543fac3f70af9f48ec0107ee1c46a76f52504ab46db95419956efea?s=96&d=mm&r=g\",\"caption\":\"STRuKA i TI\"},\"url\":\"https:\\\/\\\/rck.tehnicka-skola-karlovac.hr\\\/struka-i-ti\\\/author\\\/rck-struka\\\/\"}]}<\/script>\n<!-- \/ Yoast SEO plugin. -->","yoast_head_json":{"title":"Stru\u010dno usavr\u0161avanje ravnatelja, stru\u010dnih suradnika, nastavnika i mentora - STRuKA i TI","robots":{"index":"index","follow":"follow","max-snippet":"max-snippet:-1","max-image-preview":"max-image-preview:large","max-video-preview":"max-video-preview:-1"},"canonical":"https:\/\/rck.tehnicka-skola-karlovac.hr\/struka-i-ti\/strucno-usavrsavanje-ravnatelja-strucnih-suradnika-nastavnika-i-mentora\/","og_locale":"hr_HR","og_type":"article","og_title":"Stru\u010dno usavr\u0161avanje ravnatelja, stru\u010dnih suradnika, nastavnika i mentora - STRuKA i TI","og_description":"Po\u010detkom 2023. godine zapo\u010deo je ciklus usavr\u0161avanja ravnatelja, stru\u010dnih suradnika, nastavnika i mentora zaposlenih kod poslodavaca. U okviru projekta &#8220;STRuKA i TI&#8221; izv. prof. dr. sc. Slavica \u0160imi\u0107 \u0160a\u0161i\u0107 odr\u017eala je dvodnevnu radionicu na temu &#8220;Obrnuta u\u010dionica&#8221;.\u00a0 Ovo je tek prva od ukupno 20 dvodnevnih radionica usavr\u0161avanja koje \u0107e se provesti tijekom ove godine, a [&hellip;]","og_url":"https:\/\/rck.tehnicka-skola-karlovac.hr\/struka-i-ti\/strucno-usavrsavanje-ravnatelja-strucnih-suradnika-nastavnika-i-mentora\/","og_site_name":"STRuKA i TI","article_published_time":"2023-01-09T13:24:43+00:00","article_modified_time":"2023-01-12T13:36:53+00:00","og_image":[{"width":1760,"height":2364,"url":"https:\/\/rck.tehnicka-skola-karlovac.hr\/struka-i-ti\/wp-content\/uploads\/2023\/01\/okviri.jpg","type":"image\/jpeg"}],"author":"STRuKA i TI","twitter_card":"summary_large_image","twitter_misc":{"Napisao\/la":"STRuKA i TI","Procijenjeno vrijeme \u010ditanja":"1 minuta"},"schema":{"@context":"https:\/\/schema.org","@graph":[{"@type":"Article","@id":"https:\/\/rck.tehnicka-skola-karlovac.hr\/struka-i-ti\/strucno-usavrsavanje-ravnatelja-strucnih-suradnika-nastavnika-i-mentora\/#article","isPartOf":{"@id":"https:\/\/rck.tehnicka-skola-karlovac.hr\/struka-i-ti\/strucno-usavrsavanje-ravnatelja-strucnih-suradnika-nastavnika-i-mentora\/"},"author":{"name":"STRuKA i TI","@id":"https:\/\/rck.tehnicka-skola-karlovac.hr\/struka-i-ti\/#\/schema\/person\/585031446d554a86a48d57179b6bfda1"},"headline":"Stru\u010dno usavr\u0161avanje ravnatelja, stru\u010dnih suradnika, nastavnika i mentora","datePublished":"2023-01-09T13:24:43+00:00","dateModified":"2023-01-12T13:36:53+00:00","mainEntityOfPage":{"@id":"https:\/\/rck.tehnicka-skola-karlovac.hr\/struka-i-ti\/strucno-usavrsavanje-ravnatelja-strucnih-suradnika-nastavnika-i-mentora\/"},"wordCount":81,"commentCount":0,"image":{"@id":"https:\/\/rck.tehnicka-skola-karlovac.hr\/struka-i-ti\/strucno-usavrsavanje-ravnatelja-strucnih-suradnika-nastavnika-i-mentora\/#primaryimage"},"thumbnailUrl":"https:\/\/rck.tehnicka-skola-karlovac.hr\/struka-i-ti\/wp-content\/uploads\/2023\/01\/okviri.jpg","articleSection":["Novosti"],"inLanguage":"hr","potentialAction":[{"@type":"CommentAction","name":"Comment","target":["https:\/\/rck.tehnicka-skola-karlovac.hr\/struka-i-ti\/strucno-usavrsavanje-ravnatelja-strucnih-suradnika-nastavnika-i-mentora\/#respond"]}]},{"@type":"WebPage","@id":"https:\/\/rck.tehnicka-skola-karlovac.hr\/struka-i-ti\/strucno-usavrsavanje-ravnatelja-strucnih-suradnika-nastavnika-i-mentora\/","url":"https:\/\/rck.tehnicka-skola-karlovac.hr\/struka-i-ti\/strucno-usavrsavanje-ravnatelja-strucnih-suradnika-nastavnika-i-mentora\/","name":"Stru\u010dno usavr\u0161avanje ravnatelja, stru\u010dnih suradnika, nastavnika i mentora - STRuKA i TI","isPartOf":{"@id":"https:\/\/rck.tehnicka-skola-karlovac.hr\/struka-i-ti\/#website"},"primaryImageOfPage":{"@id":"https:\/\/rck.tehnicka-skola-karlovac.hr\/struka-i-ti\/strucno-usavrsavanje-ravnatelja-strucnih-suradnika-nastavnika-i-mentora\/#primaryimage"},"image":{"@id":"https:\/\/rck.tehnicka-skola-karlovac.hr\/struka-i-ti\/strucno-usavrsavanje-ravnatelja-strucnih-suradnika-nastavnika-i-mentora\/#primaryimage"},"thumbnailUrl":"https:\/\/rck.tehnicka-skola-karlovac.hr\/struka-i-ti\/wp-content\/uploads\/2023\/01\/okviri.jpg","datePublished":"2023-01-09T13:24:43+00:00","dateModified":"2023-01-12T13:36:53+00:00","author":{"@id":"https:\/\/rck.tehnicka-skola-karlovac.hr\/struka-i-ti\/#\/schema\/person\/585031446d554a86a48d57179b6bfda1"},"breadcrumb":{"@id":"https:\/\/rck.tehnicka-skola-karlovac.hr\/struka-i-ti\/strucno-usavrsavanje-ravnatelja-strucnih-suradnika-nastavnika-i-mentora\/#breadcrumb"},"inLanguage":"hr","potentialAction":[{"@type":"ReadAction","target":["https:\/\/rck.tehnicka-skola-karlovac.hr\/struka-i-ti\/strucno-usavrsavanje-ravnatelja-strucnih-suradnika-nastavnika-i-mentora\/"]}]},{"@type":"ImageObject","inLanguage":"hr","@id":"https:\/\/rck.tehnicka-skola-karlovac.hr\/struka-i-ti\/strucno-usavrsavanje-ravnatelja-strucnih-suradnika-nastavnika-i-mentora\/#primaryimage","url":"https:\/\/rck.tehnicka-skola-karlovac.hr\/struka-i-ti\/wp-content\/uploads\/2023\/01\/okviri.jpg","contentUrl":"https:\/\/rck.tehnicka-skola-karlovac.hr\/struka-i-ti\/wp-content\/uploads\/2023\/01\/okviri.jpg","width":1760,"height":2364},{"@type":"BreadcrumbList","@id":"https:\/\/rck.tehnicka-skola-karlovac.hr\/struka-i-ti\/strucno-usavrsavanje-ravnatelja-strucnih-suradnika-nastavnika-i-mentora\/#breadcrumb","itemListElement":[{"@type":"ListItem","position":1,"name":"Po\u010detna stranica","item":"https:\/\/rck.tehnicka-skola-karlovac.hr\/struka-i-ti\/"},{"@type":"ListItem","position":2,"name":"Stru\u010dno usavr\u0161avanje ravnatelja, stru\u010dnih suradnika, nastavnika i mentora"}]},{"@type":"WebSite","@id":"https:\/\/rck.tehnicka-skola-karlovac.hr\/struka-i-ti\/#website","url":"https:\/\/rck.tehnicka-skola-karlovac.hr\/struka-i-ti\/","name":"STRuKA i TI","description":"Tehni\u010dka \u0161kola Karlovac","potentialAction":[{"@type":"SearchAction","target":{"@type":"EntryPoint","urlTemplate":"https:\/\/rck.tehnicka-skola-karlovac.hr\/struka-i-ti\/?s={search_term_string}"},"query-input":{"@type":"PropertyValueSpecification","valueRequired":true,"valueName":"search_term_string"}}],"inLanguage":"hr"},{"@type":"Person","@id":"https:\/\/rck.tehnicka-skola-karlovac.hr\/struka-i-ti\/#\/schema\/person\/585031446d554a86a48d57179b6bfda1","name":"STRuKA i TI","image":{"@type":"ImageObject","inLanguage":"hr","@id":"https:\/\/secure.gravatar.com\/avatar\/70eb0841c543fac3f70af9f48ec0107ee1c46a76f52504ab46db95419956efea?s=96&d=mm&r=g","url":"https:\/\/secure.gravatar.com\/avatar\/70eb0841c543fac3f70af9f48ec0107ee1c46a76f52504ab46db95419956efea?s=96&d=mm&r=g","contentUrl":"https:\/\/secure.gravatar.com\/avatar\/70eb0841c543fac3f70af9f48ec0107ee1c46a76f52504ab46db95419956efea?s=96&d=mm&r=g","caption":"STRuKA i TI"},"url":"https:\/\/rck.tehnicka-skola-karlovac.hr\/struka-i-ti\/author\/rck-struka\/"}]}},"_links":{"self":[{"href":"https:\/\/rck.tehnicka-skola-karlovac.hr\/struka-i-ti\/wp-json\/wp\/v2\/posts\/905","targetHints":{"allow":["GET"]}}],"collection":[{"href":"https:\/\/rck.tehnicka-skola-karlovac.hr\/struka-i-ti\/wp-json\/wp\/v2\/posts"}],"about":[{"href":"https:\/\/rck.tehnicka-skola-karlovac.hr\/struka-i-ti\/wp-json\/wp\/v2\/types\/post"}],"author":[{"embeddable":true,"href":"https:\/\/rck.tehnicka-skola-karlovac.hr\/struka-i-ti\/wp-json\/wp\/v2\/users\/4"}],"replies":[{"embeddable":true,"href":"https:\/\/rck.tehnicka-skola-karlovac.hr\/struka-i-ti\/wp-json\/wp\/v2\/comments?post=905"}],"version-history":[{"count":2,"href":"https:\/\/rck.tehnicka-skola-karlovac.hr\/struka-i-ti\/wp-json\/wp\/v2\/posts\/905\/revisions"}],"predecessor-version":[{"id":909,"href":"https:\/\/rck.tehnicka-skola-karlovac.hr\/struka-i-ti\/wp-json\/wp\/v2\/posts\/905\/revisions\/909"}],"wp:featuredmedia":[{"embeddable":true,"href":"https:\/\/rck.tehnicka-skola-karlovac.hr\/struka-i-ti\/wp-json\/wp\/v2\/media\/906"}],"wp:attachment":[{"href":"https:\/\/rck.tehnicka-skola-karlovac.hr\/struka-i-ti\/wp-json\/wp\/v2\/media?parent=905"}],"wp:term":[{"taxonomy":"category","embeddable":true,"href":"https:\/\/rck.tehnicka-skola-karlovac.hr\/struka-i-ti\/wp-json\/wp\/v2\/categories?post=905"},{"taxonomy":"post_tag","embeddable":true,"href":"https:\/\/rck.tehnicka-skola-karlovac.hr\/struka-i-ti\/wp-json\/wp\/v2\/tags?post=905"}],"curies":[{"name":"wp","href":"https:\/\/api.w.org\/{rel}","templated":true}]}}