{"id":921,"date":"2023-02-10T12:44:35","date_gmt":"2023-02-10T11:44:35","guid":{"rendered":"https:\/\/rck.tehnicka-skola-karlovac.hr\/struka-i-ti\/?p=921"},"modified":"2023-02-13T12:57:14","modified_gmt":"2023-02-13T11:57:14","slug":"posjete-proizvodnim-pogonima-ttk-d-o-o","status":"publish","type":"post","link":"https:\/\/rck.tehnicka-skola-karlovac.hr\/struka-i-ti\/posjete-proizvodnim-pogonima-ttk-d-o-o\/","title":{"rendered":"Posjete proizvodnim pogonima &#8211; TTK d.o.o."},"content":{"rendered":"<p>U\u010denici zavr\u0161nih razreda O\u0160 Barilovi\u0107, Dragani\u0107i, \u017dakanje, Kamanje i Generalski Stol imali su priliku posjetiti proizvodne pogone TTK d.o.o. i upoznati se sa strojarskim zanimanjima u praksi.<\/p>\n<p>Posjeti su odr\u017eani 23., 24., 25. i 31. sije\u010dnja 2023., a ovom prilikom \u017eelimo naglasiti va\u017enost edukacije i stru\u010dnog usmjeravanja za mlade u podsektoru strojarstva. Tijekom posjeta, u\u010denici su izravno vidjeli kako izgleda proces proizvodnje i saznali o specijaliziranoj opremi te poslovima koje bi mogli raditi u budu\u0107nosti.<\/p>\n<p>Sretni smo \u0161to su u\u010denici generalno pokazali veliki interes za prezentirane procese u pogonu te se nadamo da \u0107e to rezultirati i karijerom u podsektoru strojarstva.<\/p>\n<p>U sklopu posjete proizvodnim pogonima u\u010denika O\u0160 Generalski Stol ispred UUDRH voditelj Karlova\u010dke u\u010deni\u010dke televizije (KA-U\u010c TV-a) Branko Vilus snimio je te izradio promotivni video koji mo\u017eete pogledati na kanalu KA-U\u010c TV-a:<\/p>\n<p><iframe loading=\"lazy\" title=\"U\u010denici zavr\u0161nih razreda O\u0160 Generalski Stol posjetili su proizvodne pogone TTK d.o.o.\" width=\"1080\" height=\"608\" src=\"https:\/\/www.youtube.com\/embed\/ugGION8b75s?start=34&#038;feature=oembed\"  allow=\"accelerometer; autoplay; clipboard-write; encrypted-media; gyroscope; picture-in-picture; web-share\" allowfullscreen><\/iframe><\/p>\n<p><img loading=\"lazy\" decoding=\"async\" class=\"aligncenter wp-image-922 size-large\" src=\"https:\/\/rck.tehnicka-skola-karlovac.hr\/struka-i-ti\/wp-content\/uploads\/2023\/02\/325370595_1133493047335620_1746086833488945848_n-768x1024.jpg\" alt=\"\" width=\"768\" height=\"1024\" \/><\/p>\n<p><img loading=\"lazy\" decoding=\"async\" class=\"aligncenter wp-image-923 size-large\" src=\"https:\/\/rck.tehnicka-skola-karlovac.hr\/struka-i-ti\/wp-content\/uploads\/2023\/02\/322668659_1320666138532423_5823901709543966260_n-768x1024.jpg\" alt=\"\" width=\"768\" height=\"1024\" \/><\/p>\n<p><img loading=\"lazy\" decoding=\"async\" class=\"aligncenter wp-image-925 size-large\" src=\"https:\/\/rck.tehnicka-skola-karlovac.hr\/struka-i-ti\/wp-content\/uploads\/2023\/02\/IMG_20230131_090837-1024x768.jpg\" alt=\"\" width=\"1024\" height=\"768\" \/><\/p>\n<p><img loading=\"lazy\" decoding=\"async\" class=\"aligncenter wp-image-926 size-large\" src=\"https:\/\/rck.tehnicka-skola-karlovac.hr\/struka-i-ti\/wp-content\/uploads\/2023\/02\/IMG_20230131_085019-768x1024.jpg\" alt=\"\" width=\"768\" height=\"1024\" srcset=\"https:\/\/rck.tehnicka-skola-karlovac.hr\/struka-i-ti\/wp-content\/uploads\/2023\/02\/IMG_20230131_085019-768x1024.jpg 768w, https:\/\/rck.tehnicka-skola-karlovac.hr\/struka-i-ti\/wp-content\/uploads\/2023\/02\/IMG_20230131_085019-480x640.jpg 480w\" sizes=\"(min-width: 0px) and (max-width: 480px) 480px, (min-width: 481px) 768px, 100vw\" \/><\/p>\n<p><img loading=\"lazy\" decoding=\"async\" class=\"aligncenter wp-image-927 size-large\" src=\"https:\/\/rck.tehnicka-skola-karlovac.hr\/struka-i-ti\/wp-content\/uploads\/2023\/02\/IMG_20230131_090441-768x1024.jpg\" alt=\"\" width=\"768\" height=\"1024\" srcset=\"https:\/\/rck.tehnicka-skola-karlovac.hr\/struka-i-ti\/wp-content\/uploads\/2023\/02\/IMG_20230131_090441-768x1024.jpg 768w, https:\/\/rck.tehnicka-skola-karlovac.hr\/struka-i-ti\/wp-content\/uploads\/2023\/02\/IMG_20230131_090441-480x640.jpg 480w\" sizes=\"(min-width: 0px) and (max-width: 480px) 480px, (min-width: 481px) 768px, 100vw\" \/><\/p>\n","protected":false},"excerpt":{"rendered":"<p>U\u010denici zavr\u0161nih razreda O\u0160 Barilovi\u0107, Dragani\u0107i, \u017dakanje, Kamanje i Generalski Stol imali su priliku posjetiti proizvodne pogone TTK d.o.o. i upoznati se sa strojarskim zanimanjima u praksi. Posjeti su odr\u017eani 23., 24., 25. i 31. sije\u010dnja 2023., a ovom prilikom \u017eelimo naglasiti va\u017enost edukacije i stru\u010dnog usmjeravanja za mlade u podsektoru strojarstva. Tijekom posjeta, u\u010denici [&hellip;]<\/p>\n","protected":false},"author":4,"featured_media":925,"comment_status":"open","ping_status":"open","sticky":false,"template":"","format":"standard","meta":{"_et_pb_use_builder":"","_et_pb_old_content":"","_et_gb_content_width":"","footnotes":""},"categories":[1],"tags":[],"class_list":["post-921","post","type-post","status-publish","format-standard","has-post-thumbnail","hentry","category-novosti"],"yoast_head":"<!-- This site is optimized with the Yoast SEO plugin v27.3 - https:\/\/yoast.com\/product\/yoast-seo-wordpress\/ -->\n<title>Posjete proizvodnim pogonima - TTK d.o.o. - STRuKA i TI<\/title>\n<meta name=\"robots\" content=\"index, follow, max-snippet:-1, max-image-preview:large, max-video-preview:-1\" \/>\n<link rel=\"canonical\" href=\"https:\/\/rck.tehnicka-skola-karlovac.hr\/struka-i-ti\/posjete-proizvodnim-pogonima-ttk-d-o-o\/\" \/>\n<meta property=\"og:locale\" content=\"hr_HR\" \/>\n<meta property=\"og:type\" content=\"article\" \/>\n<meta property=\"og:title\" content=\"Posjete proizvodnim pogonima - TTK d.o.o. - STRuKA i TI\" \/>\n<meta property=\"og:description\" content=\"U\u010denici zavr\u0161nih razreda O\u0160 Barilovi\u0107, Dragani\u0107i, \u017dakanje, Kamanje i Generalski Stol imali su priliku posjetiti proizvodne pogone TTK d.o.o. i upoznati se sa strojarskim zanimanjima u praksi. Posjeti su odr\u017eani 23., 24., 25. i 31. sije\u010dnja 2023., a ovom prilikom \u017eelimo naglasiti va\u017enost edukacije i stru\u010dnog usmjeravanja za mlade u podsektoru strojarstva. Tijekom posjeta, u\u010denici [&hellip;]\" \/>\n<meta property=\"og:url\" content=\"https:\/\/rck.tehnicka-skola-karlovac.hr\/struka-i-ti\/posjete-proizvodnim-pogonima-ttk-d-o-o\/\" \/>\n<meta property=\"og:site_name\" content=\"STRuKA i TI\" \/>\n<meta property=\"article:published_time\" content=\"2023-02-10T11:44:35+00:00\" \/>\n<meta property=\"article:modified_time\" content=\"2023-02-13T11:57:14+00:00\" \/>\n<meta property=\"og:image\" content=\"https:\/\/rck.tehnicka-skola-karlovac.hr\/struka-i-ti\/wp-content\/uploads\/2023\/02\/IMG_20230131_090837.jpg\" \/>\n\t<meta property=\"og:image:width\" content=\"1600\" \/>\n\t<meta property=\"og:image:height\" content=\"1200\" \/>\n\t<meta property=\"og:image:type\" content=\"image\/jpeg\" \/>\n<meta name=\"author\" content=\"STRuKA i TI\" \/>\n<meta name=\"twitter:card\" content=\"summary_large_image\" \/>\n<meta name=\"twitter:label1\" content=\"Napisao\/la\" \/>\n\t<meta name=\"twitter:data1\" content=\"STRuKA i TI\" \/>\n\t<meta name=\"twitter:label2\" content=\"Procijenjeno vrijeme \u010ditanja\" \/>\n\t<meta name=\"twitter:data2\" content=\"2 minute\" \/>\n<script type=\"application\/ld+json\" class=\"yoast-schema-graph\">{\"@context\":\"https:\\\/\\\/schema.org\",\"@graph\":[{\"@type\":\"Article\",\"@id\":\"https:\\\/\\\/rck.tehnicka-skola-karlovac.hr\\\/struka-i-ti\\\/posjete-proizvodnim-pogonima-ttk-d-o-o\\\/#article\",\"isPartOf\":{\"@id\":\"https:\\\/\\\/rck.tehnicka-skola-karlovac.hr\\\/struka-i-ti\\\/posjete-proizvodnim-pogonima-ttk-d-o-o\\\/\"},\"author\":{\"name\":\"STRuKA i TI\",\"@id\":\"https:\\\/\\\/rck.tehnicka-skola-karlovac.hr\\\/struka-i-ti\\\/#\\\/schema\\\/person\\\/585031446d554a86a48d57179b6bfda1\"},\"headline\":\"Posjete proizvodnim pogonima &#8211; TTK d.o.o.\",\"datePublished\":\"2023-02-10T11:44:35+00:00\",\"dateModified\":\"2023-02-13T11:57:14+00:00\",\"mainEntityOfPage\":{\"@id\":\"https:\\\/\\\/rck.tehnicka-skola-karlovac.hr\\\/struka-i-ti\\\/posjete-proizvodnim-pogonima-ttk-d-o-o\\\/\"},\"wordCount\":165,\"commentCount\":0,\"image\":{\"@id\":\"https:\\\/\\\/rck.tehnicka-skola-karlovac.hr\\\/struka-i-ti\\\/posjete-proizvodnim-pogonima-ttk-d-o-o\\\/#primaryimage\"},\"thumbnailUrl\":\"https:\\\/\\\/rck.tehnicka-skola-karlovac.hr\\\/struka-i-ti\\\/wp-content\\\/uploads\\\/2023\\\/02\\\/IMG_20230131_090837.jpg\",\"articleSection\":[\"Novosti\"],\"inLanguage\":\"hr\",\"potentialAction\":[{\"@type\":\"CommentAction\",\"name\":\"Comment\",\"target\":[\"https:\\\/\\\/rck.tehnicka-skola-karlovac.hr\\\/struka-i-ti\\\/posjete-proizvodnim-pogonima-ttk-d-o-o\\\/#respond\"]}]},{\"@type\":\"WebPage\",\"@id\":\"https:\\\/\\\/rck.tehnicka-skola-karlovac.hr\\\/struka-i-ti\\\/posjete-proizvodnim-pogonima-ttk-d-o-o\\\/\",\"url\":\"https:\\\/\\\/rck.tehnicka-skola-karlovac.hr\\\/struka-i-ti\\\/posjete-proizvodnim-pogonima-ttk-d-o-o\\\/\",\"name\":\"Posjete proizvodnim pogonima - TTK d.o.o. - STRuKA i TI\",\"isPartOf\":{\"@id\":\"https:\\\/\\\/rck.tehnicka-skola-karlovac.hr\\\/struka-i-ti\\\/#website\"},\"primaryImageOfPage\":{\"@id\":\"https:\\\/\\\/rck.tehnicka-skola-karlovac.hr\\\/struka-i-ti\\\/posjete-proizvodnim-pogonima-ttk-d-o-o\\\/#primaryimage\"},\"image\":{\"@id\":\"https:\\\/\\\/rck.tehnicka-skola-karlovac.hr\\\/struka-i-ti\\\/posjete-proizvodnim-pogonima-ttk-d-o-o\\\/#primaryimage\"},\"thumbnailUrl\":\"https:\\\/\\\/rck.tehnicka-skola-karlovac.hr\\\/struka-i-ti\\\/wp-content\\\/uploads\\\/2023\\\/02\\\/IMG_20230131_090837.jpg\",\"datePublished\":\"2023-02-10T11:44:35+00:00\",\"dateModified\":\"2023-02-13T11:57:14+00:00\",\"author\":{\"@id\":\"https:\\\/\\\/rck.tehnicka-skola-karlovac.hr\\\/struka-i-ti\\\/#\\\/schema\\\/person\\\/585031446d554a86a48d57179b6bfda1\"},\"breadcrumb\":{\"@id\":\"https:\\\/\\\/rck.tehnicka-skola-karlovac.hr\\\/struka-i-ti\\\/posjete-proizvodnim-pogonima-ttk-d-o-o\\\/#breadcrumb\"},\"inLanguage\":\"hr\",\"potentialAction\":[{\"@type\":\"ReadAction\",\"target\":[\"https:\\\/\\\/rck.tehnicka-skola-karlovac.hr\\\/struka-i-ti\\\/posjete-proizvodnim-pogonima-ttk-d-o-o\\\/\"]}]},{\"@type\":\"ImageObject\",\"inLanguage\":\"hr\",\"@id\":\"https:\\\/\\\/rck.tehnicka-skola-karlovac.hr\\\/struka-i-ti\\\/posjete-proizvodnim-pogonima-ttk-d-o-o\\\/#primaryimage\",\"url\":\"https:\\\/\\\/rck.tehnicka-skola-karlovac.hr\\\/struka-i-ti\\\/wp-content\\\/uploads\\\/2023\\\/02\\\/IMG_20230131_090837.jpg\",\"contentUrl\":\"https:\\\/\\\/rck.tehnicka-skola-karlovac.hr\\\/struka-i-ti\\\/wp-content\\\/uploads\\\/2023\\\/02\\\/IMG_20230131_090837.jpg\",\"width\":1600,\"height\":1200},{\"@type\":\"BreadcrumbList\",\"@id\":\"https:\\\/\\\/rck.tehnicka-skola-karlovac.hr\\\/struka-i-ti\\\/posjete-proizvodnim-pogonima-ttk-d-o-o\\\/#breadcrumb\",\"itemListElement\":[{\"@type\":\"ListItem\",\"position\":1,\"name\":\"Po\u010detna stranica\",\"item\":\"https:\\\/\\\/rck.tehnicka-skola-karlovac.hr\\\/struka-i-ti\\\/\"},{\"@type\":\"ListItem\",\"position\":2,\"name\":\"Posjete proizvodnim pogonima &#8211; TTK d.o.o.\"}]},{\"@type\":\"WebSite\",\"@id\":\"https:\\\/\\\/rck.tehnicka-skola-karlovac.hr\\\/struka-i-ti\\\/#website\",\"url\":\"https:\\\/\\\/rck.tehnicka-skola-karlovac.hr\\\/struka-i-ti\\\/\",\"name\":\"STRuKA i TI\",\"description\":\"Tehni\u010dka \u0161kola Karlovac\",\"potentialAction\":[{\"@type\":\"SearchAction\",\"target\":{\"@type\":\"EntryPoint\",\"urlTemplate\":\"https:\\\/\\\/rck.tehnicka-skola-karlovac.hr\\\/struka-i-ti\\\/?s={search_term_string}\"},\"query-input\":{\"@type\":\"PropertyValueSpecification\",\"valueRequired\":true,\"valueName\":\"search_term_string\"}}],\"inLanguage\":\"hr\"},{\"@type\":\"Person\",\"@id\":\"https:\\\/\\\/rck.tehnicka-skola-karlovac.hr\\\/struka-i-ti\\\/#\\\/schema\\\/person\\\/585031446d554a86a48d57179b6bfda1\",\"name\":\"STRuKA i TI\",\"image\":{\"@type\":\"ImageObject\",\"inLanguage\":\"hr\",\"@id\":\"https:\\\/\\\/secure.gravatar.com\\\/avatar\\\/70eb0841c543fac3f70af9f48ec0107ee1c46a76f52504ab46db95419956efea?s=96&d=mm&r=g\",\"url\":\"https:\\\/\\\/secure.gravatar.com\\\/avatar\\\/70eb0841c543fac3f70af9f48ec0107ee1c46a76f52504ab46db95419956efea?s=96&d=mm&r=g\",\"contentUrl\":\"https:\\\/\\\/secure.gravatar.com\\\/avatar\\\/70eb0841c543fac3f70af9f48ec0107ee1c46a76f52504ab46db95419956efea?s=96&d=mm&r=g\",\"caption\":\"STRuKA i TI\"},\"url\":\"https:\\\/\\\/rck.tehnicka-skola-karlovac.hr\\\/struka-i-ti\\\/author\\\/rck-struka\\\/\"}]}<\/script>\n<!-- \/ Yoast SEO plugin. -->","yoast_head_json":{"title":"Posjete proizvodnim pogonima - TTK d.o.o. - STRuKA i TI","robots":{"index":"index","follow":"follow","max-snippet":"max-snippet:-1","max-image-preview":"max-image-preview:large","max-video-preview":"max-video-preview:-1"},"canonical":"https:\/\/rck.tehnicka-skola-karlovac.hr\/struka-i-ti\/posjete-proizvodnim-pogonima-ttk-d-o-o\/","og_locale":"hr_HR","og_type":"article","og_title":"Posjete proizvodnim pogonima - TTK d.o.o. - STRuKA i TI","og_description":"U\u010denici zavr\u0161nih razreda O\u0160 Barilovi\u0107, Dragani\u0107i, \u017dakanje, Kamanje i Generalski Stol imali su priliku posjetiti proizvodne pogone TTK d.o.o. i upoznati se sa strojarskim zanimanjima u praksi. Posjeti su odr\u017eani 23., 24., 25. i 31. sije\u010dnja 2023., a ovom prilikom \u017eelimo naglasiti va\u017enost edukacije i stru\u010dnog usmjeravanja za mlade u podsektoru strojarstva. Tijekom posjeta, u\u010denici [&hellip;]","og_url":"https:\/\/rck.tehnicka-skola-karlovac.hr\/struka-i-ti\/posjete-proizvodnim-pogonima-ttk-d-o-o\/","og_site_name":"STRuKA i TI","article_published_time":"2023-02-10T11:44:35+00:00","article_modified_time":"2023-02-13T11:57:14+00:00","og_image":[{"width":1600,"height":1200,"url":"https:\/\/rck.tehnicka-skola-karlovac.hr\/struka-i-ti\/wp-content\/uploads\/2023\/02\/IMG_20230131_090837.jpg","type":"image\/jpeg"}],"author":"STRuKA i TI","twitter_card":"summary_large_image","twitter_misc":{"Napisao\/la":"STRuKA i TI","Procijenjeno vrijeme \u010ditanja":"2 minute"},"schema":{"@context":"https:\/\/schema.org","@graph":[{"@type":"Article","@id":"https:\/\/rck.tehnicka-skola-karlovac.hr\/struka-i-ti\/posjete-proizvodnim-pogonima-ttk-d-o-o\/#article","isPartOf":{"@id":"https:\/\/rck.tehnicka-skola-karlovac.hr\/struka-i-ti\/posjete-proizvodnim-pogonima-ttk-d-o-o\/"},"author":{"name":"STRuKA i TI","@id":"https:\/\/rck.tehnicka-skola-karlovac.hr\/struka-i-ti\/#\/schema\/person\/585031446d554a86a48d57179b6bfda1"},"headline":"Posjete proizvodnim pogonima &#8211; TTK d.o.o.","datePublished":"2023-02-10T11:44:35+00:00","dateModified":"2023-02-13T11:57:14+00:00","mainEntityOfPage":{"@id":"https:\/\/rck.tehnicka-skola-karlovac.hr\/struka-i-ti\/posjete-proizvodnim-pogonima-ttk-d-o-o\/"},"wordCount":165,"commentCount":0,"image":{"@id":"https:\/\/rck.tehnicka-skola-karlovac.hr\/struka-i-ti\/posjete-proizvodnim-pogonima-ttk-d-o-o\/#primaryimage"},"thumbnailUrl":"https:\/\/rck.tehnicka-skola-karlovac.hr\/struka-i-ti\/wp-content\/uploads\/2023\/02\/IMG_20230131_090837.jpg","articleSection":["Novosti"],"inLanguage":"hr","potentialAction":[{"@type":"CommentAction","name":"Comment","target":["https:\/\/rck.tehnicka-skola-karlovac.hr\/struka-i-ti\/posjete-proizvodnim-pogonima-ttk-d-o-o\/#respond"]}]},{"@type":"WebPage","@id":"https:\/\/rck.tehnicka-skola-karlovac.hr\/struka-i-ti\/posjete-proizvodnim-pogonima-ttk-d-o-o\/","url":"https:\/\/rck.tehnicka-skola-karlovac.hr\/struka-i-ti\/posjete-proizvodnim-pogonima-ttk-d-o-o\/","name":"Posjete proizvodnim pogonima - TTK d.o.o. - STRuKA i TI","isPartOf":{"@id":"https:\/\/rck.tehnicka-skola-karlovac.hr\/struka-i-ti\/#website"},"primaryImageOfPage":{"@id":"https:\/\/rck.tehnicka-skola-karlovac.hr\/struka-i-ti\/posjete-proizvodnim-pogonima-ttk-d-o-o\/#primaryimage"},"image":{"@id":"https:\/\/rck.tehnicka-skola-karlovac.hr\/struka-i-ti\/posjete-proizvodnim-pogonima-ttk-d-o-o\/#primaryimage"},"thumbnailUrl":"https:\/\/rck.tehnicka-skola-karlovac.hr\/struka-i-ti\/wp-content\/uploads\/2023\/02\/IMG_20230131_090837.jpg","datePublished":"2023-02-10T11:44:35+00:00","dateModified":"2023-02-13T11:57:14+00:00","author":{"@id":"https:\/\/rck.tehnicka-skola-karlovac.hr\/struka-i-ti\/#\/schema\/person\/585031446d554a86a48d57179b6bfda1"},"breadcrumb":{"@id":"https:\/\/rck.tehnicka-skola-karlovac.hr\/struka-i-ti\/posjete-proizvodnim-pogonima-ttk-d-o-o\/#breadcrumb"},"inLanguage":"hr","potentialAction":[{"@type":"ReadAction","target":["https:\/\/rck.tehnicka-skola-karlovac.hr\/struka-i-ti\/posjete-proizvodnim-pogonima-ttk-d-o-o\/"]}]},{"@type":"ImageObject","inLanguage":"hr","@id":"https:\/\/rck.tehnicka-skola-karlovac.hr\/struka-i-ti\/posjete-proizvodnim-pogonima-ttk-d-o-o\/#primaryimage","url":"https:\/\/rck.tehnicka-skola-karlovac.hr\/struka-i-ti\/wp-content\/uploads\/2023\/02\/IMG_20230131_090837.jpg","contentUrl":"https:\/\/rck.tehnicka-skola-karlovac.hr\/struka-i-ti\/wp-content\/uploads\/2023\/02\/IMG_20230131_090837.jpg","width":1600,"height":1200},{"@type":"BreadcrumbList","@id":"https:\/\/rck.tehnicka-skola-karlovac.hr\/struka-i-ti\/posjete-proizvodnim-pogonima-ttk-d-o-o\/#breadcrumb","itemListElement":[{"@type":"ListItem","position":1,"name":"Po\u010detna stranica","item":"https:\/\/rck.tehnicka-skola-karlovac.hr\/struka-i-ti\/"},{"@type":"ListItem","position":2,"name":"Posjete proizvodnim pogonima &#8211; TTK d.o.o."}]},{"@type":"WebSite","@id":"https:\/\/rck.tehnicka-skola-karlovac.hr\/struka-i-ti\/#website","url":"https:\/\/rck.tehnicka-skola-karlovac.hr\/struka-i-ti\/","name":"STRuKA i TI","description":"Tehni\u010dka \u0161kola Karlovac","potentialAction":[{"@type":"SearchAction","target":{"@type":"EntryPoint","urlTemplate":"https:\/\/rck.tehnicka-skola-karlovac.hr\/struka-i-ti\/?s={search_term_string}"},"query-input":{"@type":"PropertyValueSpecification","valueRequired":true,"valueName":"search_term_string"}}],"inLanguage":"hr"},{"@type":"Person","@id":"https:\/\/rck.tehnicka-skola-karlovac.hr\/struka-i-ti\/#\/schema\/person\/585031446d554a86a48d57179b6bfda1","name":"STRuKA i TI","image":{"@type":"ImageObject","inLanguage":"hr","@id":"https:\/\/secure.gravatar.com\/avatar\/70eb0841c543fac3f70af9f48ec0107ee1c46a76f52504ab46db95419956efea?s=96&d=mm&r=g","url":"https:\/\/secure.gravatar.com\/avatar\/70eb0841c543fac3f70af9f48ec0107ee1c46a76f52504ab46db95419956efea?s=96&d=mm&r=g","contentUrl":"https:\/\/secure.gravatar.com\/avatar\/70eb0841c543fac3f70af9f48ec0107ee1c46a76f52504ab46db95419956efea?s=96&d=mm&r=g","caption":"STRuKA i TI"},"url":"https:\/\/rck.tehnicka-skola-karlovac.hr\/struka-i-ti\/author\/rck-struka\/"}]}},"_links":{"self":[{"href":"https:\/\/rck.tehnicka-skola-karlovac.hr\/struka-i-ti\/wp-json\/wp\/v2\/posts\/921","targetHints":{"allow":["GET"]}}],"collection":[{"href":"https:\/\/rck.tehnicka-skola-karlovac.hr\/struka-i-ti\/wp-json\/wp\/v2\/posts"}],"about":[{"href":"https:\/\/rck.tehnicka-skola-karlovac.hr\/struka-i-ti\/wp-json\/wp\/v2\/types\/post"}],"author":[{"embeddable":true,"href":"https:\/\/rck.tehnicka-skola-karlovac.hr\/struka-i-ti\/wp-json\/wp\/v2\/users\/4"}],"replies":[{"embeddable":true,"href":"https:\/\/rck.tehnicka-skola-karlovac.hr\/struka-i-ti\/wp-json\/wp\/v2\/comments?post=921"}],"version-history":[{"count":1,"href":"https:\/\/rck.tehnicka-skola-karlovac.hr\/struka-i-ti\/wp-json\/wp\/v2\/posts\/921\/revisions"}],"predecessor-version":[{"id":928,"href":"https:\/\/rck.tehnicka-skola-karlovac.hr\/struka-i-ti\/wp-json\/wp\/v2\/posts\/921\/revisions\/928"}],"wp:featuredmedia":[{"embeddable":true,"href":"https:\/\/rck.tehnicka-skola-karlovac.hr\/struka-i-ti\/wp-json\/wp\/v2\/media\/925"}],"wp:attachment":[{"href":"https:\/\/rck.tehnicka-skola-karlovac.hr\/struka-i-ti\/wp-json\/wp\/v2\/media?parent=921"}],"wp:term":[{"taxonomy":"category","embeddable":true,"href":"https:\/\/rck.tehnicka-skola-karlovac.hr\/struka-i-ti\/wp-json\/wp\/v2\/categories?post=921"},{"taxonomy":"post_tag","embeddable":true,"href":"https:\/\/rck.tehnicka-skola-karlovac.hr\/struka-i-ti\/wp-json\/wp\/v2\/tags?post=921"}],"curies":[{"name":"wp","href":"https:\/\/api.w.org\/{rel}","templated":true}]}}