{"id":946,"date":"2023-03-28T13:28:52","date_gmt":"2023-03-28T11:28:52","guid":{"rendered":"https:\/\/rck.tehnicka-skola-karlovac.hr\/struka-i-ti\/?p=946"},"modified":"2023-03-28T13:28:52","modified_gmt":"2023-03-28T11:28:52","slug":"odrzana-izvjestajna-tiskovna-konferencija-za-medije","status":"publish","type":"post","link":"https:\/\/rck.tehnicka-skola-karlovac.hr\/struka-i-ti\/odrzana-izvjestajna-tiskovna-konferencija-za-medije\/","title":{"rendered":"Odr\u017eana izvje\u0161tajna tiskovna konferencija za medije"},"content":{"rendered":"<p>Protekli tjedan odr\u017eana je izvje\u0161tajna konferencija za medije projekta \u201eSTRuKA i TI\u201c na kojoj su predstavljene va\u017ene vijesti za budu\u0107e i sada\u0161nje u\u010denike Tehni\u010dke \u0161kole Karlovac.<\/p>\n<p>Rije\u010d dobrodo\u0161lice i uvodnu rije\u010d o projektu odr\u017eao je ravnatelj Tehni\u010dke \u0161kole Karlovac, Ivan Jankovi\u0107, koji je istaknuo realizirane projekte aktivnosti. Projekt se fokusira na modernizaciju obrazovanja u (pod)sektoru strojarstva, a jedan od klju\u010dnih elemenata projekta je otvaranje Regionalnog centra kompetentnosti u biv\u0161oj Oru\u017eani. Centar \u0107e ponuditi polaznicima najmoderniju strojarsku opremu te znanje koje odgovara potrebama tr\u017ei\u0161ta rada. Pripreme za otvorenje centra su u punom jeku, a do sada su odr\u017eane mnoge aktivnosti kao \u0161to su:<br \/>\n\u2022 Razvoj standarda zanimanja, kvalifikacija i kurikuluma<br \/>\n\u2022 Edukacije za ravnatelje, nastavnike i stru\u010dne suradnike Tehni\u010dke \u0161kole Karlovac i partnerskih \u0161kola na projektu<br \/>\n\u2022 Studijska putovanja s ciljem ja\u010danja kompetencija odgojno-obrazovnih radnika i mentora zaposlenih kod poslodavaca<br \/>\n\u2022 Promocije strukovnih zanimanja u 148 zavr\u0161nih osnovnih \u0161kola na podru\u010dju Karlova\u010dke \u017eupanije<br \/>\n\u2022 Posjete 12 grupa u\u010denika osnovnih \u0161kola uspje\u0161nim tvrtkama Karlova\u010dke \u017eupanije kako bi se upoznali sa strukovnim zanimanjima u praksi<br \/>\n\u2022 Dva sajma strukovnog obrazovanja i dva u\u010deni\u010dka natjecanja.<br \/>\nOve aktivnosti predstavljaju samo dio velikog truda i predanosti koji se ula\u017eu u ostvarivanju ovog projekta, a cilj im je osigurati kvalitetno obrazovanje i pripremiti u\u010denike za uspje\u0161nu karijeru u podru\u010dju strojarstva.<\/p>\n<p>Gradona\u010delnik Damir Mandi\u0107 objasnio je zna\u010daj rekonstrukcije zgrade \u201eOru\u017earne\u201c u kontekstu regeneracije povijesne jezgre: <em>\u201eRegionalni centar kompetentnosti projekt je na koji \u0107e svi uklju\u010deni u njega biti ponosni. On ne vra\u0107a \u017eivot u Zvijezdu samo vizualno, estetski, nego i na razini realnog \u017eivota mladih ljudi, \u0161to je njegova posebna vrijednost. Zato se danas, sutra nemojte libiti govoriti kako ste i vi obnovili Zvijezdu jer to je \u010dinjenica! Svi gradovi su u nekoj fazi natjecanja, svi se ne\u0161to uspore\u0111uju, svi su posebni, a ono \u0161to mi u Karlovcu imamo trebali bi malo glasnije govoriti: s jedne strane tradiciju koja je pozicionirala Karlovac i na razini obrazovanja i industrije, a s druge element inovacija koje dr\u017ee na\u0161 grad. Ovakav projekt, infrastrukturni i obrazovni sigurno \u0107e pozicionirati Karlovac na vi\u0161u razinu \u0161to se ti\u010de obrazovanja i poslovanja, u budu\u0107nosti di\u0107i na vi\u0161u razinu taj element inovativnosti u Karlovcu.&#8221;<\/em><\/p>\n<p>Vesna Hajsan Dolinar, zamjenica \u017eupana Karlova\u010dke \u017eupanije, istaknula je posebnosti Regionalnog centra kompetentnosti Tehni\u010dke \u0161kole Karlovac te se osvrnula i na infrastrukturu <em>&#8220;Nedavno je postavljena prva deka, a u travnju se o\u010dekuje postavljanje druge deke. Ukoliko \u0107e radovi i\u0107i prema planu, u jesen \u0107emo imati zavr\u0161etak radova.&#8221;.<\/em><\/p>\n<p><img loading=\"lazy\" decoding=\"async\" class=\"aligncenter wp-image-947 size-large\" src=\"https:\/\/rck.tehnicka-skola-karlovac.hr\/struka-i-ti\/wp-content\/uploads\/2023\/03\/1-1024x683.jpg\" alt=\"\" width=\"1024\" height=\"683\" \/><\/p>\n<p><img loading=\"lazy\" decoding=\"async\" class=\"aligncenter wp-image-949 size-large\" src=\"https:\/\/rck.tehnicka-skola-karlovac.hr\/struka-i-ti\/wp-content\/uploads\/2023\/03\/4-1024x683.jpg\" alt=\"\" width=\"1024\" height=\"683\" \/><\/p>\n<p><img loading=\"lazy\" decoding=\"async\" class=\"aligncenter wp-image-948 size-large\" src=\"https:\/\/rck.tehnicka-skola-karlovac.hr\/struka-i-ti\/wp-content\/uploads\/2023\/03\/2-1024x683.jpg\" alt=\"\" width=\"1024\" height=\"683\" \/><\/p>\n","protected":false},"excerpt":{"rendered":"<p>Protekli tjedan odr\u017eana je izvje\u0161tajna konferencija za medije projekta \u201eSTRuKA i TI\u201c na kojoj su predstavljene va\u017ene vijesti za budu\u0107e i sada\u0161nje u\u010denike Tehni\u010dke \u0161kole Karlovac. Rije\u010d dobrodo\u0161lice i uvodnu rije\u010d o projektu odr\u017eao je ravnatelj Tehni\u010dke \u0161kole Karlovac, Ivan Jankovi\u0107, koji je istaknuo realizirane projekte aktivnosti. Projekt se fokusira na modernizaciju obrazovanja u (pod)sektoru [&hellip;]<\/p>\n","protected":false},"author":4,"featured_media":947,"comment_status":"open","ping_status":"open","sticky":false,"template":"","format":"standard","meta":{"_et_pb_use_builder":"","_et_pb_old_content":"","_et_gb_content_width":"","footnotes":""},"categories":[1],"tags":[],"class_list":["post-946","post","type-post","status-publish","format-standard","has-post-thumbnail","hentry","category-novosti"],"yoast_head":"<!-- This site is optimized with the Yoast SEO plugin v27.3 - https:\/\/yoast.com\/product\/yoast-seo-wordpress\/ -->\n<title>Odr\u017eana izvje\u0161tajna tiskovna konferencija za medije - STRuKA i TI<\/title>\n<meta name=\"robots\" content=\"index, follow, max-snippet:-1, max-image-preview:large, max-video-preview:-1\" \/>\n<link rel=\"canonical\" href=\"https:\/\/rck.tehnicka-skola-karlovac.hr\/struka-i-ti\/odrzana-izvjestajna-tiskovna-konferencija-za-medije\/\" \/>\n<meta property=\"og:locale\" content=\"hr_HR\" \/>\n<meta property=\"og:type\" content=\"article\" \/>\n<meta property=\"og:title\" content=\"Odr\u017eana izvje\u0161tajna tiskovna konferencija za medije - STRuKA i TI\" \/>\n<meta property=\"og:description\" content=\"Protekli tjedan odr\u017eana je izvje\u0161tajna konferencija za medije projekta \u201eSTRuKA i TI\u201c na kojoj su predstavljene va\u017ene vijesti za budu\u0107e i sada\u0161nje u\u010denike Tehni\u010dke \u0161kole Karlovac. Rije\u010d dobrodo\u0161lice i uvodnu rije\u010d o projektu odr\u017eao je ravnatelj Tehni\u010dke \u0161kole Karlovac, Ivan Jankovi\u0107, koji je istaknuo realizirane projekte aktivnosti. Projekt se fokusira na modernizaciju obrazovanja u (pod)sektoru [&hellip;]\" \/>\n<meta property=\"og:url\" content=\"https:\/\/rck.tehnicka-skola-karlovac.hr\/struka-i-ti\/odrzana-izvjestajna-tiskovna-konferencija-za-medije\/\" \/>\n<meta property=\"og:site_name\" content=\"STRuKA i TI\" \/>\n<meta property=\"article:published_time\" content=\"2023-03-28T11:28:52+00:00\" \/>\n<meta property=\"og:image\" content=\"https:\/\/rck.tehnicka-skola-karlovac.hr\/struka-i-ti\/wp-content\/uploads\/2023\/03\/1.jpg\" \/>\n\t<meta property=\"og:image:width\" content=\"2400\" \/>\n\t<meta property=\"og:image:height\" content=\"1600\" \/>\n\t<meta property=\"og:image:type\" content=\"image\/jpeg\" \/>\n<meta name=\"author\" content=\"STRuKA i TI\" \/>\n<meta name=\"twitter:card\" content=\"summary_large_image\" \/>\n<meta name=\"twitter:label1\" content=\"Napisao\/la\" \/>\n\t<meta name=\"twitter:data1\" content=\"STRuKA i TI\" \/>\n\t<meta name=\"twitter:label2\" content=\"Procijenjeno vrijeme \u010ditanja\" \/>\n\t<meta name=\"twitter:data2\" content=\"3 minute\" \/>\n<script type=\"application\/ld+json\" class=\"yoast-schema-graph\">{\"@context\":\"https:\\\/\\\/schema.org\",\"@graph\":[{\"@type\":\"Article\",\"@id\":\"https:\\\/\\\/rck.tehnicka-skola-karlovac.hr\\\/struka-i-ti\\\/odrzana-izvjestajna-tiskovna-konferencija-za-medije\\\/#article\",\"isPartOf\":{\"@id\":\"https:\\\/\\\/rck.tehnicka-skola-karlovac.hr\\\/struka-i-ti\\\/odrzana-izvjestajna-tiskovna-konferencija-za-medije\\\/\"},\"author\":{\"name\":\"STRuKA i TI\",\"@id\":\"https:\\\/\\\/rck.tehnicka-skola-karlovac.hr\\\/struka-i-ti\\\/#\\\/schema\\\/person\\\/585031446d554a86a48d57179b6bfda1\"},\"headline\":\"Odr\u017eana izvje\u0161tajna tiskovna konferencija za medije\",\"datePublished\":\"2023-03-28T11:28:52+00:00\",\"mainEntityOfPage\":{\"@id\":\"https:\\\/\\\/rck.tehnicka-skola-karlovac.hr\\\/struka-i-ti\\\/odrzana-izvjestajna-tiskovna-konferencija-za-medije\\\/\"},\"wordCount\":455,\"commentCount\":0,\"image\":{\"@id\":\"https:\\\/\\\/rck.tehnicka-skola-karlovac.hr\\\/struka-i-ti\\\/odrzana-izvjestajna-tiskovna-konferencija-za-medije\\\/#primaryimage\"},\"thumbnailUrl\":\"https:\\\/\\\/rck.tehnicka-skola-karlovac.hr\\\/struka-i-ti\\\/wp-content\\\/uploads\\\/2023\\\/03\\\/1.jpg\",\"articleSection\":[\"Novosti\"],\"inLanguage\":\"hr\",\"potentialAction\":[{\"@type\":\"CommentAction\",\"name\":\"Comment\",\"target\":[\"https:\\\/\\\/rck.tehnicka-skola-karlovac.hr\\\/struka-i-ti\\\/odrzana-izvjestajna-tiskovna-konferencija-za-medije\\\/#respond\"]}]},{\"@type\":\"WebPage\",\"@id\":\"https:\\\/\\\/rck.tehnicka-skola-karlovac.hr\\\/struka-i-ti\\\/odrzana-izvjestajna-tiskovna-konferencija-za-medije\\\/\",\"url\":\"https:\\\/\\\/rck.tehnicka-skola-karlovac.hr\\\/struka-i-ti\\\/odrzana-izvjestajna-tiskovna-konferencija-za-medije\\\/\",\"name\":\"Odr\u017eana izvje\u0161tajna tiskovna konferencija za medije - STRuKA i TI\",\"isPartOf\":{\"@id\":\"https:\\\/\\\/rck.tehnicka-skola-karlovac.hr\\\/struka-i-ti\\\/#website\"},\"primaryImageOfPage\":{\"@id\":\"https:\\\/\\\/rck.tehnicka-skola-karlovac.hr\\\/struka-i-ti\\\/odrzana-izvjestajna-tiskovna-konferencija-za-medije\\\/#primaryimage\"},\"image\":{\"@id\":\"https:\\\/\\\/rck.tehnicka-skola-karlovac.hr\\\/struka-i-ti\\\/odrzana-izvjestajna-tiskovna-konferencija-za-medije\\\/#primaryimage\"},\"thumbnailUrl\":\"https:\\\/\\\/rck.tehnicka-skola-karlovac.hr\\\/struka-i-ti\\\/wp-content\\\/uploads\\\/2023\\\/03\\\/1.jpg\",\"datePublished\":\"2023-03-28T11:28:52+00:00\",\"author\":{\"@id\":\"https:\\\/\\\/rck.tehnicka-skola-karlovac.hr\\\/struka-i-ti\\\/#\\\/schema\\\/person\\\/585031446d554a86a48d57179b6bfda1\"},\"breadcrumb\":{\"@id\":\"https:\\\/\\\/rck.tehnicka-skola-karlovac.hr\\\/struka-i-ti\\\/odrzana-izvjestajna-tiskovna-konferencija-za-medije\\\/#breadcrumb\"},\"inLanguage\":\"hr\",\"potentialAction\":[{\"@type\":\"ReadAction\",\"target\":[\"https:\\\/\\\/rck.tehnicka-skola-karlovac.hr\\\/struka-i-ti\\\/odrzana-izvjestajna-tiskovna-konferencija-za-medije\\\/\"]}]},{\"@type\":\"ImageObject\",\"inLanguage\":\"hr\",\"@id\":\"https:\\\/\\\/rck.tehnicka-skola-karlovac.hr\\\/struka-i-ti\\\/odrzana-izvjestajna-tiskovna-konferencija-za-medije\\\/#primaryimage\",\"url\":\"https:\\\/\\\/rck.tehnicka-skola-karlovac.hr\\\/struka-i-ti\\\/wp-content\\\/uploads\\\/2023\\\/03\\\/1.jpg\",\"contentUrl\":\"https:\\\/\\\/rck.tehnicka-skola-karlovac.hr\\\/struka-i-ti\\\/wp-content\\\/uploads\\\/2023\\\/03\\\/1.jpg\",\"width\":2400,\"height\":1600},{\"@type\":\"BreadcrumbList\",\"@id\":\"https:\\\/\\\/rck.tehnicka-skola-karlovac.hr\\\/struka-i-ti\\\/odrzana-izvjestajna-tiskovna-konferencija-za-medije\\\/#breadcrumb\",\"itemListElement\":[{\"@type\":\"ListItem\",\"position\":1,\"name\":\"Po\u010detna stranica\",\"item\":\"https:\\\/\\\/rck.tehnicka-skola-karlovac.hr\\\/struka-i-ti\\\/\"},{\"@type\":\"ListItem\",\"position\":2,\"name\":\"Odr\u017eana izvje\u0161tajna tiskovna konferencija za medije\"}]},{\"@type\":\"WebSite\",\"@id\":\"https:\\\/\\\/rck.tehnicka-skola-karlovac.hr\\\/struka-i-ti\\\/#website\",\"url\":\"https:\\\/\\\/rck.tehnicka-skola-karlovac.hr\\\/struka-i-ti\\\/\",\"name\":\"STRuKA i TI\",\"description\":\"Tehni\u010dka \u0161kola Karlovac\",\"potentialAction\":[{\"@type\":\"SearchAction\",\"target\":{\"@type\":\"EntryPoint\",\"urlTemplate\":\"https:\\\/\\\/rck.tehnicka-skola-karlovac.hr\\\/struka-i-ti\\\/?s={search_term_string}\"},\"query-input\":{\"@type\":\"PropertyValueSpecification\",\"valueRequired\":true,\"valueName\":\"search_term_string\"}}],\"inLanguage\":\"hr\"},{\"@type\":\"Person\",\"@id\":\"https:\\\/\\\/rck.tehnicka-skola-karlovac.hr\\\/struka-i-ti\\\/#\\\/schema\\\/person\\\/585031446d554a86a48d57179b6bfda1\",\"name\":\"STRuKA i TI\",\"image\":{\"@type\":\"ImageObject\",\"inLanguage\":\"hr\",\"@id\":\"https:\\\/\\\/secure.gravatar.com\\\/avatar\\\/70eb0841c543fac3f70af9f48ec0107ee1c46a76f52504ab46db95419956efea?s=96&d=mm&r=g\",\"url\":\"https:\\\/\\\/secure.gravatar.com\\\/avatar\\\/70eb0841c543fac3f70af9f48ec0107ee1c46a76f52504ab46db95419956efea?s=96&d=mm&r=g\",\"contentUrl\":\"https:\\\/\\\/secure.gravatar.com\\\/avatar\\\/70eb0841c543fac3f70af9f48ec0107ee1c46a76f52504ab46db95419956efea?s=96&d=mm&r=g\",\"caption\":\"STRuKA i TI\"},\"url\":\"https:\\\/\\\/rck.tehnicka-skola-karlovac.hr\\\/struka-i-ti\\\/author\\\/rck-struka\\\/\"}]}<\/script>\n<!-- \/ Yoast SEO plugin. -->","yoast_head_json":{"title":"Odr\u017eana izvje\u0161tajna tiskovna konferencija za medije - STRuKA i TI","robots":{"index":"index","follow":"follow","max-snippet":"max-snippet:-1","max-image-preview":"max-image-preview:large","max-video-preview":"max-video-preview:-1"},"canonical":"https:\/\/rck.tehnicka-skola-karlovac.hr\/struka-i-ti\/odrzana-izvjestajna-tiskovna-konferencija-za-medije\/","og_locale":"hr_HR","og_type":"article","og_title":"Odr\u017eana izvje\u0161tajna tiskovna konferencija za medije - STRuKA i TI","og_description":"Protekli tjedan odr\u017eana je izvje\u0161tajna konferencija za medije projekta \u201eSTRuKA i TI\u201c na kojoj su predstavljene va\u017ene vijesti za budu\u0107e i sada\u0161nje u\u010denike Tehni\u010dke \u0161kole Karlovac. Rije\u010d dobrodo\u0161lice i uvodnu rije\u010d o projektu odr\u017eao je ravnatelj Tehni\u010dke \u0161kole Karlovac, Ivan Jankovi\u0107, koji je istaknuo realizirane projekte aktivnosti. Projekt se fokusira na modernizaciju obrazovanja u (pod)sektoru [&hellip;]","og_url":"https:\/\/rck.tehnicka-skola-karlovac.hr\/struka-i-ti\/odrzana-izvjestajna-tiskovna-konferencija-za-medije\/","og_site_name":"STRuKA i TI","article_published_time":"2023-03-28T11:28:52+00:00","og_image":[{"width":2400,"height":1600,"url":"https:\/\/rck.tehnicka-skola-karlovac.hr\/struka-i-ti\/wp-content\/uploads\/2023\/03\/1.jpg","type":"image\/jpeg"}],"author":"STRuKA i TI","twitter_card":"summary_large_image","twitter_misc":{"Napisao\/la":"STRuKA i TI","Procijenjeno vrijeme \u010ditanja":"3 minute"},"schema":{"@context":"https:\/\/schema.org","@graph":[{"@type":"Article","@id":"https:\/\/rck.tehnicka-skola-karlovac.hr\/struka-i-ti\/odrzana-izvjestajna-tiskovna-konferencija-za-medije\/#article","isPartOf":{"@id":"https:\/\/rck.tehnicka-skola-karlovac.hr\/struka-i-ti\/odrzana-izvjestajna-tiskovna-konferencija-za-medije\/"},"author":{"name":"STRuKA i TI","@id":"https:\/\/rck.tehnicka-skola-karlovac.hr\/struka-i-ti\/#\/schema\/person\/585031446d554a86a48d57179b6bfda1"},"headline":"Odr\u017eana izvje\u0161tajna tiskovna konferencija za medije","datePublished":"2023-03-28T11:28:52+00:00","mainEntityOfPage":{"@id":"https:\/\/rck.tehnicka-skola-karlovac.hr\/struka-i-ti\/odrzana-izvjestajna-tiskovna-konferencija-za-medije\/"},"wordCount":455,"commentCount":0,"image":{"@id":"https:\/\/rck.tehnicka-skola-karlovac.hr\/struka-i-ti\/odrzana-izvjestajna-tiskovna-konferencija-za-medije\/#primaryimage"},"thumbnailUrl":"https:\/\/rck.tehnicka-skola-karlovac.hr\/struka-i-ti\/wp-content\/uploads\/2023\/03\/1.jpg","articleSection":["Novosti"],"inLanguage":"hr","potentialAction":[{"@type":"CommentAction","name":"Comment","target":["https:\/\/rck.tehnicka-skola-karlovac.hr\/struka-i-ti\/odrzana-izvjestajna-tiskovna-konferencija-za-medije\/#respond"]}]},{"@type":"WebPage","@id":"https:\/\/rck.tehnicka-skola-karlovac.hr\/struka-i-ti\/odrzana-izvjestajna-tiskovna-konferencija-za-medije\/","url":"https:\/\/rck.tehnicka-skola-karlovac.hr\/struka-i-ti\/odrzana-izvjestajna-tiskovna-konferencija-za-medije\/","name":"Odr\u017eana izvje\u0161tajna tiskovna konferencija za medije - STRuKA i TI","isPartOf":{"@id":"https:\/\/rck.tehnicka-skola-karlovac.hr\/struka-i-ti\/#website"},"primaryImageOfPage":{"@id":"https:\/\/rck.tehnicka-skola-karlovac.hr\/struka-i-ti\/odrzana-izvjestajna-tiskovna-konferencija-za-medije\/#primaryimage"},"image":{"@id":"https:\/\/rck.tehnicka-skola-karlovac.hr\/struka-i-ti\/odrzana-izvjestajna-tiskovna-konferencija-za-medije\/#primaryimage"},"thumbnailUrl":"https:\/\/rck.tehnicka-skola-karlovac.hr\/struka-i-ti\/wp-content\/uploads\/2023\/03\/1.jpg","datePublished":"2023-03-28T11:28:52+00:00","author":{"@id":"https:\/\/rck.tehnicka-skola-karlovac.hr\/struka-i-ti\/#\/schema\/person\/585031446d554a86a48d57179b6bfda1"},"breadcrumb":{"@id":"https:\/\/rck.tehnicka-skola-karlovac.hr\/struka-i-ti\/odrzana-izvjestajna-tiskovna-konferencija-za-medije\/#breadcrumb"},"inLanguage":"hr","potentialAction":[{"@type":"ReadAction","target":["https:\/\/rck.tehnicka-skola-karlovac.hr\/struka-i-ti\/odrzana-izvjestajna-tiskovna-konferencija-za-medije\/"]}]},{"@type":"ImageObject","inLanguage":"hr","@id":"https:\/\/rck.tehnicka-skola-karlovac.hr\/struka-i-ti\/odrzana-izvjestajna-tiskovna-konferencija-za-medije\/#primaryimage","url":"https:\/\/rck.tehnicka-skola-karlovac.hr\/struka-i-ti\/wp-content\/uploads\/2023\/03\/1.jpg","contentUrl":"https:\/\/rck.tehnicka-skola-karlovac.hr\/struka-i-ti\/wp-content\/uploads\/2023\/03\/1.jpg","width":2400,"height":1600},{"@type":"BreadcrumbList","@id":"https:\/\/rck.tehnicka-skola-karlovac.hr\/struka-i-ti\/odrzana-izvjestajna-tiskovna-konferencija-za-medije\/#breadcrumb","itemListElement":[{"@type":"ListItem","position":1,"name":"Po\u010detna stranica","item":"https:\/\/rck.tehnicka-skola-karlovac.hr\/struka-i-ti\/"},{"@type":"ListItem","position":2,"name":"Odr\u017eana izvje\u0161tajna tiskovna konferencija za medije"}]},{"@type":"WebSite","@id":"https:\/\/rck.tehnicka-skola-karlovac.hr\/struka-i-ti\/#website","url":"https:\/\/rck.tehnicka-skola-karlovac.hr\/struka-i-ti\/","name":"STRuKA i TI","description":"Tehni\u010dka \u0161kola Karlovac","potentialAction":[{"@type":"SearchAction","target":{"@type":"EntryPoint","urlTemplate":"https:\/\/rck.tehnicka-skola-karlovac.hr\/struka-i-ti\/?s={search_term_string}"},"query-input":{"@type":"PropertyValueSpecification","valueRequired":true,"valueName":"search_term_string"}}],"inLanguage":"hr"},{"@type":"Person","@id":"https:\/\/rck.tehnicka-skola-karlovac.hr\/struka-i-ti\/#\/schema\/person\/585031446d554a86a48d57179b6bfda1","name":"STRuKA i TI","image":{"@type":"ImageObject","inLanguage":"hr","@id":"https:\/\/secure.gravatar.com\/avatar\/70eb0841c543fac3f70af9f48ec0107ee1c46a76f52504ab46db95419956efea?s=96&d=mm&r=g","url":"https:\/\/secure.gravatar.com\/avatar\/70eb0841c543fac3f70af9f48ec0107ee1c46a76f52504ab46db95419956efea?s=96&d=mm&r=g","contentUrl":"https:\/\/secure.gravatar.com\/avatar\/70eb0841c543fac3f70af9f48ec0107ee1c46a76f52504ab46db95419956efea?s=96&d=mm&r=g","caption":"STRuKA i TI"},"url":"https:\/\/rck.tehnicka-skola-karlovac.hr\/struka-i-ti\/author\/rck-struka\/"}]}},"_links":{"self":[{"href":"https:\/\/rck.tehnicka-skola-karlovac.hr\/struka-i-ti\/wp-json\/wp\/v2\/posts\/946","targetHints":{"allow":["GET"]}}],"collection":[{"href":"https:\/\/rck.tehnicka-skola-karlovac.hr\/struka-i-ti\/wp-json\/wp\/v2\/posts"}],"about":[{"href":"https:\/\/rck.tehnicka-skola-karlovac.hr\/struka-i-ti\/wp-json\/wp\/v2\/types\/post"}],"author":[{"embeddable":true,"href":"https:\/\/rck.tehnicka-skola-karlovac.hr\/struka-i-ti\/wp-json\/wp\/v2\/users\/4"}],"replies":[{"embeddable":true,"href":"https:\/\/rck.tehnicka-skola-karlovac.hr\/struka-i-ti\/wp-json\/wp\/v2\/comments?post=946"}],"version-history":[{"count":1,"href":"https:\/\/rck.tehnicka-skola-karlovac.hr\/struka-i-ti\/wp-json\/wp\/v2\/posts\/946\/revisions"}],"predecessor-version":[{"id":950,"href":"https:\/\/rck.tehnicka-skola-karlovac.hr\/struka-i-ti\/wp-json\/wp\/v2\/posts\/946\/revisions\/950"}],"wp:featuredmedia":[{"embeddable":true,"href":"https:\/\/rck.tehnicka-skola-karlovac.hr\/struka-i-ti\/wp-json\/wp\/v2\/media\/947"}],"wp:attachment":[{"href":"https:\/\/rck.tehnicka-skola-karlovac.hr\/struka-i-ti\/wp-json\/wp\/v2\/media?parent=946"}],"wp:term":[{"taxonomy":"category","embeddable":true,"href":"https:\/\/rck.tehnicka-skola-karlovac.hr\/struka-i-ti\/wp-json\/wp\/v2\/categories?post=946"},{"taxonomy":"post_tag","embeddable":true,"href":"https:\/\/rck.tehnicka-skola-karlovac.hr\/struka-i-ti\/wp-json\/wp\/v2\/tags?post=946"}],"curies":[{"name":"wp","href":"https:\/\/api.w.org\/{rel}","templated":true}]}}